{"id":855,"date":"2017-04-12T14:34:00","date_gmt":"2017-04-12T17:34:00","guid":{"rendered":"http:\/\/www.moreiramenezes.com.br\/?post_type=publicacoes&amp;p=855"},"modified":"2017-04-12T14:34:00","modified_gmt":"2017-04-12T17:34:00","slug":"socio-de-moreira-menezes-martins-miranda-advogados-participara-como-palestrante-no-evento-os-efeitos-da-recuperacao-judicial-nas-companhias-abertas-organizado-pela-comissao-de-val","status":"publish","type":"post","link":"https:\/\/moreiramenezes.com.br\/en\/socio-de-moreira-menezes-martins-miranda-advogados-participara-como-palestrante-no-evento-os-efeitos-da-recuperacao-judicial-nas-companhias-abertas-organizado-pela-comissao-de-val\/","title":{"rendered":"S\u00f3cio de Moreira Menezes, Martins Advogados participar\u00e1 como palestrante no evento \u201cOs Efeitos da Recupera\u00e7\u00e3o Judicial nas Companhias Abertas\u201d, organizado pela Comiss\u00e3o de Valores Mobili\u00e1rios."},"content":{"rendered":"<p><span id=\"fbPhotoSnowliftCaption\" class=\"fbPhotosPhotoCaption\" tabindex=\"0\" data-ft=\"{&quot;tn&quot;:&quot;K&quot;}\"><span class=\"hasCaption\">No dia 19 de abril de 2017, a Comiss\u00e3o de Valores Mobili\u00e1rios &#8211; CVM realizar\u00e1 o evento \u201cOs Efeitos da Recupera\u00e7\u00e3o Judicial nas Companhias\u201d, que ter\u00e1 como palestrante Mauricio Moreira Menezes, s\u00f3cio de Moreira Menezes, Martins Advogados, dentre outros renomados especialistas em Direito Empresarial.<br \/>\n<\/span><\/span><\/p>\n<p><span id=\"fbPhotoSnowliftCaption\" class=\"fbPhotosPhotoCaption\" tabindex=\"0\" data-ft=\"{&quot;tn&quot;:&quot;K&quot;}\"><span class=\"hasCaption\">Maiores informa\u00e7\u00f5es sobre a programa\u00e7\u00e3o do evento podem ser obtidas no banner de divulga\u00e7\u00e3o abaixo reproduzido:<\/span><\/span><br \/>\n<a href=\"https:\/\/moreiramenezes.com.br\/wp-content\/uploads\/2017\/04\/palestra-cvm.jpg\"><img fetchpriority=\"high\" decoding=\"async\" class=\"alignleft wp-image-856\" src=\"https:\/\/moreiramenezes.com.br\/wp-content\/uploads\/2017\/04\/palestra-cvm-136x300.jpg\" alt=\"palestra cvm\" width=\"199\" height=\"439\" \/><\/a><\/p>","protected":false},"excerpt":{"rendered":"<p>No dia 19 de abril de 2017, a Comiss\u00e3o de Valores Mobili\u00e1rios &#8211; CVM realizar\u00e1 o evento \u201cOs Efeitos da Recupera\u00e7\u00e3o Judicial nas Companhias\u201d, que ter\u00e1 como palestrante Mauricio Moreira Menezes, s\u00f3cio de Moreira Menezes, Martins Advogados, dentre outros renomados especialistas em Direito Empresarial. Maiores informa\u00e7\u00f5es sobre a programa\u00e7\u00e3o do evento podem ser obtidas no [&hellip;]<\/p>","protected":false},"author":1,"featured_media":0,"comment_status":"closed","ping_status":"closed","sticky":false,"template":"","format":"standard","meta":{"footnotes":""},"categories":[5],"tags":[],"class_list":["post-855","post","type-post","status-publish","format-standard","hentry","category-noticias"],"yoast_head":"<!-- This site is optimized with the Yoast SEO plugin v26.9 - https:\/\/yoast.com\/product\/yoast-seo-wordpress\/ -->\n<title>S\u00f3cio de Moreira Menezes, Martins Advogados participar\u00e1 como palestrante no evento \u201cOs Efeitos da Recupera\u00e7\u00e3o Judicial nas Companhias Abertas\u201d, organizado pela Comiss\u00e3o de Valores Mobili\u00e1rios. - Moreira Menezes Martins<\/title>\n<meta name=\"robots\" content=\"index, follow, max-snippet:-1, max-image-preview:large, max-video-preview:-1\" \/>\n<link rel=\"canonical\" href=\"https:\/\/moreiramenezes.com.br\/en\/socio-de-moreira-menezes-martins-miranda-advogados-participara-como-palestrante-no-evento-os-efeitos-da-recuperacao-judicial-nas-companhias-abertas-organizado-pela-comissao-de-val\/\" \/>\n<meta property=\"og:locale\" content=\"en_US\" \/>\n<meta property=\"og:type\" content=\"article\" \/>\n<meta property=\"og:title\" content=\"S\u00f3cio de Moreira Menezes, Martins Advogados participar\u00e1 como palestrante no evento \u201cOs Efeitos da Recupera\u00e7\u00e3o Judicial nas Companhias Abertas\u201d, organizado pela Comiss\u00e3o de Valores Mobili\u00e1rios. - Moreira Menezes Martins\" \/>\n<meta property=\"og:description\" content=\"No dia 19 de abril de 2017, a Comiss\u00e3o de Valores Mobili\u00e1rios &#8211; CVM realizar\u00e1 o evento \u201cOs Efeitos da Recupera\u00e7\u00e3o Judicial nas Companhias\u201d, que ter\u00e1 como palestrante Mauricio Moreira Menezes, s\u00f3cio de Moreira Menezes, Martins Advogados, dentre outros renomados especialistas em Direito Empresarial. Maiores informa\u00e7\u00f5es sobre a programa\u00e7\u00e3o do evento podem ser obtidas no [&hellip;]\" \/>\n<meta property=\"og:url\" content=\"https:\/\/moreiramenezes.com.br\/en\/socio-de-moreira-menezes-martins-miranda-advogados-participara-como-palestrante-no-evento-os-efeitos-da-recuperacao-judicial-nas-companhias-abertas-organizado-pela-comissao-de-val\/\" \/>\n<meta property=\"og:site_name\" content=\"Moreira Menezes Martins\" \/>\n<meta property=\"article:published_time\" content=\"2017-04-12T17:34:00+00:00\" \/>\n<meta property=\"og:image\" content=\"https:\/\/moreiramenezes.com.br\/wp-content\/uploads\/2017\/04\/palestra-cvm-136x300.jpg\" \/>\n<meta name=\"author\" content=\"mmm\" \/>\n<meta name=\"twitter:card\" content=\"summary_large_image\" \/>\n<meta name=\"twitter:label1\" content=\"Written by\" \/>\n\t<meta name=\"twitter:data1\" content=\"mmm\" \/>\n<script type=\"application\/ld+json\" class=\"yoast-schema-graph\">{\"@context\":\"https:\/\/schema.org\",\"@graph\":[{\"@type\":\"Article\",\"@id\":\"https:\/\/moreiramenezes.com.br\/socio-de-moreira-menezes-martins-miranda-advogados-participara-como-palestrante-no-evento-os-efeitos-da-recuperacao-judicial-nas-companhias-abertas-organizado-pela-comissao-de-val\/#article\",\"isPartOf\":{\"@id\":\"https:\/\/moreiramenezes.com.br\/socio-de-moreira-menezes-martins-miranda-advogados-participara-como-palestrante-no-evento-os-efeitos-da-recuperacao-judicial-nas-companhias-abertas-organizado-pela-comissao-de-val\/\"},\"author\":{\"name\":\"mmm\",\"@id\":\"https:\/\/moreiramenezes.com.br\/#\/schema\/person\/d525376b6c67f0d68e4dfc4475c65d78\"},\"headline\":\"S\u00f3cio de Moreira Menezes, Martins Advogados participar\u00e1 como palestrante no evento \u201cOs Efeitos da Recupera\u00e7\u00e3o Judicial nas Companhias Abertas\u201d, organizado pela Comiss\u00e3o de Valores Mobili\u00e1rios.\",\"datePublished\":\"2017-04-12T17:34:00+00:00\",\"mainEntityOfPage\":{\"@id\":\"https:\/\/moreiramenezes.com.br\/socio-de-moreira-menezes-martins-miranda-advogados-participara-como-palestrante-no-evento-os-efeitos-da-recuperacao-judicial-nas-companhias-abertas-organizado-pela-comissao-de-val\/\"},\"wordCount\":94,\"image\":{\"@id\":\"https:\/\/moreiramenezes.com.br\/socio-de-moreira-menezes-martins-miranda-advogados-participara-como-palestrante-no-evento-os-efeitos-da-recuperacao-judicial-nas-companhias-abertas-organizado-pela-comissao-de-val\/#primaryimage\"},\"thumbnailUrl\":\"https:\/\/moreiramenezes.com.br\/wp-content\/uploads\/2017\/04\/palestra-cvm-136x300.jpg\",\"articleSection\":[\"Not\u00edcias\"],\"inLanguage\":\"en-US\"},{\"@type\":\"WebPage\",\"@id\":\"https:\/\/moreiramenezes.com.br\/socio-de-moreira-menezes-martins-miranda-advogados-participara-como-palestrante-no-evento-os-efeitos-da-recuperacao-judicial-nas-companhias-abertas-organizado-pela-comissao-de-val\/\",\"url\":\"https:\/\/moreiramenezes.com.br\/socio-de-moreira-menezes-martins-miranda-advogados-participara-como-palestrante-no-evento-os-efeitos-da-recuperacao-judicial-nas-companhias-abertas-organizado-pela-comissao-de-val\/\",\"name\":\"S\u00f3cio de Moreira Menezes, Martins Advogados participar\u00e1 como palestrante no evento \u201cOs Efeitos da Recupera\u00e7\u00e3o Judicial nas Companhias Abertas\u201d, organizado pela Comiss\u00e3o de Valores Mobili\u00e1rios. - Moreira Menezes Martins\",\"isPartOf\":{\"@id\":\"https:\/\/moreiramenezes.com.br\/#website\"},\"primaryImageOfPage\":{\"@id\":\"https:\/\/moreiramenezes.com.br\/socio-de-moreira-menezes-martins-miranda-advogados-participara-como-palestrante-no-evento-os-efeitos-da-recuperacao-judicial-nas-companhias-abertas-organizado-pela-comissao-de-val\/#primaryimage\"},\"image\":{\"@id\":\"https:\/\/moreiramenezes.com.br\/socio-de-moreira-menezes-martins-miranda-advogados-participara-como-palestrante-no-evento-os-efeitos-da-recuperacao-judicial-nas-companhias-abertas-organizado-pela-comissao-de-val\/#primaryimage\"},\"thumbnailUrl\":\"https:\/\/moreiramenezes.com.br\/wp-content\/uploads\/2017\/04\/palestra-cvm-136x300.jpg\",\"datePublished\":\"2017-04-12T17:34:00+00:00\",\"author\":{\"@id\":\"https:\/\/moreiramenezes.com.br\/#\/schema\/person\/d525376b6c67f0d68e4dfc4475c65d78\"},\"breadcrumb\":{\"@id\":\"https:\/\/moreiramenezes.com.br\/socio-de-moreira-menezes-martins-miranda-advogados-participara-como-palestrante-no-evento-os-efeitos-da-recuperacao-judicial-nas-companhias-abertas-organizado-pela-comissao-de-val\/#breadcrumb\"},\"inLanguage\":\"en-US\",\"potentialAction\":[{\"@type\":\"ReadAction\",\"target\":[\"https:\/\/moreiramenezes.com.br\/socio-de-moreira-menezes-martins-miranda-advogados-participara-como-palestrante-no-evento-os-efeitos-da-recuperacao-judicial-nas-companhias-abertas-organizado-pela-comissao-de-val\/\"]}]},{\"@type\":\"ImageObject\",\"inLanguage\":\"en-US\",\"@id\":\"https:\/\/moreiramenezes.com.br\/socio-de-moreira-menezes-martins-miranda-advogados-participara-como-palestrante-no-evento-os-efeitos-da-recuperacao-judicial-nas-companhias-abertas-organizado-pela-comissao-de-val\/#primaryimage\",\"url\":\"https:\/\/moreiramenezes.com.br\/wp-content\/uploads\/2017\/04\/palestra-cvm-136x300.jpg\",\"contentUrl\":\"https:\/\/moreiramenezes.com.br\/wp-content\/uploads\/2017\/04\/palestra-cvm-136x300.jpg\"},{\"@type\":\"BreadcrumbList\",\"@id\":\"https:\/\/moreiramenezes.com.br\/socio-de-moreira-menezes-martins-miranda-advogados-participara-como-palestrante-no-evento-os-efeitos-da-recuperacao-judicial-nas-companhias-abertas-organizado-pela-comissao-de-val\/#breadcrumb\",\"itemListElement\":[{\"@type\":\"ListItem\",\"position\":1,\"name\":\"In\u00edcio\",\"item\":\"https:\/\/moreiramenezes.com.br\/\"},{\"@type\":\"ListItem\",\"position\":2,\"name\":\"Not\u00edcias\",\"item\":\"https:\/\/moreiramenezes.com.br\/categorias\/noticias\/\"},{\"@type\":\"ListItem\",\"position\":3,\"name\":\"S\u00f3cio de Moreira Menezes, Martins Advogados participar\u00e1 como palestrante no evento \u201cOs Efeitos da Recupera\u00e7\u00e3o Judicial nas Companhias Abertas\u201d, organizado pela Comiss\u00e3o de Valores Mobili\u00e1rios.\"}]},{\"@type\":\"WebSite\",\"@id\":\"https:\/\/moreiramenezes.com.br\/#website\",\"url\":\"https:\/\/moreiramenezes.com.br\/\",\"name\":\"Moreira Menezes Martins\",\"description\":\"Moreira Menezes Martins - Advogados\",\"potentialAction\":[{\"@type\":\"SearchAction\",\"target\":{\"@type\":\"EntryPoint\",\"urlTemplate\":\"https:\/\/moreiramenezes.com.br\/?s={search_term_string}\"},\"query-input\":{\"@type\":\"PropertyValueSpecification\",\"valueRequired\":true,\"valueName\":\"search_term_string\"}}],\"inLanguage\":\"en-US\"},{\"@type\":\"Person\",\"@id\":\"https:\/\/moreiramenezes.com.br\/#\/schema\/person\/d525376b6c67f0d68e4dfc4475c65d78\",\"name\":\"mmm\",\"image\":{\"@type\":\"ImageObject\",\"inLanguage\":\"en-US\",\"@id\":\"https:\/\/moreiramenezes.com.br\/#\/schema\/person\/image\/\",\"url\":\"https:\/\/secure.gravatar.com\/avatar\/b16ca84b829f7fb3fcc92f2393d367798a989833972255f9a2b76b056e135746?s=96&d=mm&r=g\",\"contentUrl\":\"https:\/\/secure.gravatar.com\/avatar\/b16ca84b829f7fb3fcc92f2393d367798a989833972255f9a2b76b056e135746?s=96&d=mm&r=g\",\"caption\":\"mmm\"},\"sameAs\":[\"https:\/\/moreiramenezes.com\"],\"url\":\"https:\/\/moreiramenezes.com.br\/en\/author\/mmm\/\"}]}<\/script>\n<!-- \/ Yoast SEO plugin. -->","yoast_head_json":{"title":"S\u00f3cio de Moreira Menezes, Martins Advogados participar\u00e1 como palestrante no evento \u201cOs Efeitos da Recupera\u00e7\u00e3o Judicial nas Companhias Abertas\u201d, organizado pela Comiss\u00e3o de Valores Mobili\u00e1rios. - Moreira Menezes Martins","robots":{"index":"index","follow":"follow","max-snippet":"max-snippet:-1","max-image-preview":"max-image-preview:large","max-video-preview":"max-video-preview:-1"},"canonical":"https:\/\/moreiramenezes.com.br\/en\/socio-de-moreira-menezes-martins-miranda-advogados-participara-como-palestrante-no-evento-os-efeitos-da-recuperacao-judicial-nas-companhias-abertas-organizado-pela-comissao-de-val\/","og_locale":"en_US","og_type":"article","og_title":"S\u00f3cio de Moreira Menezes, Martins Advogados participar\u00e1 como palestrante no evento \u201cOs Efeitos da Recupera\u00e7\u00e3o Judicial nas Companhias Abertas\u201d, organizado pela Comiss\u00e3o de Valores Mobili\u00e1rios. - Moreira Menezes Martins","og_description":"No dia 19 de abril de 2017, a Comiss\u00e3o de Valores Mobili\u00e1rios &#8211; CVM realizar\u00e1 o evento \u201cOs Efeitos da Recupera\u00e7\u00e3o Judicial nas Companhias\u201d, que ter\u00e1 como palestrante Mauricio Moreira Menezes, s\u00f3cio de Moreira Menezes, Martins Advogados, dentre outros renomados especialistas em Direito Empresarial. Maiores informa\u00e7\u00f5es sobre a programa\u00e7\u00e3o do evento podem ser obtidas no [&hellip;]","og_url":"https:\/\/moreiramenezes.com.br\/en\/socio-de-moreira-menezes-martins-miranda-advogados-participara-como-palestrante-no-evento-os-efeitos-da-recuperacao-judicial-nas-companhias-abertas-organizado-pela-comissao-de-val\/","og_site_name":"Moreira Menezes Martins","article_published_time":"2017-04-12T17:34:00+00:00","og_image":[{"url":"https:\/\/moreiramenezes.com.br\/wp-content\/uploads\/2017\/04\/palestra-cvm-136x300.jpg","type":"","width":"","height":""}],"author":"mmm","twitter_card":"summary_large_image","twitter_misc":{"Written by":"mmm"},"schema":{"@context":"https:\/\/schema.org","@graph":[{"@type":"Article","@id":"https:\/\/moreiramenezes.com.br\/socio-de-moreira-menezes-martins-miranda-advogados-participara-como-palestrante-no-evento-os-efeitos-da-recuperacao-judicial-nas-companhias-abertas-organizado-pela-comissao-de-val\/#article","isPartOf":{"@id":"https:\/\/moreiramenezes.com.br\/socio-de-moreira-menezes-martins-miranda-advogados-participara-como-palestrante-no-evento-os-efeitos-da-recuperacao-judicial-nas-companhias-abertas-organizado-pela-comissao-de-val\/"},"author":{"name":"mmm","@id":"https:\/\/moreiramenezes.com.br\/#\/schema\/person\/d525376b6c67f0d68e4dfc4475c65d78"},"headline":"S\u00f3cio de Moreira Menezes, Martins Advogados participar\u00e1 como palestrante no evento \u201cOs Efeitos da Recupera\u00e7\u00e3o Judicial nas Companhias Abertas\u201d, organizado pela Comiss\u00e3o de Valores Mobili\u00e1rios.","datePublished":"2017-04-12T17:34:00+00:00","mainEntityOfPage":{"@id":"https:\/\/moreiramenezes.com.br\/socio-de-moreira-menezes-martins-miranda-advogados-participara-como-palestrante-no-evento-os-efeitos-da-recuperacao-judicial-nas-companhias-abertas-organizado-pela-comissao-de-val\/"},"wordCount":94,"image":{"@id":"https:\/\/moreiramenezes.com.br\/socio-de-moreira-menezes-martins-miranda-advogados-participara-como-palestrante-no-evento-os-efeitos-da-recuperacao-judicial-nas-companhias-abertas-organizado-pela-comissao-de-val\/#primaryimage"},"thumbnailUrl":"https:\/\/moreiramenezes.com.br\/wp-content\/uploads\/2017\/04\/palestra-cvm-136x300.jpg","articleSection":["Not\u00edcias"],"inLanguage":"en-US"},{"@type":"WebPage","@id":"https:\/\/moreiramenezes.com.br\/socio-de-moreira-menezes-martins-miranda-advogados-participara-como-palestrante-no-evento-os-efeitos-da-recuperacao-judicial-nas-companhias-abertas-organizado-pela-comissao-de-val\/","url":"https:\/\/moreiramenezes.com.br\/socio-de-moreira-menezes-martins-miranda-advogados-participara-como-palestrante-no-evento-os-efeitos-da-recuperacao-judicial-nas-companhias-abertas-organizado-pela-comissao-de-val\/","name":"S\u00f3cio de Moreira Menezes, Martins Advogados participar\u00e1 como palestrante no evento \u201cOs Efeitos da Recupera\u00e7\u00e3o Judicial nas Companhias Abertas\u201d, organizado pela Comiss\u00e3o de Valores Mobili\u00e1rios. - Moreira Menezes Martins","isPartOf":{"@id":"https:\/\/moreiramenezes.com.br\/#website"},"primaryImageOfPage":{"@id":"https:\/\/moreiramenezes.com.br\/socio-de-moreira-menezes-martins-miranda-advogados-participara-como-palestrante-no-evento-os-efeitos-da-recuperacao-judicial-nas-companhias-abertas-organizado-pela-comissao-de-val\/#primaryimage"},"image":{"@id":"https:\/\/moreiramenezes.com.br\/socio-de-moreira-menezes-martins-miranda-advogados-participara-como-palestrante-no-evento-os-efeitos-da-recuperacao-judicial-nas-companhias-abertas-organizado-pela-comissao-de-val\/#primaryimage"},"thumbnailUrl":"https:\/\/moreiramenezes.com.br\/wp-content\/uploads\/2017\/04\/palestra-cvm-136x300.jpg","datePublished":"2017-04-12T17:34:00+00:00","author":{"@id":"https:\/\/moreiramenezes.com.br\/#\/schema\/person\/d525376b6c67f0d68e4dfc4475c65d78"},"breadcrumb":{"@id":"https:\/\/moreiramenezes.com.br\/socio-de-moreira-menezes-martins-miranda-advogados-participara-como-palestrante-no-evento-os-efeitos-da-recuperacao-judicial-nas-companhias-abertas-organizado-pela-comissao-de-val\/#breadcrumb"},"inLanguage":"en-US","potentialAction":[{"@type":"ReadAction","target":["https:\/\/moreiramenezes.com.br\/socio-de-moreira-menezes-martins-miranda-advogados-participara-como-palestrante-no-evento-os-efeitos-da-recuperacao-judicial-nas-companhias-abertas-organizado-pela-comissao-de-val\/"]}]},{"@type":"ImageObject","inLanguage":"en-US","@id":"https:\/\/moreiramenezes.com.br\/socio-de-moreira-menezes-martins-miranda-advogados-participara-como-palestrante-no-evento-os-efeitos-da-recuperacao-judicial-nas-companhias-abertas-organizado-pela-comissao-de-val\/#primaryimage","url":"https:\/\/moreiramenezes.com.br\/wp-content\/uploads\/2017\/04\/palestra-cvm-136x300.jpg","contentUrl":"https:\/\/moreiramenezes.com.br\/wp-content\/uploads\/2017\/04\/palestra-cvm-136x300.jpg"},{"@type":"BreadcrumbList","@id":"https:\/\/moreiramenezes.com.br\/socio-de-moreira-menezes-martins-miranda-advogados-participara-como-palestrante-no-evento-os-efeitos-da-recuperacao-judicial-nas-companhias-abertas-organizado-pela-comissao-de-val\/#breadcrumb","itemListElement":[{"@type":"ListItem","position":1,"name":"In\u00edcio","item":"https:\/\/moreiramenezes.com.br\/"},{"@type":"ListItem","position":2,"name":"Not\u00edcias","item":"https:\/\/moreiramenezes.com.br\/categorias\/noticias\/"},{"@type":"ListItem","position":3,"name":"S\u00f3cio de Moreira Menezes, Martins Advogados participar\u00e1 como palestrante no evento \u201cOs Efeitos da Recupera\u00e7\u00e3o Judicial nas Companhias Abertas\u201d, organizado pela Comiss\u00e3o de Valores Mobili\u00e1rios."}]},{"@type":"WebSite","@id":"https:\/\/moreiramenezes.com.br\/#website","url":"https:\/\/moreiramenezes.com.br\/","name":"Moreira Menezes Martins","description":"Moreira Menezes Martins - Advogados","potentialAction":[{"@type":"SearchAction","target":{"@type":"EntryPoint","urlTemplate":"https:\/\/moreiramenezes.com.br\/?s={search_term_string}"},"query-input":{"@type":"PropertyValueSpecification","valueRequired":true,"valueName":"search_term_string"}}],"inLanguage":"en-US"},{"@type":"Person","@id":"https:\/\/moreiramenezes.com.br\/#\/schema\/person\/d525376b6c67f0d68e4dfc4475c65d78","name":"mmm","image":{"@type":"ImageObject","inLanguage":"en-US","@id":"https:\/\/moreiramenezes.com.br\/#\/schema\/person\/image\/","url":"https:\/\/secure.gravatar.com\/avatar\/b16ca84b829f7fb3fcc92f2393d367798a989833972255f9a2b76b056e135746?s=96&d=mm&r=g","contentUrl":"https:\/\/secure.gravatar.com\/avatar\/b16ca84b829f7fb3fcc92f2393d367798a989833972255f9a2b76b056e135746?s=96&d=mm&r=g","caption":"mmm"},"sameAs":["https:\/\/moreiramenezes.com"],"url":"https:\/\/moreiramenezes.com.br\/en\/author\/mmm\/"}]}},"_links":{"self":[{"href":"https:\/\/moreiramenezes.com.br\/en\/wp-json\/wp\/v2\/posts\/855","targetHints":{"allow":["GET"]}}],"collection":[{"href":"https:\/\/moreiramenezes.com.br\/en\/wp-json\/wp\/v2\/posts"}],"about":[{"href":"https:\/\/moreiramenezes.com.br\/en\/wp-json\/wp\/v2\/types\/post"}],"author":[{"embeddable":true,"href":"https:\/\/moreiramenezes.com.br\/en\/wp-json\/wp\/v2\/users\/1"}],"replies":[{"embeddable":true,"href":"https:\/\/moreiramenezes.com.br\/en\/wp-json\/wp\/v2\/comments?post=855"}],"version-history":[{"count":0,"href":"https:\/\/moreiramenezes.com.br\/en\/wp-json\/wp\/v2\/posts\/855\/revisions"}],"wp:attachment":[{"href":"https:\/\/moreiramenezes.com.br\/en\/wp-json\/wp\/v2\/media?parent=855"}],"wp:term":[{"taxonomy":"category","embeddable":true,"href":"https:\/\/moreiramenezes.com.br\/en\/wp-json\/wp\/v2\/categories?post=855"},{"taxonomy":"post_tag","embeddable":true,"href":"https:\/\/moreiramenezes.com.br\/en\/wp-json\/wp\/v2\/tags?post=855"}],"curies":[{"name":"wp","href":"https:\/\/api.w.org\/{rel}","templated":true}]}}