{"id":717,"date":"2016-03-30T13:19:50","date_gmt":"2016-03-30T16:19:50","guid":{"rendered":"http:\/\/www.moreiramenezes.com.br\/?post_type=publicacoes&amp;p=717"},"modified":"2016-03-30T13:19:50","modified_gmt":"2016-03-30T16:19:50","slug":"socio-de-moreira-menezes-martins-miranda-advogados-participa-substitutivo-paes-landim-oab","status":"publish","type":"post","link":"https:\/\/moreiramenezes.com.br\/en\/socio-de-moreira-menezes-martins-miranda-advogados-participa-substitutivo-paes-landim-oab\/","title":{"rendered":"S\u00f3cio de Moreira Menezes, Martins Advogados ser\u00e1 palestrante do evento &#8220;O novo C\u00f3digo Comercial &#8211; Debate sobre o Substitutivo Paes Landim&#8221; organizado pela OAB\/RJ"},"content":{"rendered":"<p>No dia 1\u00ba de abril de 2016, a Seccional do Rio de Janeiro da Ordem dos Advogados do Brasil reunir\u00e1 diversos comercialistas para debater o novo C\u00f3digo Comercial no evento &#8220;O novo C\u00f3digo Comercial &#8211; Debate sobre o Substitutivo Paes Landim&#8221;, que ter\u00e1 como palestrante Mauricio Moreira Menezes, s\u00f3cio de Moreira Menezes, Martins Advogados.<\/p>\n<p>O evento, que se iniciar\u00e1 \u00e0s 10h, contar\u00e1, ainda, com a participa\u00e7\u00e3o de F\u00e1bio Ulhoa Coelho, M\u00e1rcio Souza Guimar\u00e3es, C\u00e1ssio Cavalli e Pedro Freitas Teixeira.<\/p>\n<p>As inscri\u00e7\u00f5es para o debate, que ocorrer\u00e1 no 4\u00ba andar da sede da OAB\/RJ, na Avenida Marechal C\u00e2mara, n\u00ba 150, s\u00e3o gratuitas e devem ser realizadas pelo e-mail code@oabrj.org.br.<\/p>\n<p><a href=\"https:\/\/moreiramenezes.com.br\/wp-content\/uploads\/2016\/03\/Evento-Novo-C\u00f3digo-Comercial.jpg\"><img fetchpriority=\"high\" decoding=\"async\" class=\"alignleft size-medium wp-image-718\" src=\"https:\/\/moreiramenezes.com.br\/wp-content\/uploads\/2016\/03\/Evento-Novo-C\u00f3digo-Comercial-212x300.jpg\" alt=\"Evento - Novo C\u00f3digo Comercial\" width=\"212\" height=\"300\" \/><\/a><\/p>\n<p>&nbsp;<\/p>\n<p>&nbsp;<\/p>\n<p>&nbsp;<\/p>\n<p>&nbsp;<\/p>\n<p>&nbsp;<\/p>\n<p>&nbsp;<\/p>\n<p>&nbsp;<\/p>\n<p>&nbsp;<\/p>","protected":false},"excerpt":{"rendered":"<p>No dia 1\u00ba de abril de 2016, a Seccional do Rio de Janeiro da Ordem dos Advogados do Brasil reunir\u00e1 diversos comercialistas para debater o novo C\u00f3digo Comercial no evento &#8220;O novo C\u00f3digo Comercial &#8211; Debate sobre o Substitutivo Paes Landim&#8221;, que ter\u00e1 como palestrante Mauricio Moreira Menezes, s\u00f3cio de Moreira Menezes, Martins Advogados. O [&hellip;]<\/p>","protected":false},"author":1,"featured_media":0,"comment_status":"closed","ping_status":"closed","sticky":false,"template":"","format":"standard","meta":{"footnotes":""},"categories":[5],"tags":[],"class_list":["post-717","post","type-post","status-publish","format-standard","hentry","category-noticias"],"yoast_head":"<!-- This site is optimized with the Yoast SEO plugin v26.9 - https:\/\/yoast.com\/product\/yoast-seo-wordpress\/ -->\n<title>S\u00f3cio de Moreira Menezes, Martins Advogados ser\u00e1 palestrante do evento &quot;O novo C\u00f3digo Comercial - Debate sobre o Substitutivo Paes Landim&quot; organizado pela OAB\/RJ - Moreira Menezes Martins<\/title>\n<meta name=\"robots\" content=\"index, follow, max-snippet:-1, max-image-preview:large, max-video-preview:-1\" \/>\n<link rel=\"canonical\" href=\"https:\/\/moreiramenezes.com.br\/en\/socio-de-moreira-menezes-martins-miranda-advogados-participa-substitutivo-paes-landim-oab\/\" \/>\n<meta property=\"og:locale\" content=\"en_US\" \/>\n<meta property=\"og:type\" content=\"article\" \/>\n<meta property=\"og:title\" content=\"S\u00f3cio de Moreira Menezes, Martins Advogados ser\u00e1 palestrante do evento &quot;O novo C\u00f3digo Comercial - Debate sobre o Substitutivo Paes Landim&quot; organizado pela OAB\/RJ - Moreira Menezes Martins\" \/>\n<meta property=\"og:description\" content=\"No dia 1\u00ba de abril de 2016, a Seccional do Rio de Janeiro da Ordem dos Advogados do Brasil reunir\u00e1 diversos comercialistas para debater o novo C\u00f3digo Comercial no evento &#8220;O novo C\u00f3digo Comercial &#8211; Debate sobre o Substitutivo Paes Landim&#8221;, que ter\u00e1 como palestrante Mauricio Moreira Menezes, s\u00f3cio de Moreira Menezes, Martins Advogados. O [&hellip;]\" \/>\n<meta property=\"og:url\" content=\"https:\/\/moreiramenezes.com.br\/en\/socio-de-moreira-menezes-martins-miranda-advogados-participa-substitutivo-paes-landim-oab\/\" \/>\n<meta property=\"og:site_name\" content=\"Moreira Menezes Martins\" \/>\n<meta property=\"article:published_time\" content=\"2016-03-30T16:19:50+00:00\" \/>\n<meta name=\"author\" content=\"mmm\" \/>\n<meta name=\"twitter:card\" content=\"summary_large_image\" \/>\n<meta name=\"twitter:label1\" content=\"Written by\" \/>\n\t<meta name=\"twitter:data1\" content=\"mmm\" \/>\n\t<meta name=\"twitter:label2\" content=\"Est. reading time\" \/>\n\t<meta name=\"twitter:data2\" content=\"1 minute\" \/>\n<script type=\"application\/ld+json\" class=\"yoast-schema-graph\">{\"@context\":\"https:\/\/schema.org\",\"@graph\":[{\"@type\":\"Article\",\"@id\":\"https:\/\/moreiramenezes.com.br\/socio-de-moreira-menezes-martins-miranda-advogados-participa-substitutivo-paes-landim-oab\/#article\",\"isPartOf\":{\"@id\":\"https:\/\/moreiramenezes.com.br\/socio-de-moreira-menezes-martins-miranda-advogados-participa-substitutivo-paes-landim-oab\/\"},\"author\":{\"name\":\"mmm\",\"@id\":\"https:\/\/moreiramenezes.com.br\/#\/schema\/person\/d525376b6c67f0d68e4dfc4475c65d78\"},\"headline\":\"S\u00f3cio de Moreira Menezes, Martins Advogados ser\u00e1 palestrante do evento &#8220;O novo C\u00f3digo Comercial &#8211; Debate sobre o Substitutivo Paes Landim&#8221; organizado pela OAB\/RJ\",\"datePublished\":\"2016-03-30T16:19:50+00:00\",\"mainEntityOfPage\":{\"@id\":\"https:\/\/moreiramenezes.com.br\/socio-de-moreira-menezes-martins-miranda-advogados-participa-substitutivo-paes-landim-oab\/\"},\"wordCount\":154,\"articleSection\":[\"Not\u00edcias\"],\"inLanguage\":\"en-US\"},{\"@type\":\"WebPage\",\"@id\":\"https:\/\/moreiramenezes.com.br\/socio-de-moreira-menezes-martins-miranda-advogados-participa-substitutivo-paes-landim-oab\/\",\"url\":\"https:\/\/moreiramenezes.com.br\/socio-de-moreira-menezes-martins-miranda-advogados-participa-substitutivo-paes-landim-oab\/\",\"name\":\"S\u00f3cio de Moreira Menezes, Martins Advogados ser\u00e1 palestrante do evento \\\"O novo C\u00f3digo Comercial - Debate sobre o Substitutivo Paes Landim\\\" organizado pela OAB\/RJ - Moreira Menezes Martins\",\"isPartOf\":{\"@id\":\"https:\/\/moreiramenezes.com.br\/#website\"},\"datePublished\":\"2016-03-30T16:19:50+00:00\",\"author\":{\"@id\":\"https:\/\/moreiramenezes.com.br\/#\/schema\/person\/d525376b6c67f0d68e4dfc4475c65d78\"},\"breadcrumb\":{\"@id\":\"https:\/\/moreiramenezes.com.br\/socio-de-moreira-menezes-martins-miranda-advogados-participa-substitutivo-paes-landim-oab\/#breadcrumb\"},\"inLanguage\":\"en-US\",\"potentialAction\":[{\"@type\":\"ReadAction\",\"target\":[\"https:\/\/moreiramenezes.com.br\/socio-de-moreira-menezes-martins-miranda-advogados-participa-substitutivo-paes-landim-oab\/\"]}]},{\"@type\":\"BreadcrumbList\",\"@id\":\"https:\/\/moreiramenezes.com.br\/socio-de-moreira-menezes-martins-miranda-advogados-participa-substitutivo-paes-landim-oab\/#breadcrumb\",\"itemListElement\":[{\"@type\":\"ListItem\",\"position\":1,\"name\":\"In\u00edcio\",\"item\":\"https:\/\/moreiramenezes.com.br\/\"},{\"@type\":\"ListItem\",\"position\":2,\"name\":\"Not\u00edcias\",\"item\":\"https:\/\/moreiramenezes.com.br\/categorias\/noticias\/\"},{\"@type\":\"ListItem\",\"position\":3,\"name\":\"S\u00f3cio de Moreira Menezes, Martins Advogados ser\u00e1 palestrante do evento &#8220;O novo C\u00f3digo Comercial &#8211; Debate sobre o Substitutivo Paes Landim&#8221; organizado pela OAB\/RJ\"}]},{\"@type\":\"WebSite\",\"@id\":\"https:\/\/moreiramenezes.com.br\/#website\",\"url\":\"https:\/\/moreiramenezes.com.br\/\",\"name\":\"Moreira Menezes Martins\",\"description\":\"Moreira Menezes Martins - Advogados\",\"potentialAction\":[{\"@type\":\"SearchAction\",\"target\":{\"@type\":\"EntryPoint\",\"urlTemplate\":\"https:\/\/moreiramenezes.com.br\/?s={search_term_string}\"},\"query-input\":{\"@type\":\"PropertyValueSpecification\",\"valueRequired\":true,\"valueName\":\"search_term_string\"}}],\"inLanguage\":\"en-US\"},{\"@type\":\"Person\",\"@id\":\"https:\/\/moreiramenezes.com.br\/#\/schema\/person\/d525376b6c67f0d68e4dfc4475c65d78\",\"name\":\"mmm\",\"image\":{\"@type\":\"ImageObject\",\"inLanguage\":\"en-US\",\"@id\":\"https:\/\/moreiramenezes.com.br\/#\/schema\/person\/image\/\",\"url\":\"https:\/\/secure.gravatar.com\/avatar\/b16ca84b829f7fb3fcc92f2393d367798a989833972255f9a2b76b056e135746?s=96&d=mm&r=g\",\"contentUrl\":\"https:\/\/secure.gravatar.com\/avatar\/b16ca84b829f7fb3fcc92f2393d367798a989833972255f9a2b76b056e135746?s=96&d=mm&r=g\",\"caption\":\"mmm\"},\"sameAs\":[\"https:\/\/moreiramenezes.com\"],\"url\":\"https:\/\/moreiramenezes.com.br\/en\/author\/mmm\/\"}]}<\/script>\n<!-- \/ Yoast SEO plugin. -->","yoast_head_json":{"title":"S\u00f3cio de Moreira Menezes, Martins Advogados ser\u00e1 palestrante do evento \"O novo C\u00f3digo Comercial - Debate sobre o Substitutivo Paes Landim\" organizado pela OAB\/RJ - Moreira Menezes Martins","robots":{"index":"index","follow":"follow","max-snippet":"max-snippet:-1","max-image-preview":"max-image-preview:large","max-video-preview":"max-video-preview:-1"},"canonical":"https:\/\/moreiramenezes.com.br\/en\/socio-de-moreira-menezes-martins-miranda-advogados-participa-substitutivo-paes-landim-oab\/","og_locale":"en_US","og_type":"article","og_title":"S\u00f3cio de Moreira Menezes, Martins Advogados ser\u00e1 palestrante do evento \"O novo C\u00f3digo Comercial - Debate sobre o Substitutivo Paes Landim\" organizado pela OAB\/RJ - Moreira Menezes Martins","og_description":"No dia 1\u00ba de abril de 2016, a Seccional do Rio de Janeiro da Ordem dos Advogados do Brasil reunir\u00e1 diversos comercialistas para debater o novo C\u00f3digo Comercial no evento &#8220;O novo C\u00f3digo Comercial &#8211; Debate sobre o Substitutivo Paes Landim&#8221;, que ter\u00e1 como palestrante Mauricio Moreira Menezes, s\u00f3cio de Moreira Menezes, Martins Advogados. O [&hellip;]","og_url":"https:\/\/moreiramenezes.com.br\/en\/socio-de-moreira-menezes-martins-miranda-advogados-participa-substitutivo-paes-landim-oab\/","og_site_name":"Moreira Menezes Martins","article_published_time":"2016-03-30T16:19:50+00:00","author":"mmm","twitter_card":"summary_large_image","twitter_misc":{"Written by":"mmm","Est. reading time":"1 minute"},"schema":{"@context":"https:\/\/schema.org","@graph":[{"@type":"Article","@id":"https:\/\/moreiramenezes.com.br\/socio-de-moreira-menezes-martins-miranda-advogados-participa-substitutivo-paes-landim-oab\/#article","isPartOf":{"@id":"https:\/\/moreiramenezes.com.br\/socio-de-moreira-menezes-martins-miranda-advogados-participa-substitutivo-paes-landim-oab\/"},"author":{"name":"mmm","@id":"https:\/\/moreiramenezes.com.br\/#\/schema\/person\/d525376b6c67f0d68e4dfc4475c65d78"},"headline":"S\u00f3cio de Moreira Menezes, Martins Advogados ser\u00e1 palestrante do evento &#8220;O novo C\u00f3digo Comercial &#8211; Debate sobre o Substitutivo Paes Landim&#8221; organizado pela OAB\/RJ","datePublished":"2016-03-30T16:19:50+00:00","mainEntityOfPage":{"@id":"https:\/\/moreiramenezes.com.br\/socio-de-moreira-menezes-martins-miranda-advogados-participa-substitutivo-paes-landim-oab\/"},"wordCount":154,"articleSection":["Not\u00edcias"],"inLanguage":"en-US"},{"@type":"WebPage","@id":"https:\/\/moreiramenezes.com.br\/socio-de-moreira-menezes-martins-miranda-advogados-participa-substitutivo-paes-landim-oab\/","url":"https:\/\/moreiramenezes.com.br\/socio-de-moreira-menezes-martins-miranda-advogados-participa-substitutivo-paes-landim-oab\/","name":"S\u00f3cio de Moreira Menezes, Martins Advogados ser\u00e1 palestrante do evento \"O novo C\u00f3digo Comercial - Debate sobre o Substitutivo Paes Landim\" organizado pela OAB\/RJ - Moreira Menezes Martins","isPartOf":{"@id":"https:\/\/moreiramenezes.com.br\/#website"},"datePublished":"2016-03-30T16:19:50+00:00","author":{"@id":"https:\/\/moreiramenezes.com.br\/#\/schema\/person\/d525376b6c67f0d68e4dfc4475c65d78"},"breadcrumb":{"@id":"https:\/\/moreiramenezes.com.br\/socio-de-moreira-menezes-martins-miranda-advogados-participa-substitutivo-paes-landim-oab\/#breadcrumb"},"inLanguage":"en-US","potentialAction":[{"@type":"ReadAction","target":["https:\/\/moreiramenezes.com.br\/socio-de-moreira-menezes-martins-miranda-advogados-participa-substitutivo-paes-landim-oab\/"]}]},{"@type":"BreadcrumbList","@id":"https:\/\/moreiramenezes.com.br\/socio-de-moreira-menezes-martins-miranda-advogados-participa-substitutivo-paes-landim-oab\/#breadcrumb","itemListElement":[{"@type":"ListItem","position":1,"name":"In\u00edcio","item":"https:\/\/moreiramenezes.com.br\/"},{"@type":"ListItem","position":2,"name":"Not\u00edcias","item":"https:\/\/moreiramenezes.com.br\/categorias\/noticias\/"},{"@type":"ListItem","position":3,"name":"S\u00f3cio de Moreira Menezes, Martins Advogados ser\u00e1 palestrante do evento &#8220;O novo C\u00f3digo Comercial &#8211; Debate sobre o Substitutivo Paes Landim&#8221; organizado pela OAB\/RJ"}]},{"@type":"WebSite","@id":"https:\/\/moreiramenezes.com.br\/#website","url":"https:\/\/moreiramenezes.com.br\/","name":"Moreira Menezes Martins","description":"Moreira Menezes Martins - Advogados","potentialAction":[{"@type":"SearchAction","target":{"@type":"EntryPoint","urlTemplate":"https:\/\/moreiramenezes.com.br\/?s={search_term_string}"},"query-input":{"@type":"PropertyValueSpecification","valueRequired":true,"valueName":"search_term_string"}}],"inLanguage":"en-US"},{"@type":"Person","@id":"https:\/\/moreiramenezes.com.br\/#\/schema\/person\/d525376b6c67f0d68e4dfc4475c65d78","name":"mmm","image":{"@type":"ImageObject","inLanguage":"en-US","@id":"https:\/\/moreiramenezes.com.br\/#\/schema\/person\/image\/","url":"https:\/\/secure.gravatar.com\/avatar\/b16ca84b829f7fb3fcc92f2393d367798a989833972255f9a2b76b056e135746?s=96&d=mm&r=g","contentUrl":"https:\/\/secure.gravatar.com\/avatar\/b16ca84b829f7fb3fcc92f2393d367798a989833972255f9a2b76b056e135746?s=96&d=mm&r=g","caption":"mmm"},"sameAs":["https:\/\/moreiramenezes.com"],"url":"https:\/\/moreiramenezes.com.br\/en\/author\/mmm\/"}]}},"_links":{"self":[{"href":"https:\/\/moreiramenezes.com.br\/en\/wp-json\/wp\/v2\/posts\/717","targetHints":{"allow":["GET"]}}],"collection":[{"href":"https:\/\/moreiramenezes.com.br\/en\/wp-json\/wp\/v2\/posts"}],"about":[{"href":"https:\/\/moreiramenezes.com.br\/en\/wp-json\/wp\/v2\/types\/post"}],"author":[{"embeddable":true,"href":"https:\/\/moreiramenezes.com.br\/en\/wp-json\/wp\/v2\/users\/1"}],"replies":[{"embeddable":true,"href":"https:\/\/moreiramenezes.com.br\/en\/wp-json\/wp\/v2\/comments?post=717"}],"version-history":[{"count":0,"href":"https:\/\/moreiramenezes.com.br\/en\/wp-json\/wp\/v2\/posts\/717\/revisions"}],"wp:attachment":[{"href":"https:\/\/moreiramenezes.com.br\/en\/wp-json\/wp\/v2\/media?parent=717"}],"wp:term":[{"taxonomy":"category","embeddable":true,"href":"https:\/\/moreiramenezes.com.br\/en\/wp-json\/wp\/v2\/categories?post=717"},{"taxonomy":"post_tag","embeddable":true,"href":"https:\/\/moreiramenezes.com.br\/en\/wp-json\/wp\/v2\/tags?post=717"}],"curies":[{"name":"wp","href":"https:\/\/api.w.org\/{rel}","templated":true}]}}