{"id":636,"date":"2015-06-17T11:32:54","date_gmt":"2015-06-17T14:32:54","guid":{"rendered":"http:\/\/www.moreiramenezes.com.br\/?post_type=publicacoes&amp;p=636"},"modified":"2015-06-17T11:32:54","modified_gmt":"2015-06-17T14:32:54","slug":"socio-do-moreira-menezes-martins-miranda-advogados-e-convidado-para-integrar-a-comissao-de-juristas-da-camara-dos-deputados-que-examina-o-projeto-de-codigo-comercial-brasileiro","status":"publish","type":"post","link":"https:\/\/moreiramenezes.com.br\/en\/socio-do-moreira-menezes-martins-miranda-advogados-e-convidado-para-integrar-a-comissao-de-juristas-da-camara-dos-deputados-que-examina-o-projeto-de-codigo-comercial-brasileiro\/","title":{"rendered":"S\u00f3cio do Moreira Menezes, Martins Advogados \u00e9 convidado para integrar a Comiss\u00e3o de Juristas da C\u00e2mara dos Deputados que examina o projeto de C\u00f3digo Comercial Brasileiro"},"content":{"rendered":"<p>Mauricio Moreira Menezes, s\u00f3cio de Moreira Menezes, Martins Advogados, foi convidado pelo Presidente da Comiss\u00e3o Especial da C\u00e2mara dos Deputados para integrar o seleto corpo de<br \/>\njuristas da referida Comiss\u00e3o, para fins de elabora\u00e7\u00e3o de parecer t\u00e9cnico e apresenta\u00e7\u00e3o de poss\u00edveis propostas de altera\u00e7\u00e3o ao Projeto de Lei da C\u00e2mara n\u00ba 1.572\/2011 (\u201c<span style=\"text-decoration: underline;\">PL 1.572\/11<\/span>\u201d), que institui o C\u00f3digo Comercial Brasileiro.<\/p>\n<p>Na Comiss\u00e3o est\u00e3o reunidos juristas com not\u00f3rio conhecimento e experi\u00eancia no Direito Empresarial, sendo-lhes atribu\u00edda a fun\u00e7\u00e3o de formular sugest\u00f5es para emendas ao PL 1.572\/11, que, caso aprovado, impactar\u00e1 a vida dos empres\u00e1rios e empreendedores de todo Pa\u00eds.<\/p>\n<p>A integra do PL 1.572\/11 est\u00e1 \u00e0 disposi\u00e7\u00e3o dos interessados no s\u00edtio da C\u00e2mara dos Deputados na rede mundial de computadores &lt;http:\/\/www2.camara.leg.br&gt;.<\/p>","protected":false},"excerpt":{"rendered":"<p>Mauricio Moreira Menezes, s\u00f3cio de Moreira Menezes, Martins Advogados, foi convidado pelo Presidente da Comiss\u00e3o Especial da C\u00e2mara dos Deputados para integrar o seleto corpo de juristas da referida Comiss\u00e3o, para fins de elabora\u00e7\u00e3o de parecer t\u00e9cnico e apresenta\u00e7\u00e3o de poss\u00edveis propostas de altera\u00e7\u00e3o ao Projeto de Lei da C\u00e2mara n\u00ba 1.572\/2011 (\u201cPL 1.572\/11\u201d), que [&hellip;]<\/p>","protected":false},"author":1,"featured_media":0,"comment_status":"closed","ping_status":"closed","sticky":false,"template":"","format":"standard","meta":{"footnotes":""},"categories":[5],"tags":[],"class_list":["post-636","post","type-post","status-publish","format-standard","hentry","category-noticias"],"yoast_head":"<!-- This site is optimized with the Yoast SEO plugin v26.9 - https:\/\/yoast.com\/product\/yoast-seo-wordpress\/ -->\n<title>S\u00f3cio do Moreira Menezes, Martins Advogados \u00e9 convidado para integrar a Comiss\u00e3o de Juristas da C\u00e2mara dos Deputados que examina o projeto de C\u00f3digo Comercial Brasileiro - Moreira Menezes Martins<\/title>\n<meta name=\"robots\" content=\"index, follow, max-snippet:-1, max-image-preview:large, max-video-preview:-1\" \/>\n<link rel=\"canonical\" href=\"https:\/\/moreiramenezes.com.br\/en\/socio-do-moreira-menezes-martins-miranda-advogados-e-convidado-para-integrar-a-comissao-de-juristas-da-camara-dos-deputados-que-examina-o-projeto-de-codigo-comercial-brasileiro\/\" \/>\n<meta property=\"og:locale\" content=\"en_US\" \/>\n<meta property=\"og:type\" content=\"article\" \/>\n<meta property=\"og:title\" content=\"S\u00f3cio do Moreira Menezes, Martins Advogados \u00e9 convidado para integrar a Comiss\u00e3o de Juristas da C\u00e2mara dos Deputados que examina o projeto de C\u00f3digo Comercial Brasileiro - Moreira Menezes Martins\" \/>\n<meta property=\"og:description\" content=\"Mauricio Moreira Menezes, s\u00f3cio de Moreira Menezes, Martins Advogados, foi convidado pelo Presidente da Comiss\u00e3o Especial da C\u00e2mara dos Deputados para integrar o seleto corpo de juristas da referida Comiss\u00e3o, para fins de elabora\u00e7\u00e3o de parecer t\u00e9cnico e apresenta\u00e7\u00e3o de poss\u00edveis propostas de altera\u00e7\u00e3o ao Projeto de Lei da C\u00e2mara n\u00ba 1.572\/2011 (\u201cPL 1.572\/11\u201d), que [&hellip;]\" \/>\n<meta property=\"og:url\" content=\"https:\/\/moreiramenezes.com.br\/en\/socio-do-moreira-menezes-martins-miranda-advogados-e-convidado-para-integrar-a-comissao-de-juristas-da-camara-dos-deputados-que-examina-o-projeto-de-codigo-comercial-brasileiro\/\" \/>\n<meta property=\"og:site_name\" content=\"Moreira Menezes Martins\" \/>\n<meta property=\"article:published_time\" content=\"2015-06-17T14:32:54+00:00\" \/>\n<meta name=\"author\" content=\"mmm\" \/>\n<meta name=\"twitter:card\" content=\"summary_large_image\" \/>\n<meta name=\"twitter:label1\" content=\"Written by\" \/>\n\t<meta name=\"twitter:data1\" content=\"mmm\" \/>\n\t<meta name=\"twitter:label2\" content=\"Est. reading time\" \/>\n\t<meta name=\"twitter:data2\" content=\"1 minute\" \/>\n<script type=\"application\/ld+json\" class=\"yoast-schema-graph\">{\"@context\":\"https:\/\/schema.org\",\"@graph\":[{\"@type\":\"Article\",\"@id\":\"https:\/\/moreiramenezes.com.br\/socio-do-moreira-menezes-martins-miranda-advogados-e-convidado-para-integrar-a-comissao-de-juristas-da-camara-dos-deputados-que-examina-o-projeto-de-codigo-comercial-brasileiro\/#article\",\"isPartOf\":{\"@id\":\"https:\/\/moreiramenezes.com.br\/socio-do-moreira-menezes-martins-miranda-advogados-e-convidado-para-integrar-a-comissao-de-juristas-da-camara-dos-deputados-que-examina-o-projeto-de-codigo-comercial-brasileiro\/\"},\"author\":{\"name\":\"mmm\",\"@id\":\"https:\/\/moreiramenezes.com.br\/#\/schema\/person\/d525376b6c67f0d68e4dfc4475c65d78\"},\"headline\":\"S\u00f3cio do Moreira Menezes, Martins Advogados \u00e9 convidado para integrar a Comiss\u00e3o de Juristas da C\u00e2mara dos Deputados que examina o projeto de C\u00f3digo Comercial Brasileiro\",\"datePublished\":\"2015-06-17T14:32:54+00:00\",\"mainEntityOfPage\":{\"@id\":\"https:\/\/moreiramenezes.com.br\/socio-do-moreira-menezes-martins-miranda-advogados-e-convidado-para-integrar-a-comissao-de-juristas-da-camara-dos-deputados-que-examina-o-projeto-de-codigo-comercial-brasileiro\/\"},\"wordCount\":173,\"articleSection\":[\"Not\u00edcias\"],\"inLanguage\":\"en-US\"},{\"@type\":\"WebPage\",\"@id\":\"https:\/\/moreiramenezes.com.br\/socio-do-moreira-menezes-martins-miranda-advogados-e-convidado-para-integrar-a-comissao-de-juristas-da-camara-dos-deputados-que-examina-o-projeto-de-codigo-comercial-brasileiro\/\",\"url\":\"https:\/\/moreiramenezes.com.br\/socio-do-moreira-menezes-martins-miranda-advogados-e-convidado-para-integrar-a-comissao-de-juristas-da-camara-dos-deputados-que-examina-o-projeto-de-codigo-comercial-brasileiro\/\",\"name\":\"S\u00f3cio do Moreira Menezes, Martins Advogados \u00e9 convidado para integrar a Comiss\u00e3o de Juristas da C\u00e2mara dos Deputados que examina o projeto de C\u00f3digo Comercial Brasileiro - Moreira Menezes Martins\",\"isPartOf\":{\"@id\":\"https:\/\/moreiramenezes.com.br\/#website\"},\"datePublished\":\"2015-06-17T14:32:54+00:00\",\"author\":{\"@id\":\"https:\/\/moreiramenezes.com.br\/#\/schema\/person\/d525376b6c67f0d68e4dfc4475c65d78\"},\"breadcrumb\":{\"@id\":\"https:\/\/moreiramenezes.com.br\/socio-do-moreira-menezes-martins-miranda-advogados-e-convidado-para-integrar-a-comissao-de-juristas-da-camara-dos-deputados-que-examina-o-projeto-de-codigo-comercial-brasileiro\/#breadcrumb\"},\"inLanguage\":\"en-US\",\"potentialAction\":[{\"@type\":\"ReadAction\",\"target\":[\"https:\/\/moreiramenezes.com.br\/socio-do-moreira-menezes-martins-miranda-advogados-e-convidado-para-integrar-a-comissao-de-juristas-da-camara-dos-deputados-que-examina-o-projeto-de-codigo-comercial-brasileiro\/\"]}]},{\"@type\":\"BreadcrumbList\",\"@id\":\"https:\/\/moreiramenezes.com.br\/socio-do-moreira-menezes-martins-miranda-advogados-e-convidado-para-integrar-a-comissao-de-juristas-da-camara-dos-deputados-que-examina-o-projeto-de-codigo-comercial-brasileiro\/#breadcrumb\",\"itemListElement\":[{\"@type\":\"ListItem\",\"position\":1,\"name\":\"In\u00edcio\",\"item\":\"https:\/\/moreiramenezes.com.br\/\"},{\"@type\":\"ListItem\",\"position\":2,\"name\":\"Not\u00edcias\",\"item\":\"https:\/\/moreiramenezes.com.br\/categorias\/noticias\/\"},{\"@type\":\"ListItem\",\"position\":3,\"name\":\"S\u00f3cio do Moreira Menezes, Martins Advogados \u00e9 convidado para integrar a Comiss\u00e3o de Juristas da C\u00e2mara dos Deputados que examina o projeto de C\u00f3digo Comercial Brasileiro\"}]},{\"@type\":\"WebSite\",\"@id\":\"https:\/\/moreiramenezes.com.br\/#website\",\"url\":\"https:\/\/moreiramenezes.com.br\/\",\"name\":\"Moreira Menezes Martins\",\"description\":\"Moreira Menezes Martins - Advogados\",\"potentialAction\":[{\"@type\":\"SearchAction\",\"target\":{\"@type\":\"EntryPoint\",\"urlTemplate\":\"https:\/\/moreiramenezes.com.br\/?s={search_term_string}\"},\"query-input\":{\"@type\":\"PropertyValueSpecification\",\"valueRequired\":true,\"valueName\":\"search_term_string\"}}],\"inLanguage\":\"en-US\"},{\"@type\":\"Person\",\"@id\":\"https:\/\/moreiramenezes.com.br\/#\/schema\/person\/d525376b6c67f0d68e4dfc4475c65d78\",\"name\":\"mmm\",\"image\":{\"@type\":\"ImageObject\",\"inLanguage\":\"en-US\",\"@id\":\"https:\/\/moreiramenezes.com.br\/#\/schema\/person\/image\/\",\"url\":\"https:\/\/secure.gravatar.com\/avatar\/b16ca84b829f7fb3fcc92f2393d367798a989833972255f9a2b76b056e135746?s=96&d=mm&r=g\",\"contentUrl\":\"https:\/\/secure.gravatar.com\/avatar\/b16ca84b829f7fb3fcc92f2393d367798a989833972255f9a2b76b056e135746?s=96&d=mm&r=g\",\"caption\":\"mmm\"},\"sameAs\":[\"https:\/\/moreiramenezes.com\"],\"url\":\"https:\/\/moreiramenezes.com.br\/en\/author\/mmm\/\"}]}<\/script>\n<!-- \/ Yoast SEO plugin. -->","yoast_head_json":{"title":"S\u00f3cio do Moreira Menezes, Martins Advogados \u00e9 convidado para integrar a Comiss\u00e3o de Juristas da C\u00e2mara dos Deputados que examina o projeto de C\u00f3digo Comercial Brasileiro - Moreira Menezes Martins","robots":{"index":"index","follow":"follow","max-snippet":"max-snippet:-1","max-image-preview":"max-image-preview:large","max-video-preview":"max-video-preview:-1"},"canonical":"https:\/\/moreiramenezes.com.br\/en\/socio-do-moreira-menezes-martins-miranda-advogados-e-convidado-para-integrar-a-comissao-de-juristas-da-camara-dos-deputados-que-examina-o-projeto-de-codigo-comercial-brasileiro\/","og_locale":"en_US","og_type":"article","og_title":"S\u00f3cio do Moreira Menezes, Martins Advogados \u00e9 convidado para integrar a Comiss\u00e3o de Juristas da C\u00e2mara dos Deputados que examina o projeto de C\u00f3digo Comercial Brasileiro - Moreira Menezes Martins","og_description":"Mauricio Moreira Menezes, s\u00f3cio de Moreira Menezes, Martins Advogados, foi convidado pelo Presidente da Comiss\u00e3o Especial da C\u00e2mara dos Deputados para integrar o seleto corpo de juristas da referida Comiss\u00e3o, para fins de elabora\u00e7\u00e3o de parecer t\u00e9cnico e apresenta\u00e7\u00e3o de poss\u00edveis propostas de altera\u00e7\u00e3o ao Projeto de Lei da C\u00e2mara n\u00ba 1.572\/2011 (\u201cPL 1.572\/11\u201d), que [&hellip;]","og_url":"https:\/\/moreiramenezes.com.br\/en\/socio-do-moreira-menezes-martins-miranda-advogados-e-convidado-para-integrar-a-comissao-de-juristas-da-camara-dos-deputados-que-examina-o-projeto-de-codigo-comercial-brasileiro\/","og_site_name":"Moreira Menezes Martins","article_published_time":"2015-06-17T14:32:54+00:00","author":"mmm","twitter_card":"summary_large_image","twitter_misc":{"Written by":"mmm","Est. reading time":"1 minute"},"schema":{"@context":"https:\/\/schema.org","@graph":[{"@type":"Article","@id":"https:\/\/moreiramenezes.com.br\/socio-do-moreira-menezes-martins-miranda-advogados-e-convidado-para-integrar-a-comissao-de-juristas-da-camara-dos-deputados-que-examina-o-projeto-de-codigo-comercial-brasileiro\/#article","isPartOf":{"@id":"https:\/\/moreiramenezes.com.br\/socio-do-moreira-menezes-martins-miranda-advogados-e-convidado-para-integrar-a-comissao-de-juristas-da-camara-dos-deputados-que-examina-o-projeto-de-codigo-comercial-brasileiro\/"},"author":{"name":"mmm","@id":"https:\/\/moreiramenezes.com.br\/#\/schema\/person\/d525376b6c67f0d68e4dfc4475c65d78"},"headline":"S\u00f3cio do Moreira Menezes, Martins Advogados \u00e9 convidado para integrar a Comiss\u00e3o de Juristas da C\u00e2mara dos Deputados que examina o projeto de C\u00f3digo Comercial Brasileiro","datePublished":"2015-06-17T14:32:54+00:00","mainEntityOfPage":{"@id":"https:\/\/moreiramenezes.com.br\/socio-do-moreira-menezes-martins-miranda-advogados-e-convidado-para-integrar-a-comissao-de-juristas-da-camara-dos-deputados-que-examina-o-projeto-de-codigo-comercial-brasileiro\/"},"wordCount":173,"articleSection":["Not\u00edcias"],"inLanguage":"en-US"},{"@type":"WebPage","@id":"https:\/\/moreiramenezes.com.br\/socio-do-moreira-menezes-martins-miranda-advogados-e-convidado-para-integrar-a-comissao-de-juristas-da-camara-dos-deputados-que-examina-o-projeto-de-codigo-comercial-brasileiro\/","url":"https:\/\/moreiramenezes.com.br\/socio-do-moreira-menezes-martins-miranda-advogados-e-convidado-para-integrar-a-comissao-de-juristas-da-camara-dos-deputados-que-examina-o-projeto-de-codigo-comercial-brasileiro\/","name":"S\u00f3cio do Moreira Menezes, Martins Advogados \u00e9 convidado para integrar a Comiss\u00e3o de Juristas da C\u00e2mara dos Deputados que examina o projeto de C\u00f3digo Comercial Brasileiro - Moreira Menezes Martins","isPartOf":{"@id":"https:\/\/moreiramenezes.com.br\/#website"},"datePublished":"2015-06-17T14:32:54+00:00","author":{"@id":"https:\/\/moreiramenezes.com.br\/#\/schema\/person\/d525376b6c67f0d68e4dfc4475c65d78"},"breadcrumb":{"@id":"https:\/\/moreiramenezes.com.br\/socio-do-moreira-menezes-martins-miranda-advogados-e-convidado-para-integrar-a-comissao-de-juristas-da-camara-dos-deputados-que-examina-o-projeto-de-codigo-comercial-brasileiro\/#breadcrumb"},"inLanguage":"en-US","potentialAction":[{"@type":"ReadAction","target":["https:\/\/moreiramenezes.com.br\/socio-do-moreira-menezes-martins-miranda-advogados-e-convidado-para-integrar-a-comissao-de-juristas-da-camara-dos-deputados-que-examina-o-projeto-de-codigo-comercial-brasileiro\/"]}]},{"@type":"BreadcrumbList","@id":"https:\/\/moreiramenezes.com.br\/socio-do-moreira-menezes-martins-miranda-advogados-e-convidado-para-integrar-a-comissao-de-juristas-da-camara-dos-deputados-que-examina-o-projeto-de-codigo-comercial-brasileiro\/#breadcrumb","itemListElement":[{"@type":"ListItem","position":1,"name":"In\u00edcio","item":"https:\/\/moreiramenezes.com.br\/"},{"@type":"ListItem","position":2,"name":"Not\u00edcias","item":"https:\/\/moreiramenezes.com.br\/categorias\/noticias\/"},{"@type":"ListItem","position":3,"name":"S\u00f3cio do Moreira Menezes, Martins Advogados \u00e9 convidado para integrar a Comiss\u00e3o de Juristas da C\u00e2mara dos Deputados que examina o projeto de C\u00f3digo Comercial Brasileiro"}]},{"@type":"WebSite","@id":"https:\/\/moreiramenezes.com.br\/#website","url":"https:\/\/moreiramenezes.com.br\/","name":"Moreira Menezes Martins","description":"Moreira Menezes Martins - Advogados","potentialAction":[{"@type":"SearchAction","target":{"@type":"EntryPoint","urlTemplate":"https:\/\/moreiramenezes.com.br\/?s={search_term_string}"},"query-input":{"@type":"PropertyValueSpecification","valueRequired":true,"valueName":"search_term_string"}}],"inLanguage":"en-US"},{"@type":"Person","@id":"https:\/\/moreiramenezes.com.br\/#\/schema\/person\/d525376b6c67f0d68e4dfc4475c65d78","name":"mmm","image":{"@type":"ImageObject","inLanguage":"en-US","@id":"https:\/\/moreiramenezes.com.br\/#\/schema\/person\/image\/","url":"https:\/\/secure.gravatar.com\/avatar\/b16ca84b829f7fb3fcc92f2393d367798a989833972255f9a2b76b056e135746?s=96&d=mm&r=g","contentUrl":"https:\/\/secure.gravatar.com\/avatar\/b16ca84b829f7fb3fcc92f2393d367798a989833972255f9a2b76b056e135746?s=96&d=mm&r=g","caption":"mmm"},"sameAs":["https:\/\/moreiramenezes.com"],"url":"https:\/\/moreiramenezes.com.br\/en\/author\/mmm\/"}]}},"_links":{"self":[{"href":"https:\/\/moreiramenezes.com.br\/en\/wp-json\/wp\/v2\/posts\/636","targetHints":{"allow":["GET"]}}],"collection":[{"href":"https:\/\/moreiramenezes.com.br\/en\/wp-json\/wp\/v2\/posts"}],"about":[{"href":"https:\/\/moreiramenezes.com.br\/en\/wp-json\/wp\/v2\/types\/post"}],"author":[{"embeddable":true,"href":"https:\/\/moreiramenezes.com.br\/en\/wp-json\/wp\/v2\/users\/1"}],"replies":[{"embeddable":true,"href":"https:\/\/moreiramenezes.com.br\/en\/wp-json\/wp\/v2\/comments?post=636"}],"version-history":[{"count":0,"href":"https:\/\/moreiramenezes.com.br\/en\/wp-json\/wp\/v2\/posts\/636\/revisions"}],"wp:attachment":[{"href":"https:\/\/moreiramenezes.com.br\/en\/wp-json\/wp\/v2\/media?parent=636"}],"wp:term":[{"taxonomy":"category","embeddable":true,"href":"https:\/\/moreiramenezes.com.br\/en\/wp-json\/wp\/v2\/categories?post=636"},{"taxonomy":"post_tag","embeddable":true,"href":"https:\/\/moreiramenezes.com.br\/en\/wp-json\/wp\/v2\/tags?post=636"}],"curies":[{"name":"wp","href":"https:\/\/api.w.org\/{rel}","templated":true}]}}