{"id":549,"date":"2015-02-27T11:07:00","date_gmt":"2015-02-27T14:07:00","guid":{"rendered":"http:\/\/www.moreiramenezes.com.br\/?post_type=publicacoes&#038;p=549"},"modified":"2020-09-30T00:14:35","modified_gmt":"2020-09-30T00:14:35","slug":"socios-do-moreira-menezes-martins-miranda-advogados-participam-para-ii-jornada-de-direito-comercial","status":"publish","type":"post","link":"https:\/\/moreiramenezes.com.br\/en\/socios-do-moreira-menezes-martins-miranda-advogados-participam-para-ii-jornada-de-direito-comercial\/","title":{"rendered":"S\u00f3cios do Moreira Menezes, Martins Advogados participam para II Jornada de Direito Comercial"},"content":{"rendered":"<p>O evento, realizado no audit\u00f3rio do CJF, em Bras\u00edlia, nos dias 26 e 27 de fevereiro, \u00e9 organizado pelo Centro de Estudos Judici\u00e1rios (CEJ) do Conselho da Justi\u00e7a Federal (CJF), com o apoio da Escola Nacional de Forma\u00e7\u00e3o e Aperfei\u00e7oamento de Magistrados (ENFAM) e da Associa\u00e7\u00e3o dos Ju\u00edzes Federais do Brasil (AJUFE).<\/p>\n<p>O encontro, voltado principalmente a ministros de tribunais superiores, magistrados federais e estaduais, bem como a professores, especialistas e representantes de entidades relacionadas ao tema, membros do Minist\u00e9rio P\u00fablico conta com a coordena\u00e7\u00e3o cient\u00edfica do Ministro aposentado do STJ Ruy Rosado de Aguiar Jr., que coordenou a edi\u00e7\u00e3o anterior do evento, al\u00e9m de v\u00e1rias Jornadas de Direito Civil.<\/p>\n<p>Na abertura da jornada, s\u00e3o apresentados e delimitados os temas das quatro comiss\u00f5es de trabalho, que ficar\u00e3o respons\u00e1veis pela discuss\u00e3o e aprova\u00e7\u00e3o dos enunciados a serem debatidos na reuni\u00e3o plen\u00e1ria do evento para aprova\u00e7\u00e3o final.<\/p>","protected":false},"excerpt":{"rendered":"<p>O evento, realizado no audit\u00f3rio do CJF, em Bras\u00edlia, nos dias 26 e 27 de fevereiro, \u00e9 organizado pelo Centro de Estudos Judici\u00e1rios (CEJ) do Conselho da Justi\u00e7a Federal (CJF), com o apoio da Escola Nacional de Forma\u00e7\u00e3o e Aperfei\u00e7oamento de Magistrados (ENFAM) e da Associa\u00e7\u00e3o dos Ju\u00edzes Federais do Brasil (AJUFE). O encontro, voltado [&hellip;]<\/p>","protected":false},"author":1,"featured_media":0,"comment_status":"closed","ping_status":"closed","sticky":false,"template":"","format":"standard","meta":{"footnotes":""},"categories":[5],"tags":[],"class_list":["post-549","post","type-post","status-publish","format-standard","hentry","category-noticias"],"yoast_head":"<!-- This site is optimized with the Yoast SEO plugin v26.9 - https:\/\/yoast.com\/product\/yoast-seo-wordpress\/ -->\n<title>S\u00f3cios do Moreira Menezes, Martins Advogados participam para II Jornada de Direito Comercial - Moreira Menezes Martins<\/title>\n<meta name=\"robots\" content=\"index, follow, max-snippet:-1, max-image-preview:large, max-video-preview:-1\" \/>\n<link rel=\"canonical\" href=\"https:\/\/moreiramenezes.com.br\/en\/socios-do-moreira-menezes-martins-miranda-advogados-participam-para-ii-jornada-de-direito-comercial\/\" \/>\n<meta property=\"og:locale\" content=\"en_US\" \/>\n<meta property=\"og:type\" content=\"article\" \/>\n<meta property=\"og:title\" content=\"S\u00f3cios do Moreira Menezes, Martins Advogados participam para II Jornada de Direito Comercial - Moreira Menezes Martins\" \/>\n<meta property=\"og:description\" content=\"O evento, realizado no audit\u00f3rio do CJF, em Bras\u00edlia, nos dias 26 e 27 de fevereiro, \u00e9 organizado pelo Centro de Estudos Judici\u00e1rios (CEJ) do Conselho da Justi\u00e7a Federal (CJF), com o apoio da Escola Nacional de Forma\u00e7\u00e3o e Aperfei\u00e7oamento de Magistrados (ENFAM) e da Associa\u00e7\u00e3o dos Ju\u00edzes Federais do Brasil (AJUFE). O encontro, voltado [&hellip;]\" \/>\n<meta property=\"og:url\" content=\"https:\/\/moreiramenezes.com.br\/en\/socios-do-moreira-menezes-martins-miranda-advogados-participam-para-ii-jornada-de-direito-comercial\/\" \/>\n<meta property=\"og:site_name\" content=\"Moreira Menezes Martins\" \/>\n<meta property=\"article:published_time\" content=\"2015-02-27T14:07:00+00:00\" \/>\n<meta property=\"article:modified_time\" content=\"2020-09-30T00:14:35+00:00\" \/>\n<meta name=\"author\" content=\"mmm\" \/>\n<meta name=\"twitter:card\" content=\"summary_large_image\" \/>\n<meta name=\"twitter:label1\" content=\"Written by\" \/>\n\t<meta name=\"twitter:data1\" content=\"mmm\" \/>\n\t<meta name=\"twitter:label2\" content=\"Est. reading time\" \/>\n\t<meta name=\"twitter:data2\" content=\"1 minute\" \/>\n<script type=\"application\/ld+json\" class=\"yoast-schema-graph\">{\"@context\":\"https:\/\/schema.org\",\"@graph\":[{\"@type\":\"Article\",\"@id\":\"https:\/\/moreiramenezes.com.br\/socios-do-moreira-menezes-martins-miranda-advogados-participam-para-ii-jornada-de-direito-comercial\/#article\",\"isPartOf\":{\"@id\":\"https:\/\/moreiramenezes.com.br\/socios-do-moreira-menezes-martins-miranda-advogados-participam-para-ii-jornada-de-direito-comercial\/\"},\"author\":{\"name\":\"mmm\",\"@id\":\"https:\/\/moreiramenezes.com.br\/#\/schema\/person\/d525376b6c67f0d68e4dfc4475c65d78\"},\"headline\":\"S\u00f3cios do Moreira Menezes, Martins Advogados participam para II Jornada de Direito Comercial\",\"datePublished\":\"2015-02-27T14:07:00+00:00\",\"dateModified\":\"2020-09-30T00:14:35+00:00\",\"mainEntityOfPage\":{\"@id\":\"https:\/\/moreiramenezes.com.br\/socios-do-moreira-menezes-martins-miranda-advogados-participam-para-ii-jornada-de-direito-comercial\/\"},\"wordCount\":180,\"articleSection\":[\"Not\u00edcias\"],\"inLanguage\":\"en-US\"},{\"@type\":\"WebPage\",\"@id\":\"https:\/\/moreiramenezes.com.br\/socios-do-moreira-menezes-martins-miranda-advogados-participam-para-ii-jornada-de-direito-comercial\/\",\"url\":\"https:\/\/moreiramenezes.com.br\/socios-do-moreira-menezes-martins-miranda-advogados-participam-para-ii-jornada-de-direito-comercial\/\",\"name\":\"S\u00f3cios do Moreira Menezes, Martins Advogados participam para II Jornada de Direito Comercial - Moreira Menezes Martins\",\"isPartOf\":{\"@id\":\"https:\/\/moreiramenezes.com.br\/#website\"},\"datePublished\":\"2015-02-27T14:07:00+00:00\",\"dateModified\":\"2020-09-30T00:14:35+00:00\",\"author\":{\"@id\":\"https:\/\/moreiramenezes.com.br\/#\/schema\/person\/d525376b6c67f0d68e4dfc4475c65d78\"},\"breadcrumb\":{\"@id\":\"https:\/\/moreiramenezes.com.br\/socios-do-moreira-menezes-martins-miranda-advogados-participam-para-ii-jornada-de-direito-comercial\/#breadcrumb\"},\"inLanguage\":\"en-US\",\"potentialAction\":[{\"@type\":\"ReadAction\",\"target\":[\"https:\/\/moreiramenezes.com.br\/socios-do-moreira-menezes-martins-miranda-advogados-participam-para-ii-jornada-de-direito-comercial\/\"]}]},{\"@type\":\"BreadcrumbList\",\"@id\":\"https:\/\/moreiramenezes.com.br\/socios-do-moreira-menezes-martins-miranda-advogados-participam-para-ii-jornada-de-direito-comercial\/#breadcrumb\",\"itemListElement\":[{\"@type\":\"ListItem\",\"position\":1,\"name\":\"In\u00edcio\",\"item\":\"https:\/\/moreiramenezes.com.br\/\"},{\"@type\":\"ListItem\",\"position\":2,\"name\":\"Not\u00edcias\",\"item\":\"https:\/\/moreiramenezes.com.br\/categorias\/noticias\/\"},{\"@type\":\"ListItem\",\"position\":3,\"name\":\"S\u00f3cios do Moreira Menezes, Martins Advogados participam para II Jornada de Direito Comercial\"}]},{\"@type\":\"WebSite\",\"@id\":\"https:\/\/moreiramenezes.com.br\/#website\",\"url\":\"https:\/\/moreiramenezes.com.br\/\",\"name\":\"Moreira Menezes Martins\",\"description\":\"Moreira Menezes Martins - Advogados\",\"potentialAction\":[{\"@type\":\"SearchAction\",\"target\":{\"@type\":\"EntryPoint\",\"urlTemplate\":\"https:\/\/moreiramenezes.com.br\/?s={search_term_string}\"},\"query-input\":{\"@type\":\"PropertyValueSpecification\",\"valueRequired\":true,\"valueName\":\"search_term_string\"}}],\"inLanguage\":\"en-US\"},{\"@type\":\"Person\",\"@id\":\"https:\/\/moreiramenezes.com.br\/#\/schema\/person\/d525376b6c67f0d68e4dfc4475c65d78\",\"name\":\"mmm\",\"image\":{\"@type\":\"ImageObject\",\"inLanguage\":\"en-US\",\"@id\":\"https:\/\/moreiramenezes.com.br\/#\/schema\/person\/image\/\",\"url\":\"https:\/\/secure.gravatar.com\/avatar\/b16ca84b829f7fb3fcc92f2393d367798a989833972255f9a2b76b056e135746?s=96&d=mm&r=g\",\"contentUrl\":\"https:\/\/secure.gravatar.com\/avatar\/b16ca84b829f7fb3fcc92f2393d367798a989833972255f9a2b76b056e135746?s=96&d=mm&r=g\",\"caption\":\"mmm\"},\"sameAs\":[\"https:\/\/moreiramenezes.com\"],\"url\":\"https:\/\/moreiramenezes.com.br\/en\/author\/mmm\/\"}]}<\/script>\n<!-- \/ Yoast SEO plugin. -->","yoast_head_json":{"title":"S\u00f3cios do Moreira Menezes, Martins Advogados participam para II Jornada de Direito Comercial - Moreira Menezes Martins","robots":{"index":"index","follow":"follow","max-snippet":"max-snippet:-1","max-image-preview":"max-image-preview:large","max-video-preview":"max-video-preview:-1"},"canonical":"https:\/\/moreiramenezes.com.br\/en\/socios-do-moreira-menezes-martins-miranda-advogados-participam-para-ii-jornada-de-direito-comercial\/","og_locale":"en_US","og_type":"article","og_title":"S\u00f3cios do Moreira Menezes, Martins Advogados participam para II Jornada de Direito Comercial - Moreira Menezes Martins","og_description":"O evento, realizado no audit\u00f3rio do CJF, em Bras\u00edlia, nos dias 26 e 27 de fevereiro, \u00e9 organizado pelo Centro de Estudos Judici\u00e1rios (CEJ) do Conselho da Justi\u00e7a Federal (CJF), com o apoio da Escola Nacional de Forma\u00e7\u00e3o e Aperfei\u00e7oamento de Magistrados (ENFAM) e da Associa\u00e7\u00e3o dos Ju\u00edzes Federais do Brasil (AJUFE). O encontro, voltado [&hellip;]","og_url":"https:\/\/moreiramenezes.com.br\/en\/socios-do-moreira-menezes-martins-miranda-advogados-participam-para-ii-jornada-de-direito-comercial\/","og_site_name":"Moreira Menezes Martins","article_published_time":"2015-02-27T14:07:00+00:00","article_modified_time":"2020-09-30T00:14:35+00:00","author":"mmm","twitter_card":"summary_large_image","twitter_misc":{"Written by":"mmm","Est. reading time":"1 minute"},"schema":{"@context":"https:\/\/schema.org","@graph":[{"@type":"Article","@id":"https:\/\/moreiramenezes.com.br\/socios-do-moreira-menezes-martins-miranda-advogados-participam-para-ii-jornada-de-direito-comercial\/#article","isPartOf":{"@id":"https:\/\/moreiramenezes.com.br\/socios-do-moreira-menezes-martins-miranda-advogados-participam-para-ii-jornada-de-direito-comercial\/"},"author":{"name":"mmm","@id":"https:\/\/moreiramenezes.com.br\/#\/schema\/person\/d525376b6c67f0d68e4dfc4475c65d78"},"headline":"S\u00f3cios do Moreira Menezes, Martins Advogados participam para II Jornada de Direito Comercial","datePublished":"2015-02-27T14:07:00+00:00","dateModified":"2020-09-30T00:14:35+00:00","mainEntityOfPage":{"@id":"https:\/\/moreiramenezes.com.br\/socios-do-moreira-menezes-martins-miranda-advogados-participam-para-ii-jornada-de-direito-comercial\/"},"wordCount":180,"articleSection":["Not\u00edcias"],"inLanguage":"en-US"},{"@type":"WebPage","@id":"https:\/\/moreiramenezes.com.br\/socios-do-moreira-menezes-martins-miranda-advogados-participam-para-ii-jornada-de-direito-comercial\/","url":"https:\/\/moreiramenezes.com.br\/socios-do-moreira-menezes-martins-miranda-advogados-participam-para-ii-jornada-de-direito-comercial\/","name":"S\u00f3cios do Moreira Menezes, Martins Advogados participam para II Jornada de Direito Comercial - Moreira Menezes Martins","isPartOf":{"@id":"https:\/\/moreiramenezes.com.br\/#website"},"datePublished":"2015-02-27T14:07:00+00:00","dateModified":"2020-09-30T00:14:35+00:00","author":{"@id":"https:\/\/moreiramenezes.com.br\/#\/schema\/person\/d525376b6c67f0d68e4dfc4475c65d78"},"breadcrumb":{"@id":"https:\/\/moreiramenezes.com.br\/socios-do-moreira-menezes-martins-miranda-advogados-participam-para-ii-jornada-de-direito-comercial\/#breadcrumb"},"inLanguage":"en-US","potentialAction":[{"@type":"ReadAction","target":["https:\/\/moreiramenezes.com.br\/socios-do-moreira-menezes-martins-miranda-advogados-participam-para-ii-jornada-de-direito-comercial\/"]}]},{"@type":"BreadcrumbList","@id":"https:\/\/moreiramenezes.com.br\/socios-do-moreira-menezes-martins-miranda-advogados-participam-para-ii-jornada-de-direito-comercial\/#breadcrumb","itemListElement":[{"@type":"ListItem","position":1,"name":"In\u00edcio","item":"https:\/\/moreiramenezes.com.br\/"},{"@type":"ListItem","position":2,"name":"Not\u00edcias","item":"https:\/\/moreiramenezes.com.br\/categorias\/noticias\/"},{"@type":"ListItem","position":3,"name":"S\u00f3cios do Moreira Menezes, Martins Advogados participam para II Jornada de Direito Comercial"}]},{"@type":"WebSite","@id":"https:\/\/moreiramenezes.com.br\/#website","url":"https:\/\/moreiramenezes.com.br\/","name":"Moreira Menezes Martins","description":"Moreira Menezes Martins - Advogados","potentialAction":[{"@type":"SearchAction","target":{"@type":"EntryPoint","urlTemplate":"https:\/\/moreiramenezes.com.br\/?s={search_term_string}"},"query-input":{"@type":"PropertyValueSpecification","valueRequired":true,"valueName":"search_term_string"}}],"inLanguage":"en-US"},{"@type":"Person","@id":"https:\/\/moreiramenezes.com.br\/#\/schema\/person\/d525376b6c67f0d68e4dfc4475c65d78","name":"mmm","image":{"@type":"ImageObject","inLanguage":"en-US","@id":"https:\/\/moreiramenezes.com.br\/#\/schema\/person\/image\/","url":"https:\/\/secure.gravatar.com\/avatar\/b16ca84b829f7fb3fcc92f2393d367798a989833972255f9a2b76b056e135746?s=96&d=mm&r=g","contentUrl":"https:\/\/secure.gravatar.com\/avatar\/b16ca84b829f7fb3fcc92f2393d367798a989833972255f9a2b76b056e135746?s=96&d=mm&r=g","caption":"mmm"},"sameAs":["https:\/\/moreiramenezes.com"],"url":"https:\/\/moreiramenezes.com.br\/en\/author\/mmm\/"}]}},"_links":{"self":[{"href":"https:\/\/moreiramenezes.com.br\/en\/wp-json\/wp\/v2\/posts\/549","targetHints":{"allow":["GET"]}}],"collection":[{"href":"https:\/\/moreiramenezes.com.br\/en\/wp-json\/wp\/v2\/posts"}],"about":[{"href":"https:\/\/moreiramenezes.com.br\/en\/wp-json\/wp\/v2\/types\/post"}],"author":[{"embeddable":true,"href":"https:\/\/moreiramenezes.com.br\/en\/wp-json\/wp\/v2\/users\/1"}],"replies":[{"embeddable":true,"href":"https:\/\/moreiramenezes.com.br\/en\/wp-json\/wp\/v2\/comments?post=549"}],"version-history":[{"count":1,"href":"https:\/\/moreiramenezes.com.br\/en\/wp-json\/wp\/v2\/posts\/549\/revisions"}],"predecessor-version":[{"id":2731,"href":"https:\/\/moreiramenezes.com.br\/en\/wp-json\/wp\/v2\/posts\/549\/revisions\/2731"}],"wp:attachment":[{"href":"https:\/\/moreiramenezes.com.br\/en\/wp-json\/wp\/v2\/media?parent=549"}],"wp:term":[{"taxonomy":"category","embeddable":true,"href":"https:\/\/moreiramenezes.com.br\/en\/wp-json\/wp\/v2\/categories?post=549"},{"taxonomy":"post_tag","embeddable":true,"href":"https:\/\/moreiramenezes.com.br\/en\/wp-json\/wp\/v2\/tags?post=549"}],"curies":[{"name":"wp","href":"https:\/\/api.w.org\/{rel}","templated":true}]}}