{"id":505,"date":"2006-01-10T21:53:39","date_gmt":"2006-01-10T21:53:39","guid":{"rendered":"http:\/\/www.moreiramenezes.com.br\/wp-resp\/\/?post_type=publicacoes&#038;p=207"},"modified":"2022-03-04T20:23:45","modified_gmt":"2022-03-04T20:23:45","slug":"reflexoes-sobre-o-regime-juridico-da-coligacao-societaria-e-a-transferencia-de-tecnologia-entre-sociedades-coligadas","status":"publish","type":"post","link":"https:\/\/moreiramenezes.com.br\/en\/reflexoes-sobre-o-regime-juridico-da-coligacao-societaria-e-a-transferencia-de-tecnologia-entre-sociedades-coligadas\/","title":{"rendered":"Reflex\u00f5es sobre o regime jur\u00eddico da coliga\u00e7\u00e3o societ\u00e1ria e a transfer\u00eancia de tecnologia entre sociedades coligadas"},"content":{"rendered":"<p>Leia o artigo na \u00edntegra:\u00a0<a href=\"https:\/\/moreiramenezes.com.br\/wp-content\/uploads\/2014\/12\/Artigo-Coligadas-RDM-141.pdf\" target=\"_blank\" rel=\"noopener noreferrer\"> Revista de Direito Mercantil Vol. 141<br \/>\n<\/a><\/p>\n<p class=\"p1\"><span class=\"s1\"><b>Revista de Direito Mercantil, Industrial, Econ\u00f4mico e Financeiro<\/b>. S\u00e3o Paulo, vol. 141,<b> <\/b>p. 147-168, jan.\/mar. 2007.<\/span><\/p>\n<p><em>Mauricio Moreira Mendon\u00e7a de Menezes<\/em><\/p>","protected":false},"excerpt":{"rendered":"<p>Leia o artigo na \u00edntegra:\u00a0 Revista de Direito Mercantil Vol. 141 Revista de Direito Mercantil, Industrial, Econ\u00f4mico e Financeiro. S\u00e3o Paulo, vol. 141, p. 147-168, jan.\/mar. 2007. Mauricio Moreira Mendon\u00e7a de Menezes<\/p>","protected":false},"author":1,"featured_media":0,"comment_status":"closed","ping_status":"closed","sticky":false,"template":"","format":"standard","meta":{"footnotes":""},"categories":[10],"tags":[],"class_list":["post-505","post","type-post","status-publish","format-standard","hentry","category-artigos"],"yoast_head":"<!-- This site is optimized with the Yoast SEO plugin v26.9 - https:\/\/yoast.com\/product\/yoast-seo-wordpress\/ -->\n<title>Reflex\u00f5es sobre o regime jur\u00eddico da coliga\u00e7\u00e3o societ\u00e1ria e a transfer\u00eancia de tecnologia entre sociedades coligadas - Moreira Menezes Martins<\/title>\n<meta name=\"robots\" content=\"index, follow, max-snippet:-1, max-image-preview:large, max-video-preview:-1\" \/>\n<link rel=\"canonical\" href=\"https:\/\/moreiramenezes.com.br\/en\/reflexoes-sobre-o-regime-juridico-da-coligacao-societaria-e-a-transferencia-de-tecnologia-entre-sociedades-coligadas\/\" \/>\n<meta property=\"og:locale\" content=\"en_US\" \/>\n<meta property=\"og:type\" content=\"article\" \/>\n<meta property=\"og:title\" content=\"Reflex\u00f5es sobre o regime jur\u00eddico da coliga\u00e7\u00e3o societ\u00e1ria e a transfer\u00eancia de tecnologia entre sociedades coligadas - Moreira Menezes Martins\" \/>\n<meta property=\"og:description\" content=\"Leia o artigo na \u00edntegra:\u00a0 Revista de Direito Mercantil Vol. 141 Revista de Direito Mercantil, Industrial, Econ\u00f4mico e Financeiro. S\u00e3o Paulo, vol. 141, p. 147-168, jan.\/mar. 2007. Mauricio Moreira Mendon\u00e7a de Menezes\" \/>\n<meta property=\"og:url\" content=\"https:\/\/moreiramenezes.com.br\/en\/reflexoes-sobre-o-regime-juridico-da-coligacao-societaria-e-a-transferencia-de-tecnologia-entre-sociedades-coligadas\/\" \/>\n<meta property=\"og:site_name\" content=\"Moreira Menezes Martins\" \/>\n<meta property=\"article:published_time\" content=\"2006-01-10T21:53:39+00:00\" \/>\n<meta property=\"article:modified_time\" content=\"2022-03-04T20:23:45+00:00\" \/>\n<meta name=\"author\" content=\"mmm\" \/>\n<meta name=\"twitter:card\" content=\"summary_large_image\" \/>\n<meta name=\"twitter:label1\" content=\"Written by\" \/>\n\t<meta name=\"twitter:data1\" content=\"mmm\" \/>\n\t<meta name=\"twitter:label2\" content=\"Est. reading time\" \/>\n\t<meta name=\"twitter:data2\" content=\"1 minute\" \/>\n<script type=\"application\/ld+json\" class=\"yoast-schema-graph\">{\"@context\":\"https:\/\/schema.org\",\"@graph\":[{\"@type\":\"Article\",\"@id\":\"https:\/\/moreiramenezes.com.br\/reflexoes-sobre-o-regime-juridico-da-coligacao-societaria-e-a-transferencia-de-tecnologia-entre-sociedades-coligadas\/#article\",\"isPartOf\":{\"@id\":\"https:\/\/moreiramenezes.com.br\/reflexoes-sobre-o-regime-juridico-da-coligacao-societaria-e-a-transferencia-de-tecnologia-entre-sociedades-coligadas\/\"},\"author\":{\"name\":\"mmm\",\"@id\":\"https:\/\/moreiramenezes.com.br\/#\/schema\/person\/d525376b6c67f0d68e4dfc4475c65d78\"},\"headline\":\"Reflex\u00f5es sobre o regime jur\u00eddico da coliga\u00e7\u00e3o societ\u00e1ria e a transfer\u00eancia de tecnologia entre sociedades coligadas\",\"datePublished\":\"2006-01-10T21:53:39+00:00\",\"dateModified\":\"2022-03-04T20:23:45+00:00\",\"mainEntityOfPage\":{\"@id\":\"https:\/\/moreiramenezes.com.br\/reflexoes-sobre-o-regime-juridico-da-coligacao-societaria-e-a-transferencia-de-tecnologia-entre-sociedades-coligadas\/\"},\"wordCount\":54,\"articleSection\":[\"Artigos\"],\"inLanguage\":\"en-US\"},{\"@type\":\"WebPage\",\"@id\":\"https:\/\/moreiramenezes.com.br\/reflexoes-sobre-o-regime-juridico-da-coligacao-societaria-e-a-transferencia-de-tecnologia-entre-sociedades-coligadas\/\",\"url\":\"https:\/\/moreiramenezes.com.br\/reflexoes-sobre-o-regime-juridico-da-coligacao-societaria-e-a-transferencia-de-tecnologia-entre-sociedades-coligadas\/\",\"name\":\"Reflex\u00f5es sobre o regime jur\u00eddico da coliga\u00e7\u00e3o societ\u00e1ria e a transfer\u00eancia de tecnologia entre sociedades coligadas - Moreira Menezes Martins\",\"isPartOf\":{\"@id\":\"https:\/\/moreiramenezes.com.br\/#website\"},\"datePublished\":\"2006-01-10T21:53:39+00:00\",\"dateModified\":\"2022-03-04T20:23:45+00:00\",\"author\":{\"@id\":\"https:\/\/moreiramenezes.com.br\/#\/schema\/person\/d525376b6c67f0d68e4dfc4475c65d78\"},\"breadcrumb\":{\"@id\":\"https:\/\/moreiramenezes.com.br\/reflexoes-sobre-o-regime-juridico-da-coligacao-societaria-e-a-transferencia-de-tecnologia-entre-sociedades-coligadas\/#breadcrumb\"},\"inLanguage\":\"en-US\",\"potentialAction\":[{\"@type\":\"ReadAction\",\"target\":[\"https:\/\/moreiramenezes.com.br\/reflexoes-sobre-o-regime-juridico-da-coligacao-societaria-e-a-transferencia-de-tecnologia-entre-sociedades-coligadas\/\"]}]},{\"@type\":\"BreadcrumbList\",\"@id\":\"https:\/\/moreiramenezes.com.br\/reflexoes-sobre-o-regime-juridico-da-coligacao-societaria-e-a-transferencia-de-tecnologia-entre-sociedades-coligadas\/#breadcrumb\",\"itemListElement\":[{\"@type\":\"ListItem\",\"position\":1,\"name\":\"In\u00edcio\",\"item\":\"https:\/\/moreiramenezes.com.br\/\"},{\"@type\":\"ListItem\",\"position\":2,\"name\":\"Artigos\",\"item\":\"https:\/\/moreiramenezes.com.br\/categorias\/artigos\/\"},{\"@type\":\"ListItem\",\"position\":3,\"name\":\"Reflex\u00f5es sobre o regime jur\u00eddico da coliga\u00e7\u00e3o societ\u00e1ria e a transfer\u00eancia de tecnologia entre sociedades coligadas\"}]},{\"@type\":\"WebSite\",\"@id\":\"https:\/\/moreiramenezes.com.br\/#website\",\"url\":\"https:\/\/moreiramenezes.com.br\/\",\"name\":\"Moreira Menezes Martins\",\"description\":\"Moreira Menezes Martins - Advogados\",\"potentialAction\":[{\"@type\":\"SearchAction\",\"target\":{\"@type\":\"EntryPoint\",\"urlTemplate\":\"https:\/\/moreiramenezes.com.br\/?s={search_term_string}\"},\"query-input\":{\"@type\":\"PropertyValueSpecification\",\"valueRequired\":true,\"valueName\":\"search_term_string\"}}],\"inLanguage\":\"en-US\"},{\"@type\":\"Person\",\"@id\":\"https:\/\/moreiramenezes.com.br\/#\/schema\/person\/d525376b6c67f0d68e4dfc4475c65d78\",\"name\":\"mmm\",\"image\":{\"@type\":\"ImageObject\",\"inLanguage\":\"en-US\",\"@id\":\"https:\/\/moreiramenezes.com.br\/#\/schema\/person\/image\/\",\"url\":\"https:\/\/secure.gravatar.com\/avatar\/b16ca84b829f7fb3fcc92f2393d367798a989833972255f9a2b76b056e135746?s=96&d=mm&r=g\",\"contentUrl\":\"https:\/\/secure.gravatar.com\/avatar\/b16ca84b829f7fb3fcc92f2393d367798a989833972255f9a2b76b056e135746?s=96&d=mm&r=g\",\"caption\":\"mmm\"},\"sameAs\":[\"https:\/\/moreiramenezes.com\"],\"url\":\"https:\/\/moreiramenezes.com.br\/en\/author\/mmm\/\"}]}<\/script>\n<!-- \/ Yoast SEO plugin. -->","yoast_head_json":{"title":"Reflex\u00f5es sobre o regime jur\u00eddico da coliga\u00e7\u00e3o societ\u00e1ria e a transfer\u00eancia de tecnologia entre sociedades coligadas - Moreira Menezes Martins","robots":{"index":"index","follow":"follow","max-snippet":"max-snippet:-1","max-image-preview":"max-image-preview:large","max-video-preview":"max-video-preview:-1"},"canonical":"https:\/\/moreiramenezes.com.br\/en\/reflexoes-sobre-o-regime-juridico-da-coligacao-societaria-e-a-transferencia-de-tecnologia-entre-sociedades-coligadas\/","og_locale":"en_US","og_type":"article","og_title":"Reflex\u00f5es sobre o regime jur\u00eddico da coliga\u00e7\u00e3o societ\u00e1ria e a transfer\u00eancia de tecnologia entre sociedades coligadas - Moreira Menezes Martins","og_description":"Leia o artigo na \u00edntegra:\u00a0 Revista de Direito Mercantil Vol. 141 Revista de Direito Mercantil, Industrial, Econ\u00f4mico e Financeiro. S\u00e3o Paulo, vol. 141, p. 147-168, jan.\/mar. 2007. Mauricio Moreira Mendon\u00e7a de Menezes","og_url":"https:\/\/moreiramenezes.com.br\/en\/reflexoes-sobre-o-regime-juridico-da-coligacao-societaria-e-a-transferencia-de-tecnologia-entre-sociedades-coligadas\/","og_site_name":"Moreira Menezes Martins","article_published_time":"2006-01-10T21:53:39+00:00","article_modified_time":"2022-03-04T20:23:45+00:00","author":"mmm","twitter_card":"summary_large_image","twitter_misc":{"Written by":"mmm","Est. reading time":"1 minute"},"schema":{"@context":"https:\/\/schema.org","@graph":[{"@type":"Article","@id":"https:\/\/moreiramenezes.com.br\/reflexoes-sobre-o-regime-juridico-da-coligacao-societaria-e-a-transferencia-de-tecnologia-entre-sociedades-coligadas\/#article","isPartOf":{"@id":"https:\/\/moreiramenezes.com.br\/reflexoes-sobre-o-regime-juridico-da-coligacao-societaria-e-a-transferencia-de-tecnologia-entre-sociedades-coligadas\/"},"author":{"name":"mmm","@id":"https:\/\/moreiramenezes.com.br\/#\/schema\/person\/d525376b6c67f0d68e4dfc4475c65d78"},"headline":"Reflex\u00f5es sobre o regime jur\u00eddico da coliga\u00e7\u00e3o societ\u00e1ria e a transfer\u00eancia de tecnologia entre sociedades coligadas","datePublished":"2006-01-10T21:53:39+00:00","dateModified":"2022-03-04T20:23:45+00:00","mainEntityOfPage":{"@id":"https:\/\/moreiramenezes.com.br\/reflexoes-sobre-o-regime-juridico-da-coligacao-societaria-e-a-transferencia-de-tecnologia-entre-sociedades-coligadas\/"},"wordCount":54,"articleSection":["Artigos"],"inLanguage":"en-US"},{"@type":"WebPage","@id":"https:\/\/moreiramenezes.com.br\/reflexoes-sobre-o-regime-juridico-da-coligacao-societaria-e-a-transferencia-de-tecnologia-entre-sociedades-coligadas\/","url":"https:\/\/moreiramenezes.com.br\/reflexoes-sobre-o-regime-juridico-da-coligacao-societaria-e-a-transferencia-de-tecnologia-entre-sociedades-coligadas\/","name":"Reflex\u00f5es sobre o regime jur\u00eddico da coliga\u00e7\u00e3o societ\u00e1ria e a transfer\u00eancia de tecnologia entre sociedades coligadas - Moreira Menezes Martins","isPartOf":{"@id":"https:\/\/moreiramenezes.com.br\/#website"},"datePublished":"2006-01-10T21:53:39+00:00","dateModified":"2022-03-04T20:23:45+00:00","author":{"@id":"https:\/\/moreiramenezes.com.br\/#\/schema\/person\/d525376b6c67f0d68e4dfc4475c65d78"},"breadcrumb":{"@id":"https:\/\/moreiramenezes.com.br\/reflexoes-sobre-o-regime-juridico-da-coligacao-societaria-e-a-transferencia-de-tecnologia-entre-sociedades-coligadas\/#breadcrumb"},"inLanguage":"en-US","potentialAction":[{"@type":"ReadAction","target":["https:\/\/moreiramenezes.com.br\/reflexoes-sobre-o-regime-juridico-da-coligacao-societaria-e-a-transferencia-de-tecnologia-entre-sociedades-coligadas\/"]}]},{"@type":"BreadcrumbList","@id":"https:\/\/moreiramenezes.com.br\/reflexoes-sobre-o-regime-juridico-da-coligacao-societaria-e-a-transferencia-de-tecnologia-entre-sociedades-coligadas\/#breadcrumb","itemListElement":[{"@type":"ListItem","position":1,"name":"In\u00edcio","item":"https:\/\/moreiramenezes.com.br\/"},{"@type":"ListItem","position":2,"name":"Artigos","item":"https:\/\/moreiramenezes.com.br\/categorias\/artigos\/"},{"@type":"ListItem","position":3,"name":"Reflex\u00f5es sobre o regime jur\u00eddico da coliga\u00e7\u00e3o societ\u00e1ria e a transfer\u00eancia de tecnologia entre sociedades coligadas"}]},{"@type":"WebSite","@id":"https:\/\/moreiramenezes.com.br\/#website","url":"https:\/\/moreiramenezes.com.br\/","name":"Moreira Menezes Martins","description":"Moreira Menezes Martins - Advogados","potentialAction":[{"@type":"SearchAction","target":{"@type":"EntryPoint","urlTemplate":"https:\/\/moreiramenezes.com.br\/?s={search_term_string}"},"query-input":{"@type":"PropertyValueSpecification","valueRequired":true,"valueName":"search_term_string"}}],"inLanguage":"en-US"},{"@type":"Person","@id":"https:\/\/moreiramenezes.com.br\/#\/schema\/person\/d525376b6c67f0d68e4dfc4475c65d78","name":"mmm","image":{"@type":"ImageObject","inLanguage":"en-US","@id":"https:\/\/moreiramenezes.com.br\/#\/schema\/person\/image\/","url":"https:\/\/secure.gravatar.com\/avatar\/b16ca84b829f7fb3fcc92f2393d367798a989833972255f9a2b76b056e135746?s=96&d=mm&r=g","contentUrl":"https:\/\/secure.gravatar.com\/avatar\/b16ca84b829f7fb3fcc92f2393d367798a989833972255f9a2b76b056e135746?s=96&d=mm&r=g","caption":"mmm"},"sameAs":["https:\/\/moreiramenezes.com"],"url":"https:\/\/moreiramenezes.com.br\/en\/author\/mmm\/"}]}},"_links":{"self":[{"href":"https:\/\/moreiramenezes.com.br\/en\/wp-json\/wp\/v2\/posts\/505","targetHints":{"allow":["GET"]}}],"collection":[{"href":"https:\/\/moreiramenezes.com.br\/en\/wp-json\/wp\/v2\/posts"}],"about":[{"href":"https:\/\/moreiramenezes.com.br\/en\/wp-json\/wp\/v2\/types\/post"}],"author":[{"embeddable":true,"href":"https:\/\/moreiramenezes.com.br\/en\/wp-json\/wp\/v2\/users\/1"}],"replies":[{"embeddable":true,"href":"https:\/\/moreiramenezes.com.br\/en\/wp-json\/wp\/v2\/comments?post=505"}],"version-history":[{"count":2,"href":"https:\/\/moreiramenezes.com.br\/en\/wp-json\/wp\/v2\/posts\/505\/revisions"}],"predecessor-version":[{"id":4193,"href":"https:\/\/moreiramenezes.com.br\/en\/wp-json\/wp\/v2\/posts\/505\/revisions\/4193"}],"wp:attachment":[{"href":"https:\/\/moreiramenezes.com.br\/en\/wp-json\/wp\/v2\/media?parent=505"}],"wp:term":[{"taxonomy":"category","embeddable":true,"href":"https:\/\/moreiramenezes.com.br\/en\/wp-json\/wp\/v2\/categories?post=505"},{"taxonomy":"post_tag","embeddable":true,"href":"https:\/\/moreiramenezes.com.br\/en\/wp-json\/wp\/v2\/tags?post=505"}],"curies":[{"name":"wp","href":"https:\/\/api.w.org\/{rel}","templated":true}]}}