{"id":3236,"date":"2021-02-26T13:19:41","date_gmt":"2021-02-26T13:19:41","guid":{"rendered":"https:\/\/moreiramenezes.com.br\/?p=3236"},"modified":"2021-03-01T19:03:16","modified_gmt":"2021-03-01T19:03:16","slug":"cvm-abre-dois-processos-para-apurar-divulgacoes-envolvendo-a-estatal","status":"publish","type":"post","link":"https:\/\/moreiramenezes.com.br\/en\/cvm-abre-dois-processos-para-apurar-divulgacoes-envolvendo-a-estatal\/","title":{"rendered":"CVM opens two inquiries to examine the recent developments regarding Petrobras"},"content":{"rendered":"<p>Our partner Mauricio Moreira Menezes contributed to a report in Valor Econ\u00f4mico newspaper, commenting on the outlook of the change in Petrobras\u2019s command, as determined by Jair Bolsonaro, which currently is being analyzed by CVM.<\/p>\n<p>Click here to view the full report: <a href=\"https:\/\/moreiramenezes.com.br\/wp-content\/uploads\/2021\/02\/IMG-2262.jpg\">https:\/\/moreiramenezes.com.br\/wp-content\/uploads\/2021\/02\/IMG-2262.jpg<\/a>.<\/p>","protected":false},"excerpt":{"rendered":"<p>On the media<\/p>","protected":false},"author":1,"featured_media":3237,"comment_status":"open","ping_status":"open","sticky":false,"template":"","format":"standard","meta":{"footnotes":""},"categories":[5],"tags":[],"class_list":["post-3236","post","type-post","status-publish","format-standard","has-post-thumbnail","hentry","category-noticias"],"yoast_head":"<!-- This site is optimized with the Yoast SEO plugin v26.9 - https:\/\/yoast.com\/product\/yoast-seo-wordpress\/ -->\n<title>CVM abre dois processos para apurar divulga\u00e7\u00f5es envolvendo a estatal - Moreira Menezes Martins<\/title>\n<meta name=\"robots\" content=\"index, follow, max-snippet:-1, max-image-preview:large, max-video-preview:-1\" \/>\n<link rel=\"canonical\" href=\"https:\/\/moreiramenezes.com.br\/en\/cvm-abre-dois-processos-para-apurar-divulgacoes-envolvendo-a-estatal\/\" \/>\n<meta property=\"og:locale\" content=\"en_US\" \/>\n<meta property=\"og:type\" content=\"article\" \/>\n<meta property=\"og:title\" content=\"CVM abre dois processos para apurar divulga\u00e7\u00f5es envolvendo a estatal - Moreira Menezes Martins\" \/>\n<meta property=\"og:description\" content=\"Na m\u00eddia\" \/>\n<meta property=\"og:url\" content=\"https:\/\/moreiramenezes.com.br\/en\/cvm-abre-dois-processos-para-apurar-divulgacoes-envolvendo-a-estatal\/\" \/>\n<meta property=\"og:site_name\" content=\"Moreira Menezes Martins\" \/>\n<meta property=\"article:published_time\" content=\"2021-02-26T13:19:41+00:00\" \/>\n<meta property=\"article:modified_time\" content=\"2021-03-01T19:03:16+00:00\" \/>\n<meta property=\"og:image\" content=\"https:\/\/moreiramenezes.com.br\/wp-content\/uploads\/2021\/02\/IMG-2262.jpg\" \/>\n\t<meta property=\"og:image:width\" content=\"621\" \/>\n\t<meta property=\"og:image:height\" content=\"1216\" \/>\n\t<meta property=\"og:image:type\" content=\"image\/jpeg\" \/>\n<meta name=\"author\" content=\"mmm\" \/>\n<meta name=\"twitter:card\" content=\"summary_large_image\" \/>\n<meta name=\"twitter:label1\" content=\"Written by\" \/>\n\t<meta name=\"twitter:data1\" content=\"mmm\" \/>\n\t<meta name=\"twitter:label2\" content=\"Est. reading time\" \/>\n\t<meta name=\"twitter:data2\" content=\"1 minute\" \/>\n<script type=\"application\/ld+json\" class=\"yoast-schema-graph\">{\"@context\":\"https:\/\/schema.org\",\"@graph\":[{\"@type\":\"Article\",\"@id\":\"https:\/\/moreiramenezes.com.br\/cvm-abre-dois-processos-para-apurar-divulgacoes-envolvendo-a-estatal\/#article\",\"isPartOf\":{\"@id\":\"https:\/\/moreiramenezes.com.br\/cvm-abre-dois-processos-para-apurar-divulgacoes-envolvendo-a-estatal\/\"},\"author\":{\"name\":\"mmm\",\"@id\":\"https:\/\/moreiramenezes.com.br\/#\/schema\/person\/d525376b6c67f0d68e4dfc4475c65d78\"},\"headline\":\"CVM abre dois processos para apurar divulga\u00e7\u00f5es envolvendo a estatal\",\"datePublished\":\"2021-02-26T13:19:41+00:00\",\"dateModified\":\"2021-03-01T19:03:16+00:00\",\"mainEntityOfPage\":{\"@id\":\"https:\/\/moreiramenezes.com.br\/cvm-abre-dois-processos-para-apurar-divulgacoes-envolvendo-a-estatal\/\"},\"wordCount\":67,\"commentCount\":0,\"image\":{\"@id\":\"https:\/\/moreiramenezes.com.br\/cvm-abre-dois-processos-para-apurar-divulgacoes-envolvendo-a-estatal\/#primaryimage\"},\"thumbnailUrl\":\"https:\/\/moreiramenezes.com.br\/wp-content\/uploads\/2021\/02\/IMG-2262.jpg\",\"articleSection\":[\"Not\u00edcias\"],\"inLanguage\":\"en-US\"},{\"@type\":\"WebPage\",\"@id\":\"https:\/\/moreiramenezes.com.br\/cvm-abre-dois-processos-para-apurar-divulgacoes-envolvendo-a-estatal\/\",\"url\":\"https:\/\/moreiramenezes.com.br\/cvm-abre-dois-processos-para-apurar-divulgacoes-envolvendo-a-estatal\/\",\"name\":\"CVM abre dois processos para apurar divulga\u00e7\u00f5es envolvendo a estatal - Moreira Menezes Martins\",\"isPartOf\":{\"@id\":\"https:\/\/moreiramenezes.com.br\/#website\"},\"primaryImageOfPage\":{\"@id\":\"https:\/\/moreiramenezes.com.br\/cvm-abre-dois-processos-para-apurar-divulgacoes-envolvendo-a-estatal\/#primaryimage\"},\"image\":{\"@id\":\"https:\/\/moreiramenezes.com.br\/cvm-abre-dois-processos-para-apurar-divulgacoes-envolvendo-a-estatal\/#primaryimage\"},\"thumbnailUrl\":\"https:\/\/moreiramenezes.com.br\/wp-content\/uploads\/2021\/02\/IMG-2262.jpg\",\"datePublished\":\"2021-02-26T13:19:41+00:00\",\"dateModified\":\"2021-03-01T19:03:16+00:00\",\"author\":{\"@id\":\"https:\/\/moreiramenezes.com.br\/#\/schema\/person\/d525376b6c67f0d68e4dfc4475c65d78\"},\"breadcrumb\":{\"@id\":\"https:\/\/moreiramenezes.com.br\/cvm-abre-dois-processos-para-apurar-divulgacoes-envolvendo-a-estatal\/#breadcrumb\"},\"inLanguage\":\"en-US\",\"potentialAction\":[{\"@type\":\"ReadAction\",\"target\":[\"https:\/\/moreiramenezes.com.br\/cvm-abre-dois-processos-para-apurar-divulgacoes-envolvendo-a-estatal\/\"]}]},{\"@type\":\"ImageObject\",\"inLanguage\":\"en-US\",\"@id\":\"https:\/\/moreiramenezes.com.br\/cvm-abre-dois-processos-para-apurar-divulgacoes-envolvendo-a-estatal\/#primaryimage\",\"url\":\"https:\/\/moreiramenezes.com.br\/wp-content\/uploads\/2021\/02\/IMG-2262.jpg\",\"contentUrl\":\"https:\/\/moreiramenezes.com.br\/wp-content\/uploads\/2021\/02\/IMG-2262.jpg\",\"width\":\"621\",\"height\":\"1216\"},{\"@type\":\"BreadcrumbList\",\"@id\":\"https:\/\/moreiramenezes.com.br\/cvm-abre-dois-processos-para-apurar-divulgacoes-envolvendo-a-estatal\/#breadcrumb\",\"itemListElement\":[{\"@type\":\"ListItem\",\"position\":1,\"name\":\"In\u00edcio\",\"item\":\"https:\/\/moreiramenezes.com.br\/\"},{\"@type\":\"ListItem\",\"position\":2,\"name\":\"Not\u00edcias\",\"item\":\"https:\/\/moreiramenezes.com.br\/categorias\/noticias\/\"},{\"@type\":\"ListItem\",\"position\":3,\"name\":\"CVM abre dois processos para apurar divulga\u00e7\u00f5es envolvendo a estatal\"}]},{\"@type\":\"WebSite\",\"@id\":\"https:\/\/moreiramenezes.com.br\/#website\",\"url\":\"https:\/\/moreiramenezes.com.br\/\",\"name\":\"Moreira Menezes Martins\",\"description\":\"Moreira Menezes Martins - Advogados\",\"potentialAction\":[{\"@type\":\"SearchAction\",\"target\":{\"@type\":\"EntryPoint\",\"urlTemplate\":\"https:\/\/moreiramenezes.com.br\/?s={search_term_string}\"},\"query-input\":{\"@type\":\"PropertyValueSpecification\",\"valueRequired\":true,\"valueName\":\"search_term_string\"}}],\"inLanguage\":\"en-US\"},{\"@type\":\"Person\",\"@id\":\"https:\/\/moreiramenezes.com.br\/#\/schema\/person\/d525376b6c67f0d68e4dfc4475c65d78\",\"name\":\"mmm\",\"image\":{\"@type\":\"ImageObject\",\"inLanguage\":\"en-US\",\"@id\":\"https:\/\/moreiramenezes.com.br\/#\/schema\/person\/image\/\",\"url\":\"https:\/\/secure.gravatar.com\/avatar\/b16ca84b829f7fb3fcc92f2393d367798a989833972255f9a2b76b056e135746?s=96&d=mm&r=g\",\"contentUrl\":\"https:\/\/secure.gravatar.com\/avatar\/b16ca84b829f7fb3fcc92f2393d367798a989833972255f9a2b76b056e135746?s=96&d=mm&r=g\",\"caption\":\"mmm\"},\"sameAs\":[\"https:\/\/moreiramenezes.com\"],\"url\":\"https:\/\/moreiramenezes.com.br\/en\/author\/mmm\/\"}]}<\/script>\n<!-- \/ Yoast SEO plugin. -->","yoast_head_json":{"title":"CVM abre dois processos para apurar divulga\u00e7\u00f5es envolvendo a estatal - Moreira Menezes Martins","robots":{"index":"index","follow":"follow","max-snippet":"max-snippet:-1","max-image-preview":"max-image-preview:large","max-video-preview":"max-video-preview:-1"},"canonical":"https:\/\/moreiramenezes.com.br\/en\/cvm-abre-dois-processos-para-apurar-divulgacoes-envolvendo-a-estatal\/","og_locale":"en_US","og_type":"article","og_title":"CVM abre dois processos para apurar divulga\u00e7\u00f5es envolvendo a estatal - Moreira Menezes Martins","og_description":"Na m\u00eddia","og_url":"https:\/\/moreiramenezes.com.br\/en\/cvm-abre-dois-processos-para-apurar-divulgacoes-envolvendo-a-estatal\/","og_site_name":"Moreira Menezes Martins","article_published_time":"2021-02-26T13:19:41+00:00","article_modified_time":"2021-03-01T19:03:16+00:00","og_image":[{"width":621,"height":1216,"url":"https:\/\/moreiramenezes.com.br\/wp-content\/uploads\/2021\/02\/IMG-2262.jpg","type":"image\/jpeg"}],"author":"mmm","twitter_card":"summary_large_image","twitter_misc":{"Written by":"mmm","Est. reading time":"1 minute"},"schema":{"@context":"https:\/\/schema.org","@graph":[{"@type":"Article","@id":"https:\/\/moreiramenezes.com.br\/cvm-abre-dois-processos-para-apurar-divulgacoes-envolvendo-a-estatal\/#article","isPartOf":{"@id":"https:\/\/moreiramenezes.com.br\/cvm-abre-dois-processos-para-apurar-divulgacoes-envolvendo-a-estatal\/"},"author":{"name":"mmm","@id":"https:\/\/moreiramenezes.com.br\/#\/schema\/person\/d525376b6c67f0d68e4dfc4475c65d78"},"headline":"CVM abre dois processos para apurar divulga\u00e7\u00f5es envolvendo a estatal","datePublished":"2021-02-26T13:19:41+00:00","dateModified":"2021-03-01T19:03:16+00:00","mainEntityOfPage":{"@id":"https:\/\/moreiramenezes.com.br\/cvm-abre-dois-processos-para-apurar-divulgacoes-envolvendo-a-estatal\/"},"wordCount":67,"commentCount":0,"image":{"@id":"https:\/\/moreiramenezes.com.br\/cvm-abre-dois-processos-para-apurar-divulgacoes-envolvendo-a-estatal\/#primaryimage"},"thumbnailUrl":"https:\/\/moreiramenezes.com.br\/wp-content\/uploads\/2021\/02\/IMG-2262.jpg","articleSection":["Not\u00edcias"],"inLanguage":"en-US"},{"@type":"WebPage","@id":"https:\/\/moreiramenezes.com.br\/cvm-abre-dois-processos-para-apurar-divulgacoes-envolvendo-a-estatal\/","url":"https:\/\/moreiramenezes.com.br\/cvm-abre-dois-processos-para-apurar-divulgacoes-envolvendo-a-estatal\/","name":"CVM abre dois processos para apurar divulga\u00e7\u00f5es envolvendo a estatal - Moreira Menezes Martins","isPartOf":{"@id":"https:\/\/moreiramenezes.com.br\/#website"},"primaryImageOfPage":{"@id":"https:\/\/moreiramenezes.com.br\/cvm-abre-dois-processos-para-apurar-divulgacoes-envolvendo-a-estatal\/#primaryimage"},"image":{"@id":"https:\/\/moreiramenezes.com.br\/cvm-abre-dois-processos-para-apurar-divulgacoes-envolvendo-a-estatal\/#primaryimage"},"thumbnailUrl":"https:\/\/moreiramenezes.com.br\/wp-content\/uploads\/2021\/02\/IMG-2262.jpg","datePublished":"2021-02-26T13:19:41+00:00","dateModified":"2021-03-01T19:03:16+00:00","author":{"@id":"https:\/\/moreiramenezes.com.br\/#\/schema\/person\/d525376b6c67f0d68e4dfc4475c65d78"},"breadcrumb":{"@id":"https:\/\/moreiramenezes.com.br\/cvm-abre-dois-processos-para-apurar-divulgacoes-envolvendo-a-estatal\/#breadcrumb"},"inLanguage":"en-US","potentialAction":[{"@type":"ReadAction","target":["https:\/\/moreiramenezes.com.br\/cvm-abre-dois-processos-para-apurar-divulgacoes-envolvendo-a-estatal\/"]}]},{"@type":"ImageObject","inLanguage":"en-US","@id":"https:\/\/moreiramenezes.com.br\/cvm-abre-dois-processos-para-apurar-divulgacoes-envolvendo-a-estatal\/#primaryimage","url":"https:\/\/moreiramenezes.com.br\/wp-content\/uploads\/2021\/02\/IMG-2262.jpg","contentUrl":"https:\/\/moreiramenezes.com.br\/wp-content\/uploads\/2021\/02\/IMG-2262.jpg","width":"621","height":"1216"},{"@type":"BreadcrumbList","@id":"https:\/\/moreiramenezes.com.br\/cvm-abre-dois-processos-para-apurar-divulgacoes-envolvendo-a-estatal\/#breadcrumb","itemListElement":[{"@type":"ListItem","position":1,"name":"In\u00edcio","item":"https:\/\/moreiramenezes.com.br\/"},{"@type":"ListItem","position":2,"name":"Not\u00edcias","item":"https:\/\/moreiramenezes.com.br\/categorias\/noticias\/"},{"@type":"ListItem","position":3,"name":"CVM abre dois processos para apurar divulga\u00e7\u00f5es envolvendo a estatal"}]},{"@type":"WebSite","@id":"https:\/\/moreiramenezes.com.br\/#website","url":"https:\/\/moreiramenezes.com.br\/","name":"Moreira Menezes Martins","description":"Moreira Menezes Martins - Advogados","potentialAction":[{"@type":"SearchAction","target":{"@type":"EntryPoint","urlTemplate":"https:\/\/moreiramenezes.com.br\/?s={search_term_string}"},"query-input":{"@type":"PropertyValueSpecification","valueRequired":true,"valueName":"search_term_string"}}],"inLanguage":"en-US"},{"@type":"Person","@id":"https:\/\/moreiramenezes.com.br\/#\/schema\/person\/d525376b6c67f0d68e4dfc4475c65d78","name":"mmm","image":{"@type":"ImageObject","inLanguage":"en-US","@id":"https:\/\/moreiramenezes.com.br\/#\/schema\/person\/image\/","url":"https:\/\/secure.gravatar.com\/avatar\/b16ca84b829f7fb3fcc92f2393d367798a989833972255f9a2b76b056e135746?s=96&d=mm&r=g","contentUrl":"https:\/\/secure.gravatar.com\/avatar\/b16ca84b829f7fb3fcc92f2393d367798a989833972255f9a2b76b056e135746?s=96&d=mm&r=g","caption":"mmm"},"sameAs":["https:\/\/moreiramenezes.com"],"url":"https:\/\/moreiramenezes.com.br\/en\/author\/mmm\/"}]}},"_links":{"self":[{"href":"https:\/\/moreiramenezes.com.br\/en\/wp-json\/wp\/v2\/posts\/3236","targetHints":{"allow":["GET"]}}],"collection":[{"href":"https:\/\/moreiramenezes.com.br\/en\/wp-json\/wp\/v2\/posts"}],"about":[{"href":"https:\/\/moreiramenezes.com.br\/en\/wp-json\/wp\/v2\/types\/post"}],"author":[{"embeddable":true,"href":"https:\/\/moreiramenezes.com.br\/en\/wp-json\/wp\/v2\/users\/1"}],"replies":[{"embeddable":true,"href":"https:\/\/moreiramenezes.com.br\/en\/wp-json\/wp\/v2\/comments?post=3236"}],"version-history":[{"count":2,"href":"https:\/\/moreiramenezes.com.br\/en\/wp-json\/wp\/v2\/posts\/3236\/revisions"}],"predecessor-version":[{"id":3290,"href":"https:\/\/moreiramenezes.com.br\/en\/wp-json\/wp\/v2\/posts\/3236\/revisions\/3290"}],"wp:featuredmedia":[{"embeddable":true,"href":"https:\/\/moreiramenezes.com.br\/en\/wp-json\/wp\/v2\/media\/3237"}],"wp:attachment":[{"href":"https:\/\/moreiramenezes.com.br\/en\/wp-json\/wp\/v2\/media?parent=3236"}],"wp:term":[{"taxonomy":"category","embeddable":true,"href":"https:\/\/moreiramenezes.com.br\/en\/wp-json\/wp\/v2\/categories?post=3236"},{"taxonomy":"post_tag","embeddable":true,"href":"https:\/\/moreiramenezes.com.br\/en\/wp-json\/wp\/v2\/tags?post=3236"}],"curies":[{"name":"wp","href":"https:\/\/api.w.org\/{rel}","templated":true}]}}