{"id":3127,"date":"2020-12-24T01:41:57","date_gmt":"2020-12-24T01:41:57","guid":{"rendered":"https:\/\/moreiramenezes.com.br\/?p=3127"},"modified":"2021-02-11T19:44:26","modified_gmt":"2021-02-11T19:44:26","slug":"sustentabilidade-vira-foco-de-atuacao-da-cvm","status":"publish","type":"post","link":"https:\/\/moreiramenezes.com.br\/en\/sustentabilidade-vira-foco-de-atuacao-da-cvm\/","title":{"rendered":"Sustentabilidade vira foco de atua\u00e7\u00e3o da CVM"},"content":{"rendered":"<p>Em mat\u00e9ria para o jornal Valor Econ\u00f4mico, nosso s\u00f3cio Carlos Martins Neto comentou a respeito da proposta da CVM para rotular os FIDCs \u201csocioambientais\u201d.<\/p>\n<p>Confira a \u00edntegra da reportagem no seguinte link:<br \/>\n<a href=\"https:\/\/moreiramenezes.com.br\/wp-content\/uploads\/2020\/12\/image006.png\">https:\/\/moreiramenezes.com.br\/wp-content\/uploads\/2020\/12\/image006.png<\/a><\/p>","protected":false},"excerpt":{"rendered":"<p>On the media<\/p>","protected":false},"author":1,"featured_media":3128,"comment_status":"open","ping_status":"open","sticky":false,"template":"","format":"standard","meta":{"footnotes":""},"categories":[5],"tags":[],"class_list":["post-3127","post","type-post","status-publish","format-standard","has-post-thumbnail","hentry","category-noticias"],"yoast_head":"<!-- This site is optimized with the Yoast SEO plugin v26.9 - https:\/\/yoast.com\/product\/yoast-seo-wordpress\/ -->\n<title>Sustentabilidade vira foco de atua\u00e7\u00e3o da CVM - Moreira Menezes Martins<\/title>\n<meta name=\"robots\" content=\"index, follow, max-snippet:-1, max-image-preview:large, max-video-preview:-1\" \/>\n<link rel=\"canonical\" href=\"https:\/\/moreiramenezes.com.br\/en\/sustentabilidade-vira-foco-de-atuacao-da-cvm\/\" \/>\n<meta property=\"og:locale\" content=\"en_US\" \/>\n<meta property=\"og:type\" content=\"article\" \/>\n<meta property=\"og:title\" content=\"Sustentabilidade vira foco de atua\u00e7\u00e3o da CVM - Moreira Menezes Martins\" \/>\n<meta property=\"og:description\" content=\"Na m\u00eddia\" \/>\n<meta property=\"og:url\" content=\"https:\/\/moreiramenezes.com.br\/en\/sustentabilidade-vira-foco-de-atuacao-da-cvm\/\" \/>\n<meta property=\"og:site_name\" content=\"Moreira Menezes Martins\" \/>\n<meta property=\"article:published_time\" content=\"2020-12-24T01:41:57+00:00\" \/>\n<meta property=\"article:modified_time\" content=\"2021-02-11T19:44:26+00:00\" \/>\n<meta property=\"og:image\" content=\"https:\/\/moreiramenezes.com.br\/wp-content\/uploads\/2020\/12\/image006.png\" \/>\n\t<meta property=\"og:image:width\" content=\"633\" \/>\n\t<meta property=\"og:image:height\" content=\"855\" \/>\n\t<meta property=\"og:image:type\" content=\"image\/png\" \/>\n<meta name=\"author\" content=\"mmm\" \/>\n<meta name=\"twitter:card\" content=\"summary_large_image\" \/>\n<meta name=\"twitter:label1\" content=\"Written by\" \/>\n\t<meta name=\"twitter:data1\" content=\"mmm\" \/>\n<script type=\"application\/ld+json\" class=\"yoast-schema-graph\">{\"@context\":\"https:\/\/schema.org\",\"@graph\":[{\"@type\":\"Article\",\"@id\":\"https:\/\/moreiramenezes.com.br\/sustentabilidade-vira-foco-de-atuacao-da-cvm\/#article\",\"isPartOf\":{\"@id\":\"https:\/\/moreiramenezes.com.br\/sustentabilidade-vira-foco-de-atuacao-da-cvm\/\"},\"author\":{\"name\":\"mmm\",\"@id\":\"https:\/\/moreiramenezes.com.br\/#\/schema\/person\/d525376b6c67f0d68e4dfc4475c65d78\"},\"headline\":\"Sustentabilidade vira foco de atua\u00e7\u00e3o da CVM\",\"datePublished\":\"2020-12-24T01:41:57+00:00\",\"dateModified\":\"2021-02-11T19:44:26+00:00\",\"mainEntityOfPage\":{\"@id\":\"https:\/\/moreiramenezes.com.br\/sustentabilidade-vira-foco-de-atuacao-da-cvm\/\"},\"wordCount\":51,\"commentCount\":0,\"image\":{\"@id\":\"https:\/\/moreiramenezes.com.br\/sustentabilidade-vira-foco-de-atuacao-da-cvm\/#primaryimage\"},\"thumbnailUrl\":\"https:\/\/moreiramenezes.com.br\/wp-content\/uploads\/2020\/12\/image006.png\",\"articleSection\":[\"Not\u00edcias\"],\"inLanguage\":\"en-US\"},{\"@type\":\"WebPage\",\"@id\":\"https:\/\/moreiramenezes.com.br\/sustentabilidade-vira-foco-de-atuacao-da-cvm\/\",\"url\":\"https:\/\/moreiramenezes.com.br\/sustentabilidade-vira-foco-de-atuacao-da-cvm\/\",\"name\":\"Sustentabilidade vira foco de atua\u00e7\u00e3o da CVM - Moreira Menezes Martins\",\"isPartOf\":{\"@id\":\"https:\/\/moreiramenezes.com.br\/#website\"},\"primaryImageOfPage\":{\"@id\":\"https:\/\/moreiramenezes.com.br\/sustentabilidade-vira-foco-de-atuacao-da-cvm\/#primaryimage\"},\"image\":{\"@id\":\"https:\/\/moreiramenezes.com.br\/sustentabilidade-vira-foco-de-atuacao-da-cvm\/#primaryimage\"},\"thumbnailUrl\":\"https:\/\/moreiramenezes.com.br\/wp-content\/uploads\/2020\/12\/image006.png\",\"datePublished\":\"2020-12-24T01:41:57+00:00\",\"dateModified\":\"2021-02-11T19:44:26+00:00\",\"author\":{\"@id\":\"https:\/\/moreiramenezes.com.br\/#\/schema\/person\/d525376b6c67f0d68e4dfc4475c65d78\"},\"breadcrumb\":{\"@id\":\"https:\/\/moreiramenezes.com.br\/sustentabilidade-vira-foco-de-atuacao-da-cvm\/#breadcrumb\"},\"inLanguage\":\"en-US\",\"potentialAction\":[{\"@type\":\"ReadAction\",\"target\":[\"https:\/\/moreiramenezes.com.br\/sustentabilidade-vira-foco-de-atuacao-da-cvm\/\"]}]},{\"@type\":\"ImageObject\",\"inLanguage\":\"en-US\",\"@id\":\"https:\/\/moreiramenezes.com.br\/sustentabilidade-vira-foco-de-atuacao-da-cvm\/#primaryimage\",\"url\":\"https:\/\/moreiramenezes.com.br\/wp-content\/uploads\/2020\/12\/image006.png\",\"contentUrl\":\"https:\/\/moreiramenezes.com.br\/wp-content\/uploads\/2020\/12\/image006.png\",\"width\":633,\"height\":855},{\"@type\":\"BreadcrumbList\",\"@id\":\"https:\/\/moreiramenezes.com.br\/sustentabilidade-vira-foco-de-atuacao-da-cvm\/#breadcrumb\",\"itemListElement\":[{\"@type\":\"ListItem\",\"position\":1,\"name\":\"In\u00edcio\",\"item\":\"https:\/\/moreiramenezes.com.br\/\"},{\"@type\":\"ListItem\",\"position\":2,\"name\":\"Not\u00edcias\",\"item\":\"https:\/\/moreiramenezes.com.br\/categorias\/noticias\/\"},{\"@type\":\"ListItem\",\"position\":3,\"name\":\"Sustentabilidade vira foco de atua\u00e7\u00e3o da CVM\"}]},{\"@type\":\"WebSite\",\"@id\":\"https:\/\/moreiramenezes.com.br\/#website\",\"url\":\"https:\/\/moreiramenezes.com.br\/\",\"name\":\"Moreira Menezes Martins\",\"description\":\"Moreira Menezes Martins - Advogados\",\"potentialAction\":[{\"@type\":\"SearchAction\",\"target\":{\"@type\":\"EntryPoint\",\"urlTemplate\":\"https:\/\/moreiramenezes.com.br\/?s={search_term_string}\"},\"query-input\":{\"@type\":\"PropertyValueSpecification\",\"valueRequired\":true,\"valueName\":\"search_term_string\"}}],\"inLanguage\":\"en-US\"},{\"@type\":\"Person\",\"@id\":\"https:\/\/moreiramenezes.com.br\/#\/schema\/person\/d525376b6c67f0d68e4dfc4475c65d78\",\"name\":\"mmm\",\"image\":{\"@type\":\"ImageObject\",\"inLanguage\":\"en-US\",\"@id\":\"https:\/\/moreiramenezes.com.br\/#\/schema\/person\/image\/\",\"url\":\"https:\/\/secure.gravatar.com\/avatar\/b16ca84b829f7fb3fcc92f2393d367798a989833972255f9a2b76b056e135746?s=96&d=mm&r=g\",\"contentUrl\":\"https:\/\/secure.gravatar.com\/avatar\/b16ca84b829f7fb3fcc92f2393d367798a989833972255f9a2b76b056e135746?s=96&d=mm&r=g\",\"caption\":\"mmm\"},\"sameAs\":[\"https:\/\/moreiramenezes.com\"],\"url\":\"https:\/\/moreiramenezes.com.br\/en\/author\/mmm\/\"}]}<\/script>\n<!-- \/ Yoast SEO plugin. -->","yoast_head_json":{"title":"Sustentabilidade vira foco de atua\u00e7\u00e3o da CVM - Moreira Menezes Martins","robots":{"index":"index","follow":"follow","max-snippet":"max-snippet:-1","max-image-preview":"max-image-preview:large","max-video-preview":"max-video-preview:-1"},"canonical":"https:\/\/moreiramenezes.com.br\/en\/sustentabilidade-vira-foco-de-atuacao-da-cvm\/","og_locale":"en_US","og_type":"article","og_title":"Sustentabilidade vira foco de atua\u00e7\u00e3o da CVM - Moreira Menezes Martins","og_description":"Na m\u00eddia","og_url":"https:\/\/moreiramenezes.com.br\/en\/sustentabilidade-vira-foco-de-atuacao-da-cvm\/","og_site_name":"Moreira Menezes Martins","article_published_time":"2020-12-24T01:41:57+00:00","article_modified_time":"2021-02-11T19:44:26+00:00","og_image":[{"width":633,"height":855,"url":"https:\/\/moreiramenezes.com.br\/wp-content\/uploads\/2020\/12\/image006.png","type":"image\/png"}],"author":"mmm","twitter_card":"summary_large_image","twitter_misc":{"Written by":"mmm"},"schema":{"@context":"https:\/\/schema.org","@graph":[{"@type":"Article","@id":"https:\/\/moreiramenezes.com.br\/sustentabilidade-vira-foco-de-atuacao-da-cvm\/#article","isPartOf":{"@id":"https:\/\/moreiramenezes.com.br\/sustentabilidade-vira-foco-de-atuacao-da-cvm\/"},"author":{"name":"mmm","@id":"https:\/\/moreiramenezes.com.br\/#\/schema\/person\/d525376b6c67f0d68e4dfc4475c65d78"},"headline":"Sustentabilidade vira foco de atua\u00e7\u00e3o da CVM","datePublished":"2020-12-24T01:41:57+00:00","dateModified":"2021-02-11T19:44:26+00:00","mainEntityOfPage":{"@id":"https:\/\/moreiramenezes.com.br\/sustentabilidade-vira-foco-de-atuacao-da-cvm\/"},"wordCount":51,"commentCount":0,"image":{"@id":"https:\/\/moreiramenezes.com.br\/sustentabilidade-vira-foco-de-atuacao-da-cvm\/#primaryimage"},"thumbnailUrl":"https:\/\/moreiramenezes.com.br\/wp-content\/uploads\/2020\/12\/image006.png","articleSection":["Not\u00edcias"],"inLanguage":"en-US"},{"@type":"WebPage","@id":"https:\/\/moreiramenezes.com.br\/sustentabilidade-vira-foco-de-atuacao-da-cvm\/","url":"https:\/\/moreiramenezes.com.br\/sustentabilidade-vira-foco-de-atuacao-da-cvm\/","name":"Sustentabilidade vira foco de atua\u00e7\u00e3o da CVM - Moreira Menezes Martins","isPartOf":{"@id":"https:\/\/moreiramenezes.com.br\/#website"},"primaryImageOfPage":{"@id":"https:\/\/moreiramenezes.com.br\/sustentabilidade-vira-foco-de-atuacao-da-cvm\/#primaryimage"},"image":{"@id":"https:\/\/moreiramenezes.com.br\/sustentabilidade-vira-foco-de-atuacao-da-cvm\/#primaryimage"},"thumbnailUrl":"https:\/\/moreiramenezes.com.br\/wp-content\/uploads\/2020\/12\/image006.png","datePublished":"2020-12-24T01:41:57+00:00","dateModified":"2021-02-11T19:44:26+00:00","author":{"@id":"https:\/\/moreiramenezes.com.br\/#\/schema\/person\/d525376b6c67f0d68e4dfc4475c65d78"},"breadcrumb":{"@id":"https:\/\/moreiramenezes.com.br\/sustentabilidade-vira-foco-de-atuacao-da-cvm\/#breadcrumb"},"inLanguage":"en-US","potentialAction":[{"@type":"ReadAction","target":["https:\/\/moreiramenezes.com.br\/sustentabilidade-vira-foco-de-atuacao-da-cvm\/"]}]},{"@type":"ImageObject","inLanguage":"en-US","@id":"https:\/\/moreiramenezes.com.br\/sustentabilidade-vira-foco-de-atuacao-da-cvm\/#primaryimage","url":"https:\/\/moreiramenezes.com.br\/wp-content\/uploads\/2020\/12\/image006.png","contentUrl":"https:\/\/moreiramenezes.com.br\/wp-content\/uploads\/2020\/12\/image006.png","width":633,"height":855},{"@type":"BreadcrumbList","@id":"https:\/\/moreiramenezes.com.br\/sustentabilidade-vira-foco-de-atuacao-da-cvm\/#breadcrumb","itemListElement":[{"@type":"ListItem","position":1,"name":"In\u00edcio","item":"https:\/\/moreiramenezes.com.br\/"},{"@type":"ListItem","position":2,"name":"Not\u00edcias","item":"https:\/\/moreiramenezes.com.br\/categorias\/noticias\/"},{"@type":"ListItem","position":3,"name":"Sustentabilidade vira foco de atua\u00e7\u00e3o da CVM"}]},{"@type":"WebSite","@id":"https:\/\/moreiramenezes.com.br\/#website","url":"https:\/\/moreiramenezes.com.br\/","name":"Moreira Menezes Martins","description":"Moreira Menezes Martins - Advogados","potentialAction":[{"@type":"SearchAction","target":{"@type":"EntryPoint","urlTemplate":"https:\/\/moreiramenezes.com.br\/?s={search_term_string}"},"query-input":{"@type":"PropertyValueSpecification","valueRequired":true,"valueName":"search_term_string"}}],"inLanguage":"en-US"},{"@type":"Person","@id":"https:\/\/moreiramenezes.com.br\/#\/schema\/person\/d525376b6c67f0d68e4dfc4475c65d78","name":"mmm","image":{"@type":"ImageObject","inLanguage":"en-US","@id":"https:\/\/moreiramenezes.com.br\/#\/schema\/person\/image\/","url":"https:\/\/secure.gravatar.com\/avatar\/b16ca84b829f7fb3fcc92f2393d367798a989833972255f9a2b76b056e135746?s=96&d=mm&r=g","contentUrl":"https:\/\/secure.gravatar.com\/avatar\/b16ca84b829f7fb3fcc92f2393d367798a989833972255f9a2b76b056e135746?s=96&d=mm&r=g","caption":"mmm"},"sameAs":["https:\/\/moreiramenezes.com"],"url":"https:\/\/moreiramenezes.com.br\/en\/author\/mmm\/"}]}},"_links":{"self":[{"href":"https:\/\/moreiramenezes.com.br\/en\/wp-json\/wp\/v2\/posts\/3127","targetHints":{"allow":["GET"]}}],"collection":[{"href":"https:\/\/moreiramenezes.com.br\/en\/wp-json\/wp\/v2\/posts"}],"about":[{"href":"https:\/\/moreiramenezes.com.br\/en\/wp-json\/wp\/v2\/types\/post"}],"author":[{"embeddable":true,"href":"https:\/\/moreiramenezes.com.br\/en\/wp-json\/wp\/v2\/users\/1"}],"replies":[{"embeddable":true,"href":"https:\/\/moreiramenezes.com.br\/en\/wp-json\/wp\/v2\/comments?post=3127"}],"version-history":[{"count":2,"href":"https:\/\/moreiramenezes.com.br\/en\/wp-json\/wp\/v2\/posts\/3127\/revisions"}],"predecessor-version":[{"id":3130,"href":"https:\/\/moreiramenezes.com.br\/en\/wp-json\/wp\/v2\/posts\/3127\/revisions\/3130"}],"wp:featuredmedia":[{"embeddable":true,"href":"https:\/\/moreiramenezes.com.br\/en\/wp-json\/wp\/v2\/media\/3128"}],"wp:attachment":[{"href":"https:\/\/moreiramenezes.com.br\/en\/wp-json\/wp\/v2\/media?parent=3127"}],"wp:term":[{"taxonomy":"category","embeddable":true,"href":"https:\/\/moreiramenezes.com.br\/en\/wp-json\/wp\/v2\/categories?post=3127"},{"taxonomy":"post_tag","embeddable":true,"href":"https:\/\/moreiramenezes.com.br\/en\/wp-json\/wp\/v2\/tags?post=3127"}],"curies":[{"name":"wp","href":"https:\/\/api.w.org\/{rel}","templated":true}]}}