{"id":3111,"date":"2020-12-10T19:28:59","date_gmt":"2020-12-10T19:28:59","guid":{"rendered":"https:\/\/moreiramenezes.com.br\/?p=3111"},"modified":"2020-12-11T15:25:57","modified_gmt":"2020-12-11T15:25:57","slug":"cvm-promove-audiencia-publica-para-alterar-icvm-no-480","status":"publish","type":"post","link":"https:\/\/moreiramenezes.com.br\/en\/cvm-promove-audiencia-publica-para-alterar-icvm-no-480\/","title":{"rendered":"CVM promove audi\u00eancia p\u00fablica para alterar ICVM n\u00ba 480"},"content":{"rendered":"<p class=\"p1\">Em 07.12.2020 a Comiss\u00e3o de Valores Mobili\u00e1rios \u2013 CVM submeteu \u00e0 audi\u00eancia p\u00fablica minuta de Resolu\u00e7\u00e3o propondo altera\u00e7\u00f5es na Instru\u00e7\u00e3o CVM n\u00ba 480 (\u201c<span class=\"s1\">ICVM 480<\/span>\u201d), que disp\u00f5e sobre o registro de emissores de valores mobili\u00e1rios (\u201c<span class=\"s1\">Minuta<\/span>\u201d).<\/p>\n<p class=\"p1\">A Minuta tem por objetivo reduzir o custo de observ\u00e2ncia dos emissores de valores mobili\u00e1rios e de <span class=\"s2\">aprimorar o regime informacional ao qual os emissores est\u00e3o submetidos, com a inclus\u00e3o de informa\u00e7\u00f5es<\/span> relacionadas aos crit\u00e9rios ESG (<span class=\"s3\"><i>Environmental, Social and Corporate Governance<\/i><\/span>). Nos estudos pr\u00e9vios \u00e0 elabora\u00e7\u00e3o da Minuta, a CVM levou em considera\u00e7\u00e3o apontamentos recebidos de entidades de mercado e um levantamento de custos regulat\u00f3rios obstativos realizado com aux\u00edlio de consultoria externa.<\/p>\n<p class=\"p1\"><span class=\"s1\">Redu\u00e7\u00e3o do custo de observ\u00e2ncia regulat\u00f3ria<\/span><\/p>\n<p class=\"p1\">As principais altera\u00e7\u00f5es propostas por meio da Minuta concentram-se nas informa\u00e7\u00f5es requisitadas no Formul\u00e1rio de Refer\u00eancia.<\/p>\n<p class=\"p1\">Como medida para simplificar e racionalizar a presta\u00e7\u00e3o de informa\u00e7\u00e3o por parte dos emissores, foram propostas as seguintes altera\u00e7\u00f5es ao Formul\u00e1rio de Refer\u00eancia:<\/p>\n<ol>\n<li>elimina\u00e7\u00e3o de informa\u00e7\u00f5es j\u00e1 prestadas pelos emissores em outros documentos que devem ser tonados p\u00fablicos periodicamente, como demonstra\u00e7\u00f5es financeiras, estatuto social e acordo de acionistas;<\/li>\n<li>redu\u00e7\u00e3o do per\u00eddo que deve ser abrangido pela maior parte das informa\u00e7\u00f5es previstas no documento, de tr\u00eas para um exerc\u00edcio social. No entanto, os Formul\u00e1rios apresentados por conta de pedidos de registro de distribui\u00e7\u00e3o de valores mobili\u00e1rios devem continuar a se referir aos tr\u00eas \u00faltimos exerc\u00edcios sociais e ao exerc\u00edcio social corrente;<\/li>\n<li>reorganiza\u00e7\u00e3o dos campos do Formul\u00e1rio de Ref\u00earencia para simplifica\u00e7\u00e3o e otimiza\u00e7\u00e3o do documento; e<\/li>\n<li>dispensa da obrigatoriedade de divulga\u00e7\u00e3o de sucessivos comunicados sobre algumas modalidades de transa\u00e7\u00f5es com partes relacionadas e das transa\u00e7\u00f5es correlatas (neste caso, desde que as transa\u00e7\u00f5es sejam efetuadas em bases rotineiras, no curso normal dos neg\u00f3cios e sujeitas a um processo de negocia\u00e7\u00e3o e aprova\u00e7\u00e3o, o emissor passa a ter a op\u00e7\u00e3o de divulga-la apenas uma vez, ficando dispensado de promover comunica\u00e7\u00f5es adicionais a cada vez que o crit\u00e9rio de materialidade for atingido nas transa\u00e7\u00f5es subsequentes).<\/li>\n<\/ol>\n<p class=\"p1\">A Minuta prop\u00f5e, ainda, restringir o dever de manuten\u00e7\u00e3o de informa\u00e7\u00f5es peri\u00f3dicas e eventuais em p\u00e1gina na internet por tr\u00eas anos, de modo que tal dever seja exigido apenas dos emissores registrados na categoria A que <span class=\"s4\">possuam valores mobili\u00e1rios admitidos a negocia\u00e7\u00e3o em mercado de bolsa <\/span>e que possuam a\u00e7\u00f5es em circula\u00e7\u00e3o. Atualmente, tal obriga\u00e7\u00e3o se aplica a todos os emissores registrados na categoria A, indistintamente.<\/p>\n<p class=\"p1\"><span class=\"s1\">Quest\u00f5es ambientais, sociais e de governan\u00e7a corporativa (ESG)<\/span><\/p>\n<p class=\"p1\">Em rela\u00e7\u00e3o \u00e0 aprimora\u00e7\u00e3o da presta\u00e7\u00e3o de informa\u00e7\u00e3o relacionadas aos crit\u00e9rios ESG, a Minuta contempla as seguintes principais inova\u00e7\u00f5es:<\/p>\n<ol>\n<li>o desmembramento de fatores de risco \u201csocioambientais\u201d, no Formul\u00e1rio de Refer\u00eancia, em itens apartados para quest\u00f5es sociais, ambientais e clim\u00e1ticas;<\/li>\n<li>a exig\u00eancia de posicionamento do emissor sobre (a) a ado\u00e7\u00e3o ou n\u00e3o de matriz de materialidade e indicadores de desempenho para quest\u00f5es sociais e ambientais; e (b) a relev\u00e2ncia dos Objetivos de Desenenvolvimento Sustent\u00e1vel enunciado pela Organiza\u00e7\u00e3o das Na\u00e7\u00f5es Unidas \u2013 ONU em seu contexto de neg\u00f3cios;<\/li>\n<li>obriga\u00e7\u00e3o de que emissores que n\u00e3o divulgarem relat\u00f3rios de sustentabilidade ou documentos equivalentes, expliquem o motivo de n\u00e3o o fazerem (\u201cpratique-ou-explique\u201d); e<\/li>\n<li>introdu\u00e7\u00e3o de novas exig\u00eancias de informa\u00e7\u00f5es ligadas a quest\u00f5es ambientais, sociais e de governan\u00e7a corporativa, incluindo: (a) dados agregados sobre diversidade dos \u00f3rg\u00e3os de administra\u00e7\u00e3o e a indica\u00e7\u00e3o dos canais, se houver, pelos quais quest\u00f5es crit\u00edcas em temas ambientais e sociais cheguem ao conhecimento do conselho de administra\u00e7\u00e3o; (b) esclarecimentos se a remunera\u00e7\u00e3o dos administradores \u00e9 afetada por indicadores socioambientais; e (c) divulga\u00e7\u00e3o de informa\u00e7\u00e3o sobre a diversidade da for\u00e7a de trabalho e diferen\u00e7as no patamares de remunera\u00e7\u00e3o.<\/li>\n<\/ol>\n<p class=\"p1\">A CVM pretende, ainda, estabelecer hip\u00f3tese de cancelamento de of\u00edcio de registro de emissor quando n\u00e3o houver sido apresentado pedido de registro de oferta p\u00fablica de distribui\u00e7\u00e3o de valores mobili\u00e1rios no montante m\u00ednimo de R$ 50.000.000,00 nos 12 meses posteriores \u00e0 obten\u00e7\u00e3o de seu registro.<\/p>\n<p class=\"p1\">Um dos objetivos dessa disposi\u00e7\u00e3o \u00e9 alocar de forma mais eficiente os recursos da pr\u00f3pria CVM, evitando que emissores j\u00e1 presentes no mercado ou com real perspectiva de acess\u00e1-lo sejam preteridos em favor de emissores que n\u00e3o re\u00fanam tais caracter\u00edsticas. A medida, contudo, n\u00e3o ser\u00e1 aplic\u00e1vel aos emissores j\u00e1 registrados.<\/p>\n<p class=\"p1\">Sugest\u00f5es e coment\u00e1rios \u00e0 Minuta dever\u00e3o ser encaminhados, por escrito, at\u00e9 o dia 08.03.2021 \u00e0 SDM, preferencialmente para o endere\u00e7o de e-mail \u201caudpublicaSDM0920@cvm.gov.br\u201d.<\/p>\n<p class=\"p1\">Maiores informa\u00e7\u00f5es, bem como o texto integral da Minuta, podem ser encontrados no site do CVM (<a href=\"http:\/\/www.cvm.gov.br\">www.cvm.gov.br<\/a>).<\/p>","protected":false},"excerpt":{"rendered":"<p>Em 07.12.2020 a Comiss\u00e3o de Valores Mobili\u00e1rios \u2013 CVM submeteu \u00e0 audi\u00eancia p\u00fablica minuta de Resolu\u00e7\u00e3o propondo altera\u00e7\u00f5es na Instru\u00e7\u00e3o CVM n\u00ba 480 (\u201cICVM 480\u201d), que disp\u00f5e sobre o registro de emissores de valores mobili\u00e1rios (\u201cMinuta\u201d). A Minuta tem por objetivo reduzir o custo de observ\u00e2ncia dos emissores de valores mobili\u00e1rios e de aprimorar o [&hellip;]<\/p>","protected":false},"author":1,"featured_media":3112,"comment_status":"open","ping_status":"open","sticky":false,"template":"","format":"standard","meta":{"footnotes":""},"categories":[5],"tags":[],"class_list":["post-3111","post","type-post","status-publish","format-standard","has-post-thumbnail","hentry","category-noticias"],"yoast_head":"<!-- This site is optimized with the Yoast SEO plugin v26.9 - https:\/\/yoast.com\/product\/yoast-seo-wordpress\/ -->\n<title>CVM promove audi\u00eancia p\u00fablica para alterar ICVM n\u00ba 480 - Moreira Menezes Martins<\/title>\n<meta name=\"robots\" content=\"index, follow, max-snippet:-1, max-image-preview:large, max-video-preview:-1\" \/>\n<link rel=\"canonical\" href=\"https:\/\/moreiramenezes.com.br\/en\/cvm-promove-audiencia-publica-para-alterar-icvm-no-480\/\" \/>\n<meta property=\"og:locale\" content=\"en_US\" \/>\n<meta property=\"og:type\" content=\"article\" \/>\n<meta property=\"og:title\" content=\"CVM promove audi\u00eancia p\u00fablica para alterar ICVM n\u00ba 480 - Moreira Menezes Martins\" \/>\n<meta property=\"og:description\" content=\"Em 07.12.2020 a Comiss\u00e3o de Valores Mobili\u00e1rios \u2013 CVM submeteu \u00e0 audi\u00eancia p\u00fablica minuta de Resolu\u00e7\u00e3o propondo altera\u00e7\u00f5es na Instru\u00e7\u00e3o CVM n\u00ba 480 (\u201cICVM 480\u201d), que disp\u00f5e sobre o registro de emissores de valores mobili\u00e1rios (\u201cMinuta\u201d). A Minuta tem por objetivo reduzir o custo de observ\u00e2ncia dos emissores de valores mobili\u00e1rios e de aprimorar o [&hellip;]\" \/>\n<meta property=\"og:url\" content=\"https:\/\/moreiramenezes.com.br\/en\/cvm-promove-audiencia-publica-para-alterar-icvm-no-480\/\" \/>\n<meta property=\"og:site_name\" content=\"Moreira Menezes Martins\" \/>\n<meta property=\"article:published_time\" content=\"2020-12-10T19:28:59+00:00\" \/>\n<meta property=\"article:modified_time\" content=\"2020-12-11T15:25:57+00:00\" \/>\n<meta property=\"og:image\" content=\"https:\/\/moreiramenezes.com.br\/wp-content\/uploads\/2020\/12\/stock-1024x751.jpg\" \/>\n\t<meta property=\"og:image:width\" content=\"1024\" \/>\n\t<meta property=\"og:image:height\" content=\"751\" \/>\n\t<meta property=\"og:image:type\" content=\"image\/jpeg\" \/>\n<meta name=\"author\" content=\"mmm\" \/>\n<meta name=\"twitter:card\" content=\"summary_large_image\" \/>\n<meta name=\"twitter:label1\" content=\"Written by\" \/>\n\t<meta name=\"twitter:data1\" content=\"mmm\" \/>\n\t<meta name=\"twitter:label2\" content=\"Est. reading time\" \/>\n\t<meta name=\"twitter:data2\" content=\"4 minutes\" \/>\n<script type=\"application\/ld+json\" class=\"yoast-schema-graph\">{\"@context\":\"https:\/\/schema.org\",\"@graph\":[{\"@type\":\"Article\",\"@id\":\"https:\/\/moreiramenezes.com.br\/cvm-promove-audiencia-publica-para-alterar-icvm-no-480\/#article\",\"isPartOf\":{\"@id\":\"https:\/\/moreiramenezes.com.br\/cvm-promove-audiencia-publica-para-alterar-icvm-no-480\/\"},\"author\":{\"name\":\"mmm\",\"@id\":\"https:\/\/moreiramenezes.com.br\/#\/schema\/person\/d525376b6c67f0d68e4dfc4475c65d78\"},\"headline\":\"CVM promove audi\u00eancia p\u00fablica para alterar ICVM n\u00ba 480\",\"datePublished\":\"2020-12-10T19:28:59+00:00\",\"dateModified\":\"2020-12-11T15:25:57+00:00\",\"mainEntityOfPage\":{\"@id\":\"https:\/\/moreiramenezes.com.br\/cvm-promove-audiencia-publica-para-alterar-icvm-no-480\/\"},\"wordCount\":852,\"commentCount\":0,\"image\":{\"@id\":\"https:\/\/moreiramenezes.com.br\/cvm-promove-audiencia-publica-para-alterar-icvm-no-480\/#primaryimage\"},\"thumbnailUrl\":\"https:\/\/moreiramenezes.com.br\/wp-content\/uploads\/2020\/12\/stock.jpg\",\"articleSection\":[\"Not\u00edcias\"],\"inLanguage\":\"en-US\"},{\"@type\":\"WebPage\",\"@id\":\"https:\/\/moreiramenezes.com.br\/cvm-promove-audiencia-publica-para-alterar-icvm-no-480\/\",\"url\":\"https:\/\/moreiramenezes.com.br\/cvm-promove-audiencia-publica-para-alterar-icvm-no-480\/\",\"name\":\"CVM promove audi\u00eancia p\u00fablica para alterar ICVM n\u00ba 480 - Moreira Menezes Martins\",\"isPartOf\":{\"@id\":\"https:\/\/moreiramenezes.com.br\/#website\"},\"primaryImageOfPage\":{\"@id\":\"https:\/\/moreiramenezes.com.br\/cvm-promove-audiencia-publica-para-alterar-icvm-no-480\/#primaryimage\"},\"image\":{\"@id\":\"https:\/\/moreiramenezes.com.br\/cvm-promove-audiencia-publica-para-alterar-icvm-no-480\/#primaryimage\"},\"thumbnailUrl\":\"https:\/\/moreiramenezes.com.br\/wp-content\/uploads\/2020\/12\/stock.jpg\",\"datePublished\":\"2020-12-10T19:28:59+00:00\",\"dateModified\":\"2020-12-11T15:25:57+00:00\",\"author\":{\"@id\":\"https:\/\/moreiramenezes.com.br\/#\/schema\/person\/d525376b6c67f0d68e4dfc4475c65d78\"},\"breadcrumb\":{\"@id\":\"https:\/\/moreiramenezes.com.br\/cvm-promove-audiencia-publica-para-alterar-icvm-no-480\/#breadcrumb\"},\"inLanguage\":\"en-US\",\"potentialAction\":[{\"@type\":\"ReadAction\",\"target\":[\"https:\/\/moreiramenezes.com.br\/cvm-promove-audiencia-publica-para-alterar-icvm-no-480\/\"]}]},{\"@type\":\"ImageObject\",\"inLanguage\":\"en-US\",\"@id\":\"https:\/\/moreiramenezes.com.br\/cvm-promove-audiencia-publica-para-alterar-icvm-no-480\/#primaryimage\",\"url\":\"https:\/\/moreiramenezes.com.br\/wp-content\/uploads\/2020\/12\/stock.jpg\",\"contentUrl\":\"https:\/\/moreiramenezes.com.br\/wp-content\/uploads\/2020\/12\/stock.jpg\",\"width\":\"2000\",\"height\":\"1466\"},{\"@type\":\"BreadcrumbList\",\"@id\":\"https:\/\/moreiramenezes.com.br\/cvm-promove-audiencia-publica-para-alterar-icvm-no-480\/#breadcrumb\",\"itemListElement\":[{\"@type\":\"ListItem\",\"position\":1,\"name\":\"In\u00edcio\",\"item\":\"https:\/\/moreiramenezes.com.br\/\"},{\"@type\":\"ListItem\",\"position\":2,\"name\":\"Not\u00edcias\",\"item\":\"https:\/\/moreiramenezes.com.br\/categorias\/noticias\/\"},{\"@type\":\"ListItem\",\"position\":3,\"name\":\"CVM promove audi\u00eancia p\u00fablica para alterar ICVM n\u00ba 480\"}]},{\"@type\":\"WebSite\",\"@id\":\"https:\/\/moreiramenezes.com.br\/#website\",\"url\":\"https:\/\/moreiramenezes.com.br\/\",\"name\":\"Moreira Menezes Martins\",\"description\":\"Moreira Menezes Martins - Advogados\",\"potentialAction\":[{\"@type\":\"SearchAction\",\"target\":{\"@type\":\"EntryPoint\",\"urlTemplate\":\"https:\/\/moreiramenezes.com.br\/?s={search_term_string}\"},\"query-input\":{\"@type\":\"PropertyValueSpecification\",\"valueRequired\":true,\"valueName\":\"search_term_string\"}}],\"inLanguage\":\"en-US\"},{\"@type\":\"Person\",\"@id\":\"https:\/\/moreiramenezes.com.br\/#\/schema\/person\/d525376b6c67f0d68e4dfc4475c65d78\",\"name\":\"mmm\",\"image\":{\"@type\":\"ImageObject\",\"inLanguage\":\"en-US\",\"@id\":\"https:\/\/moreiramenezes.com.br\/#\/schema\/person\/image\/\",\"url\":\"https:\/\/secure.gravatar.com\/avatar\/b16ca84b829f7fb3fcc92f2393d367798a989833972255f9a2b76b056e135746?s=96&d=mm&r=g\",\"contentUrl\":\"https:\/\/secure.gravatar.com\/avatar\/b16ca84b829f7fb3fcc92f2393d367798a989833972255f9a2b76b056e135746?s=96&d=mm&r=g\",\"caption\":\"mmm\"},\"sameAs\":[\"https:\/\/moreiramenezes.com\"],\"url\":\"https:\/\/moreiramenezes.com.br\/en\/author\/mmm\/\"}]}<\/script>\n<!-- \/ Yoast SEO plugin. -->","yoast_head_json":{"title":"CVM promove audi\u00eancia p\u00fablica para alterar ICVM n\u00ba 480 - Moreira Menezes Martins","robots":{"index":"index","follow":"follow","max-snippet":"max-snippet:-1","max-image-preview":"max-image-preview:large","max-video-preview":"max-video-preview:-1"},"canonical":"https:\/\/moreiramenezes.com.br\/en\/cvm-promove-audiencia-publica-para-alterar-icvm-no-480\/","og_locale":"en_US","og_type":"article","og_title":"CVM promove audi\u00eancia p\u00fablica para alterar ICVM n\u00ba 480 - Moreira Menezes Martins","og_description":"Em 07.12.2020 a Comiss\u00e3o de Valores Mobili\u00e1rios \u2013 CVM submeteu \u00e0 audi\u00eancia p\u00fablica minuta de Resolu\u00e7\u00e3o propondo altera\u00e7\u00f5es na Instru\u00e7\u00e3o CVM n\u00ba 480 (\u201cICVM 480\u201d), que disp\u00f5e sobre o registro de emissores de valores mobili\u00e1rios (\u201cMinuta\u201d). A Minuta tem por objetivo reduzir o custo de observ\u00e2ncia dos emissores de valores mobili\u00e1rios e de aprimorar o [&hellip;]","og_url":"https:\/\/moreiramenezes.com.br\/en\/cvm-promove-audiencia-publica-para-alterar-icvm-no-480\/","og_site_name":"Moreira Menezes Martins","article_published_time":"2020-12-10T19:28:59+00:00","article_modified_time":"2020-12-11T15:25:57+00:00","og_image":[{"width":1024,"height":751,"url":"https:\/\/moreiramenezes.com.br\/wp-content\/uploads\/2020\/12\/stock-1024x751.jpg","type":"image\/jpeg"}],"author":"mmm","twitter_card":"summary_large_image","twitter_misc":{"Written by":"mmm","Est. reading time":"4 minutes"},"schema":{"@context":"https:\/\/schema.org","@graph":[{"@type":"Article","@id":"https:\/\/moreiramenezes.com.br\/cvm-promove-audiencia-publica-para-alterar-icvm-no-480\/#article","isPartOf":{"@id":"https:\/\/moreiramenezes.com.br\/cvm-promove-audiencia-publica-para-alterar-icvm-no-480\/"},"author":{"name":"mmm","@id":"https:\/\/moreiramenezes.com.br\/#\/schema\/person\/d525376b6c67f0d68e4dfc4475c65d78"},"headline":"CVM promove audi\u00eancia p\u00fablica para alterar ICVM n\u00ba 480","datePublished":"2020-12-10T19:28:59+00:00","dateModified":"2020-12-11T15:25:57+00:00","mainEntityOfPage":{"@id":"https:\/\/moreiramenezes.com.br\/cvm-promove-audiencia-publica-para-alterar-icvm-no-480\/"},"wordCount":852,"commentCount":0,"image":{"@id":"https:\/\/moreiramenezes.com.br\/cvm-promove-audiencia-publica-para-alterar-icvm-no-480\/#primaryimage"},"thumbnailUrl":"https:\/\/moreiramenezes.com.br\/wp-content\/uploads\/2020\/12\/stock.jpg","articleSection":["Not\u00edcias"],"inLanguage":"en-US"},{"@type":"WebPage","@id":"https:\/\/moreiramenezes.com.br\/cvm-promove-audiencia-publica-para-alterar-icvm-no-480\/","url":"https:\/\/moreiramenezes.com.br\/cvm-promove-audiencia-publica-para-alterar-icvm-no-480\/","name":"CVM promove audi\u00eancia p\u00fablica para alterar ICVM n\u00ba 480 - Moreira Menezes Martins","isPartOf":{"@id":"https:\/\/moreiramenezes.com.br\/#website"},"primaryImageOfPage":{"@id":"https:\/\/moreiramenezes.com.br\/cvm-promove-audiencia-publica-para-alterar-icvm-no-480\/#primaryimage"},"image":{"@id":"https:\/\/moreiramenezes.com.br\/cvm-promove-audiencia-publica-para-alterar-icvm-no-480\/#primaryimage"},"thumbnailUrl":"https:\/\/moreiramenezes.com.br\/wp-content\/uploads\/2020\/12\/stock.jpg","datePublished":"2020-12-10T19:28:59+00:00","dateModified":"2020-12-11T15:25:57+00:00","author":{"@id":"https:\/\/moreiramenezes.com.br\/#\/schema\/person\/d525376b6c67f0d68e4dfc4475c65d78"},"breadcrumb":{"@id":"https:\/\/moreiramenezes.com.br\/cvm-promove-audiencia-publica-para-alterar-icvm-no-480\/#breadcrumb"},"inLanguage":"en-US","potentialAction":[{"@type":"ReadAction","target":["https:\/\/moreiramenezes.com.br\/cvm-promove-audiencia-publica-para-alterar-icvm-no-480\/"]}]},{"@type":"ImageObject","inLanguage":"en-US","@id":"https:\/\/moreiramenezes.com.br\/cvm-promove-audiencia-publica-para-alterar-icvm-no-480\/#primaryimage","url":"https:\/\/moreiramenezes.com.br\/wp-content\/uploads\/2020\/12\/stock.jpg","contentUrl":"https:\/\/moreiramenezes.com.br\/wp-content\/uploads\/2020\/12\/stock.jpg","width":"2000","height":"1466"},{"@type":"BreadcrumbList","@id":"https:\/\/moreiramenezes.com.br\/cvm-promove-audiencia-publica-para-alterar-icvm-no-480\/#breadcrumb","itemListElement":[{"@type":"ListItem","position":1,"name":"In\u00edcio","item":"https:\/\/moreiramenezes.com.br\/"},{"@type":"ListItem","position":2,"name":"Not\u00edcias","item":"https:\/\/moreiramenezes.com.br\/categorias\/noticias\/"},{"@type":"ListItem","position":3,"name":"CVM promove audi\u00eancia p\u00fablica para alterar ICVM n\u00ba 480"}]},{"@type":"WebSite","@id":"https:\/\/moreiramenezes.com.br\/#website","url":"https:\/\/moreiramenezes.com.br\/","name":"Moreira Menezes Martins","description":"Moreira Menezes Martins - Advogados","potentialAction":[{"@type":"SearchAction","target":{"@type":"EntryPoint","urlTemplate":"https:\/\/moreiramenezes.com.br\/?s={search_term_string}"},"query-input":{"@type":"PropertyValueSpecification","valueRequired":true,"valueName":"search_term_string"}}],"inLanguage":"en-US"},{"@type":"Person","@id":"https:\/\/moreiramenezes.com.br\/#\/schema\/person\/d525376b6c67f0d68e4dfc4475c65d78","name":"mmm","image":{"@type":"ImageObject","inLanguage":"en-US","@id":"https:\/\/moreiramenezes.com.br\/#\/schema\/person\/image\/","url":"https:\/\/secure.gravatar.com\/avatar\/b16ca84b829f7fb3fcc92f2393d367798a989833972255f9a2b76b056e135746?s=96&d=mm&r=g","contentUrl":"https:\/\/secure.gravatar.com\/avatar\/b16ca84b829f7fb3fcc92f2393d367798a989833972255f9a2b76b056e135746?s=96&d=mm&r=g","caption":"mmm"},"sameAs":["https:\/\/moreiramenezes.com"],"url":"https:\/\/moreiramenezes.com.br\/en\/author\/mmm\/"}]}},"_links":{"self":[{"href":"https:\/\/moreiramenezes.com.br\/en\/wp-json\/wp\/v2\/posts\/3111","targetHints":{"allow":["GET"]}}],"collection":[{"href":"https:\/\/moreiramenezes.com.br\/en\/wp-json\/wp\/v2\/posts"}],"about":[{"href":"https:\/\/moreiramenezes.com.br\/en\/wp-json\/wp\/v2\/types\/post"}],"author":[{"embeddable":true,"href":"https:\/\/moreiramenezes.com.br\/en\/wp-json\/wp\/v2\/users\/1"}],"replies":[{"embeddable":true,"href":"https:\/\/moreiramenezes.com.br\/en\/wp-json\/wp\/v2\/comments?post=3111"}],"version-history":[{"count":3,"href":"https:\/\/moreiramenezes.com.br\/en\/wp-json\/wp\/v2\/posts\/3111\/revisions"}],"predecessor-version":[{"id":3115,"href":"https:\/\/moreiramenezes.com.br\/en\/wp-json\/wp\/v2\/posts\/3111\/revisions\/3115"}],"wp:featuredmedia":[{"embeddable":true,"href":"https:\/\/moreiramenezes.com.br\/en\/wp-json\/wp\/v2\/media\/3112"}],"wp:attachment":[{"href":"https:\/\/moreiramenezes.com.br\/en\/wp-json\/wp\/v2\/media?parent=3111"}],"wp:term":[{"taxonomy":"category","embeddable":true,"href":"https:\/\/moreiramenezes.com.br\/en\/wp-json\/wp\/v2\/categories?post=3111"},{"taxonomy":"post_tag","embeddable":true,"href":"https:\/\/moreiramenezes.com.br\/en\/wp-json\/wp\/v2\/tags?post=3111"}],"curies":[{"name":"wp","href":"https:\/\/api.w.org\/{rel}","templated":true}]}}