{"id":2908,"date":"2020-10-09T11:49:09","date_gmt":"2020-10-09T11:49:09","guid":{"rendered":"https:\/\/moreiramenezes.com.br\/?p=2908"},"modified":"2020-10-09T11:49:09","modified_gmt":"2020-10-09T11:49:09","slug":"6-anos-de-historia","status":"publish","type":"post","link":"https:\/\/moreiramenezes.com.br\/en\/6-anos-de-historia\/","title":{"rendered":"6 anos de hist\u00f3ria | Nova identidade visual | Novo endere\u00e7o em S\u00e3o Paulo"},"content":{"rendered":"<p class=\"p1\">Moreira Menezes, Martins Advogados, por ocasi\u00e3o do 6\u00ba anivers\u00e1rio de funda\u00e7\u00e3o, vem a p\u00fablico agradecer todos seus clientes, parceiros, advogados, estagi\u00e1rios e colaboradores, pela confian\u00e7a e apoio no per\u00edodo t\u00e3o essencial para a forma\u00e7\u00e3o de sua base \u00e9tica e profissional.<\/p>\n<p class=\"p1\">Nesta oportunidade, comunicamos a inaugura\u00e7\u00e3o de nosso escrit\u00f3rio de S\u00e3o Paulo, na Vila Ol\u00edmpia, nossa nova identidade visual e repagina\u00e7\u00e3o de nosso site (<a href=\"http:\/\/www.moreiramenezes.com.b\">www.moreiramenezes.com.b<\/a>r).<\/p>\n<p class=\"p1\">Estamos prontos para os pr\u00f3ximos desafios!<\/p>","protected":false},"excerpt":{"rendered":"<p>Diz-se que na primeira inf\u00e2ncia, do nascimento aos 6 anos de vida, formam-se os v\u00ednculos essenciais, que afetam profundamente o desenvolvimento cognitivo e social de todos.<\/p>","protected":false},"author":1,"featured_media":2911,"comment_status":"open","ping_status":"open","sticky":false,"template":"","format":"standard","meta":{"footnotes":""},"categories":[5],"tags":[],"class_list":["post-2908","post","type-post","status-publish","format-standard","has-post-thumbnail","hentry","category-noticias"],"yoast_head":"<!-- This site is optimized with the Yoast SEO plugin v26.9 - https:\/\/yoast.com\/product\/yoast-seo-wordpress\/ -->\n<title>6 anos de hist\u00f3ria | Nova identidade visual | Novo endere\u00e7o em S\u00e3o Paulo<\/title>\n<meta name=\"robots\" content=\"index, follow, max-snippet:-1, max-image-preview:large, max-video-preview:-1\" \/>\n<link rel=\"canonical\" href=\"https:\/\/moreiramenezes.com.br\/en\/6-anos-de-historia\/\" \/>\n<meta property=\"og:locale\" content=\"en_US\" \/>\n<meta property=\"og:type\" content=\"article\" \/>\n<meta property=\"og:title\" content=\"6 anos de hist\u00f3ria | Nova identidade visual | Novo endere\u00e7o em S\u00e3o Paulo\" \/>\n<meta property=\"og:description\" content=\"Diz-se que na primeira inf\u00e2ncia, do nascimento aos 6 anos de vida, formam-se os v\u00ednculos essenciais, que afetam profundamente o desenvolvimento cognitivo e social de todos.\" \/>\n<meta property=\"og:url\" content=\"https:\/\/moreiramenezes.com.br\/en\/6-anos-de-historia\/\" \/>\n<meta property=\"og:site_name\" content=\"Moreira Menezes Martins\" \/>\n<meta property=\"article:published_time\" content=\"2020-10-09T11:49:09+00:00\" \/>\n<meta property=\"og:image\" content=\"https:\/\/moreiramenezes.com.br\/wp-content\/uploads\/2020\/10\/MMM-lanc\u0327amento-post-LD22.jpg\" \/>\n\t<meta property=\"og:image:width\" content=\"1400\" \/>\n\t<meta property=\"og:image:height\" content=\"788\" \/>\n\t<meta property=\"og:image:type\" content=\"image\/jpeg\" \/>\n<meta name=\"author\" content=\"mmm\" \/>\n<meta name=\"twitter:card\" content=\"summary_large_image\" \/>\n<meta name=\"twitter:label1\" content=\"Written by\" \/>\n\t<meta name=\"twitter:data1\" content=\"mmm\" \/>\n<script type=\"application\/ld+json\" class=\"yoast-schema-graph\">{\"@context\":\"https:\/\/schema.org\",\"@graph\":[{\"@type\":\"Article\",\"@id\":\"https:\/\/moreiramenezes.com.br\/6-anos-de-historia\/#article\",\"isPartOf\":{\"@id\":\"https:\/\/moreiramenezes.com.br\/6-anos-de-historia\/\"},\"author\":{\"name\":\"mmm\",\"@id\":\"https:\/\/moreiramenezes.com.br\/#\/schema\/person\/d525376b6c67f0d68e4dfc4475c65d78\"},\"headline\":\"6 anos de hist\u00f3ria | Nova identidade visual | Novo endere\u00e7o em S\u00e3o Paulo\",\"datePublished\":\"2020-10-09T11:49:09+00:00\",\"mainEntityOfPage\":{\"@id\":\"https:\/\/moreiramenezes.com.br\/6-anos-de-historia\/\"},\"wordCount\":101,\"commentCount\":0,\"image\":{\"@id\":\"https:\/\/moreiramenezes.com.br\/6-anos-de-historia\/#primaryimage\"},\"thumbnailUrl\":\"https:\/\/moreiramenezes.com.br\/wp-content\/uploads\/2020\/10\/MMM-lanc\u0327amento-post-LD22.jpg\",\"articleSection\":[\"Not\u00edcias\"],\"inLanguage\":\"en-US\"},{\"@type\":\"WebPage\",\"@id\":\"https:\/\/moreiramenezes.com.br\/6-anos-de-historia\/\",\"url\":\"https:\/\/moreiramenezes.com.br\/6-anos-de-historia\/\",\"name\":\"6 anos de hist\u00f3ria | Nova identidade visual | Novo endere\u00e7o em S\u00e3o Paulo\",\"isPartOf\":{\"@id\":\"https:\/\/moreiramenezes.com.br\/#website\"},\"primaryImageOfPage\":{\"@id\":\"https:\/\/moreiramenezes.com.br\/6-anos-de-historia\/#primaryimage\"},\"image\":{\"@id\":\"https:\/\/moreiramenezes.com.br\/6-anos-de-historia\/#primaryimage\"},\"thumbnailUrl\":\"https:\/\/moreiramenezes.com.br\/wp-content\/uploads\/2020\/10\/MMM-lanc\u0327amento-post-LD22.jpg\",\"datePublished\":\"2020-10-09T11:49:09+00:00\",\"author\":{\"@id\":\"https:\/\/moreiramenezes.com.br\/#\/schema\/person\/d525376b6c67f0d68e4dfc4475c65d78\"},\"breadcrumb\":{\"@id\":\"https:\/\/moreiramenezes.com.br\/6-anos-de-historia\/#breadcrumb\"},\"inLanguage\":\"en-US\",\"potentialAction\":[{\"@type\":\"ReadAction\",\"target\":[\"https:\/\/moreiramenezes.com.br\/6-anos-de-historia\/\"]}]},{\"@type\":\"ImageObject\",\"inLanguage\":\"en-US\",\"@id\":\"https:\/\/moreiramenezes.com.br\/6-anos-de-historia\/#primaryimage\",\"url\":\"https:\/\/moreiramenezes.com.br\/wp-content\/uploads\/2020\/10\/MMM-lanc\u0327amento-post-LD22.jpg\",\"contentUrl\":\"https:\/\/moreiramenezes.com.br\/wp-content\/uploads\/2020\/10\/MMM-lanc\u0327amento-post-LD22.jpg\",\"width\":\"1400\",\"height\":\"788\"},{\"@type\":\"BreadcrumbList\",\"@id\":\"https:\/\/moreiramenezes.com.br\/6-anos-de-historia\/#breadcrumb\",\"itemListElement\":[{\"@type\":\"ListItem\",\"position\":1,\"name\":\"In\u00edcio\",\"item\":\"https:\/\/moreiramenezes.com.br\/\"},{\"@type\":\"ListItem\",\"position\":2,\"name\":\"Not\u00edcias\",\"item\":\"https:\/\/moreiramenezes.com.br\/categorias\/noticias\/\"},{\"@type\":\"ListItem\",\"position\":3,\"name\":\"6 anos de hist\u00f3ria | Nova identidade visual | Novo endere\u00e7o em S\u00e3o Paulo\"}]},{\"@type\":\"WebSite\",\"@id\":\"https:\/\/moreiramenezes.com.br\/#website\",\"url\":\"https:\/\/moreiramenezes.com.br\/\",\"name\":\"Moreira Menezes Martins\",\"description\":\"Moreira Menezes Martins - Advogados\",\"potentialAction\":[{\"@type\":\"SearchAction\",\"target\":{\"@type\":\"EntryPoint\",\"urlTemplate\":\"https:\/\/moreiramenezes.com.br\/?s={search_term_string}\"},\"query-input\":{\"@type\":\"PropertyValueSpecification\",\"valueRequired\":true,\"valueName\":\"search_term_string\"}}],\"inLanguage\":\"en-US\"},{\"@type\":\"Person\",\"@id\":\"https:\/\/moreiramenezes.com.br\/#\/schema\/person\/d525376b6c67f0d68e4dfc4475c65d78\",\"name\":\"mmm\",\"image\":{\"@type\":\"ImageObject\",\"inLanguage\":\"en-US\",\"@id\":\"https:\/\/moreiramenezes.com.br\/#\/schema\/person\/image\/\",\"url\":\"https:\/\/secure.gravatar.com\/avatar\/b16ca84b829f7fb3fcc92f2393d367798a989833972255f9a2b76b056e135746?s=96&d=mm&r=g\",\"contentUrl\":\"https:\/\/secure.gravatar.com\/avatar\/b16ca84b829f7fb3fcc92f2393d367798a989833972255f9a2b76b056e135746?s=96&d=mm&r=g\",\"caption\":\"mmm\"},\"sameAs\":[\"https:\/\/moreiramenezes.com\"],\"url\":\"https:\/\/moreiramenezes.com.br\/en\/author\/mmm\/\"}]}<\/script>\n<!-- \/ Yoast SEO plugin. -->","yoast_head_json":{"title":"6 anos de hist\u00f3ria | Nova identidade visual | Novo endere\u00e7o em S\u00e3o Paulo","robots":{"index":"index","follow":"follow","max-snippet":"max-snippet:-1","max-image-preview":"max-image-preview:large","max-video-preview":"max-video-preview:-1"},"canonical":"https:\/\/moreiramenezes.com.br\/en\/6-anos-de-historia\/","og_locale":"en_US","og_type":"article","og_title":"6 anos de hist\u00f3ria | Nova identidade visual | Novo endere\u00e7o em S\u00e3o Paulo","og_description":"Diz-se que na primeira inf\u00e2ncia, do nascimento aos 6 anos de vida, formam-se os v\u00ednculos essenciais, que afetam profundamente o desenvolvimento cognitivo e social de todos.","og_url":"https:\/\/moreiramenezes.com.br\/en\/6-anos-de-historia\/","og_site_name":"Moreira Menezes Martins","article_published_time":"2020-10-09T11:49:09+00:00","og_image":[{"width":1400,"height":788,"url":"https:\/\/moreiramenezes.com.br\/wp-content\/uploads\/2020\/10\/MMM-lanc\u0327amento-post-LD22.jpg","type":"image\/jpeg"}],"author":"mmm","twitter_card":"summary_large_image","twitter_misc":{"Written by":"mmm"},"schema":{"@context":"https:\/\/schema.org","@graph":[{"@type":"Article","@id":"https:\/\/moreiramenezes.com.br\/6-anos-de-historia\/#article","isPartOf":{"@id":"https:\/\/moreiramenezes.com.br\/6-anos-de-historia\/"},"author":{"name":"mmm","@id":"https:\/\/moreiramenezes.com.br\/#\/schema\/person\/d525376b6c67f0d68e4dfc4475c65d78"},"headline":"6 anos de hist\u00f3ria | Nova identidade visual | Novo endere\u00e7o em S\u00e3o Paulo","datePublished":"2020-10-09T11:49:09+00:00","mainEntityOfPage":{"@id":"https:\/\/moreiramenezes.com.br\/6-anos-de-historia\/"},"wordCount":101,"commentCount":0,"image":{"@id":"https:\/\/moreiramenezes.com.br\/6-anos-de-historia\/#primaryimage"},"thumbnailUrl":"https:\/\/moreiramenezes.com.br\/wp-content\/uploads\/2020\/10\/MMM-lanc\u0327amento-post-LD22.jpg","articleSection":["Not\u00edcias"],"inLanguage":"en-US"},{"@type":"WebPage","@id":"https:\/\/moreiramenezes.com.br\/6-anos-de-historia\/","url":"https:\/\/moreiramenezes.com.br\/6-anos-de-historia\/","name":"6 anos de hist\u00f3ria | Nova identidade visual | Novo endere\u00e7o em S\u00e3o Paulo","isPartOf":{"@id":"https:\/\/moreiramenezes.com.br\/#website"},"primaryImageOfPage":{"@id":"https:\/\/moreiramenezes.com.br\/6-anos-de-historia\/#primaryimage"},"image":{"@id":"https:\/\/moreiramenezes.com.br\/6-anos-de-historia\/#primaryimage"},"thumbnailUrl":"https:\/\/moreiramenezes.com.br\/wp-content\/uploads\/2020\/10\/MMM-lanc\u0327amento-post-LD22.jpg","datePublished":"2020-10-09T11:49:09+00:00","author":{"@id":"https:\/\/moreiramenezes.com.br\/#\/schema\/person\/d525376b6c67f0d68e4dfc4475c65d78"},"breadcrumb":{"@id":"https:\/\/moreiramenezes.com.br\/6-anos-de-historia\/#breadcrumb"},"inLanguage":"en-US","potentialAction":[{"@type":"ReadAction","target":["https:\/\/moreiramenezes.com.br\/6-anos-de-historia\/"]}]},{"@type":"ImageObject","inLanguage":"en-US","@id":"https:\/\/moreiramenezes.com.br\/6-anos-de-historia\/#primaryimage","url":"https:\/\/moreiramenezes.com.br\/wp-content\/uploads\/2020\/10\/MMM-lanc\u0327amento-post-LD22.jpg","contentUrl":"https:\/\/moreiramenezes.com.br\/wp-content\/uploads\/2020\/10\/MMM-lanc\u0327amento-post-LD22.jpg","width":"1400","height":"788"},{"@type":"BreadcrumbList","@id":"https:\/\/moreiramenezes.com.br\/6-anos-de-historia\/#breadcrumb","itemListElement":[{"@type":"ListItem","position":1,"name":"In\u00edcio","item":"https:\/\/moreiramenezes.com.br\/"},{"@type":"ListItem","position":2,"name":"Not\u00edcias","item":"https:\/\/moreiramenezes.com.br\/categorias\/noticias\/"},{"@type":"ListItem","position":3,"name":"6 anos de hist\u00f3ria | Nova identidade visual | Novo endere\u00e7o em S\u00e3o Paulo"}]},{"@type":"WebSite","@id":"https:\/\/moreiramenezes.com.br\/#website","url":"https:\/\/moreiramenezes.com.br\/","name":"Moreira Menezes Martins","description":"Moreira Menezes Martins - Advogados","potentialAction":[{"@type":"SearchAction","target":{"@type":"EntryPoint","urlTemplate":"https:\/\/moreiramenezes.com.br\/?s={search_term_string}"},"query-input":{"@type":"PropertyValueSpecification","valueRequired":true,"valueName":"search_term_string"}}],"inLanguage":"en-US"},{"@type":"Person","@id":"https:\/\/moreiramenezes.com.br\/#\/schema\/person\/d525376b6c67f0d68e4dfc4475c65d78","name":"mmm","image":{"@type":"ImageObject","inLanguage":"en-US","@id":"https:\/\/moreiramenezes.com.br\/#\/schema\/person\/image\/","url":"https:\/\/secure.gravatar.com\/avatar\/b16ca84b829f7fb3fcc92f2393d367798a989833972255f9a2b76b056e135746?s=96&d=mm&r=g","contentUrl":"https:\/\/secure.gravatar.com\/avatar\/b16ca84b829f7fb3fcc92f2393d367798a989833972255f9a2b76b056e135746?s=96&d=mm&r=g","caption":"mmm"},"sameAs":["https:\/\/moreiramenezes.com"],"url":"https:\/\/moreiramenezes.com.br\/en\/author\/mmm\/"}]}},"_links":{"self":[{"href":"https:\/\/moreiramenezes.com.br\/en\/wp-json\/wp\/v2\/posts\/2908","targetHints":{"allow":["GET"]}}],"collection":[{"href":"https:\/\/moreiramenezes.com.br\/en\/wp-json\/wp\/v2\/posts"}],"about":[{"href":"https:\/\/moreiramenezes.com.br\/en\/wp-json\/wp\/v2\/types\/post"}],"author":[{"embeddable":true,"href":"https:\/\/moreiramenezes.com.br\/en\/wp-json\/wp\/v2\/users\/1"}],"replies":[{"embeddable":true,"href":"https:\/\/moreiramenezes.com.br\/en\/wp-json\/wp\/v2\/comments?post=2908"}],"version-history":[{"count":3,"href":"https:\/\/moreiramenezes.com.br\/en\/wp-json\/wp\/v2\/posts\/2908\/revisions"}],"predecessor-version":[{"id":2916,"href":"https:\/\/moreiramenezes.com.br\/en\/wp-json\/wp\/v2\/posts\/2908\/revisions\/2916"}],"wp:featuredmedia":[{"embeddable":true,"href":"https:\/\/moreiramenezes.com.br\/en\/wp-json\/wp\/v2\/media\/2911"}],"wp:attachment":[{"href":"https:\/\/moreiramenezes.com.br\/en\/wp-json\/wp\/v2\/media?parent=2908"}],"wp:term":[{"taxonomy":"category","embeddable":true,"href":"https:\/\/moreiramenezes.com.br\/en\/wp-json\/wp\/v2\/categories?post=2908"},{"taxonomy":"post_tag","embeddable":true,"href":"https:\/\/moreiramenezes.com.br\/en\/wp-json\/wp\/v2\/tags?post=2908"}],"curies":[{"name":"wp","href":"https:\/\/api.w.org\/{rel}","templated":true}]}}