{"id":2877,"date":"2020-10-05T22:27:33","date_gmt":"2020-10-05T22:27:33","guid":{"rendered":"https:\/\/moreiramenezes.com.br\/?p=2877"},"modified":"2020-10-05T22:28:33","modified_gmt":"2020-10-05T22:28:33","slug":"cvm-lanca-aplicativo-com-informacoes-cadastrais-de-regulados","status":"publish","type":"post","link":"https:\/\/moreiramenezes.com.br\/en\/cvm-lanca-aplicativo-com-informacoes-cadastrais-de-regulados\/","title":{"rendered":"CVM lan\u00e7a aplicativo com informa\u00e7\u00f5es cadastrais de regulados"},"content":{"rendered":"<p class=\"p1\">Segundo informado pela autarquia, o objetivo do desenvolvimento do aplicativo \u00e9 aproximar a CVM do p\u00fablico em geral, possibilitando um r\u00e1pido, f\u00e1cil e claro acesso a informa\u00e7\u00f5es relativas ao mercado de valores mobili\u00e1rios.<\/p>\n<p class=\"p1\">Em um primeiro momento, o aplicativo CVM Digital ter\u00e1 como funcionalidade apenas a consulta de informa\u00e7\u00f5es sobre participantes autorizados a atuar no mercado (companhias abertas, auditores independentes, corretoras, dentre outros).<\/p>\n<p class=\"p1\">N\u00e3o obstante, a CVM informou que j\u00e1 est\u00e1 em fase de an\u00e1lise a implementa\u00e7\u00e3o de outros recursos, incluindo a consulta a informa\u00e7\u00f5es sobre fundos de investimento, abertura e acompanhamento de chamados no Servi\u00e7o de Atendimento ao Cidad\u00e3o e acesso ao sistema de visualiza\u00e7\u00e3o e acompanhamento de processos (sancionadores ou n\u00e3o) da CVM (\u201cSistema SEI\u201d).<\/p>\n<p class=\"p1\">O aplicativo est\u00e1 dispon\u00edvel para <i>download<\/i> nas lojas de aplicativos da Google e da Apple. Maiores informa\u00e7\u00f5es podem ser encontradas no <i>site<\/i> da CVM (<a href=\"http:\/\/www.cvm.gov.br\">www.cvm.gov.br<\/a>).<\/p>","protected":false},"excerpt":{"rendered":"<p>Em 05.10.2020, na abertura da Semana Mundial do Investidor (World Investor Week \u2013 WIW), a Comiss\u00e3o de Valores Mobili\u00e1rios \u2013 CVM lan\u00e7ou o aplicativo CVM Digital.<\/p>","protected":false},"author":1,"featured_media":2878,"comment_status":"open","ping_status":"open","sticky":false,"template":"","format":"standard","meta":{"footnotes":""},"categories":[5],"tags":[],"class_list":["post-2877","post","type-post","status-publish","format-standard","has-post-thumbnail","hentry","category-noticias"],"yoast_head":"<!-- This site is optimized with the Yoast SEO plugin v26.9 - https:\/\/yoast.com\/product\/yoast-seo-wordpress\/ -->\n<title>CVM lan\u00e7a aplicativo com informa\u00e7\u00f5es cadastrais de regulados<\/title>\n<meta name=\"robots\" content=\"index, follow, max-snippet:-1, max-image-preview:large, max-video-preview:-1\" \/>\n<link rel=\"canonical\" href=\"https:\/\/moreiramenezes.com.br\/en\/cvm-lanca-aplicativo-com-informacoes-cadastrais-de-regulados\/\" \/>\n<meta property=\"og:locale\" content=\"en_US\" \/>\n<meta property=\"og:type\" content=\"article\" \/>\n<meta property=\"og:title\" content=\"CVM lan\u00e7a aplicativo com informa\u00e7\u00f5es cadastrais de regulados\" \/>\n<meta property=\"og:description\" content=\"Em 05.10.2020, na abertura da Semana Mundial do Investidor (World Investor Week \u2013 WIW), a Comiss\u00e3o de Valores Mobili\u00e1rios \u2013 CVM lan\u00e7ou o aplicativo CVM Digital.\" \/>\n<meta property=\"og:url\" content=\"https:\/\/moreiramenezes.com.br\/en\/cvm-lanca-aplicativo-com-informacoes-cadastrais-de-regulados\/\" \/>\n<meta property=\"og:site_name\" content=\"Moreira Menezes Martins\" \/>\n<meta property=\"article:published_time\" content=\"2020-10-05T22:27:33+00:00\" \/>\n<meta property=\"article:modified_time\" content=\"2020-10-05T22:28:33+00:00\" \/>\n<meta property=\"og:image\" content=\"https:\/\/moreiramenezes.com.br\/wp-content\/uploads\/2020\/10\/cvm-lanca-aplicativo.jpg\" \/>\n\t<meta property=\"og:image:width\" content=\"1400\" \/>\n\t<meta property=\"og:image:height\" content=\"814\" \/>\n\t<meta property=\"og:image:type\" content=\"image\/jpeg\" \/>\n<meta name=\"author\" content=\"mmm\" \/>\n<meta name=\"twitter:card\" content=\"summary_large_image\" \/>\n<meta name=\"twitter:label1\" content=\"Written by\" \/>\n\t<meta name=\"twitter:data1\" content=\"mmm\" \/>\n\t<meta name=\"twitter:label2\" content=\"Est. reading time\" \/>\n\t<meta name=\"twitter:data2\" content=\"1 minute\" \/>\n<script type=\"application\/ld+json\" class=\"yoast-schema-graph\">{\"@context\":\"https:\/\/schema.org\",\"@graph\":[{\"@type\":\"Article\",\"@id\":\"https:\/\/moreiramenezes.com.br\/cvm-lanca-aplicativo-com-informacoes-cadastrais-de-regulados\/#article\",\"isPartOf\":{\"@id\":\"https:\/\/moreiramenezes.com.br\/cvm-lanca-aplicativo-com-informacoes-cadastrais-de-regulados\/\"},\"author\":{\"name\":\"mmm\",\"@id\":\"https:\/\/moreiramenezes.com.br\/#\/schema\/person\/d525376b6c67f0d68e4dfc4475c65d78\"},\"headline\":\"CVM lan\u00e7a aplicativo com informa\u00e7\u00f5es cadastrais de regulados\",\"datePublished\":\"2020-10-05T22:27:33+00:00\",\"dateModified\":\"2020-10-05T22:28:33+00:00\",\"mainEntityOfPage\":{\"@id\":\"https:\/\/moreiramenezes.com.br\/cvm-lanca-aplicativo-com-informacoes-cadastrais-de-regulados\/\"},\"wordCount\":170,\"commentCount\":0,\"image\":{\"@id\":\"https:\/\/moreiramenezes.com.br\/cvm-lanca-aplicativo-com-informacoes-cadastrais-de-regulados\/#primaryimage\"},\"thumbnailUrl\":\"https:\/\/moreiramenezes.com.br\/wp-content\/uploads\/2020\/10\/cvm-lanca-aplicativo.jpg\",\"articleSection\":[\"Not\u00edcias\"],\"inLanguage\":\"en-US\"},{\"@type\":\"WebPage\",\"@id\":\"https:\/\/moreiramenezes.com.br\/cvm-lanca-aplicativo-com-informacoes-cadastrais-de-regulados\/\",\"url\":\"https:\/\/moreiramenezes.com.br\/cvm-lanca-aplicativo-com-informacoes-cadastrais-de-regulados\/\",\"name\":\"CVM lan\u00e7a aplicativo com informa\u00e7\u00f5es cadastrais de regulados\",\"isPartOf\":{\"@id\":\"https:\/\/moreiramenezes.com.br\/#website\"},\"primaryImageOfPage\":{\"@id\":\"https:\/\/moreiramenezes.com.br\/cvm-lanca-aplicativo-com-informacoes-cadastrais-de-regulados\/#primaryimage\"},\"image\":{\"@id\":\"https:\/\/moreiramenezes.com.br\/cvm-lanca-aplicativo-com-informacoes-cadastrais-de-regulados\/#primaryimage\"},\"thumbnailUrl\":\"https:\/\/moreiramenezes.com.br\/wp-content\/uploads\/2020\/10\/cvm-lanca-aplicativo.jpg\",\"datePublished\":\"2020-10-05T22:27:33+00:00\",\"dateModified\":\"2020-10-05T22:28:33+00:00\",\"author\":{\"@id\":\"https:\/\/moreiramenezes.com.br\/#\/schema\/person\/d525376b6c67f0d68e4dfc4475c65d78\"},\"breadcrumb\":{\"@id\":\"https:\/\/moreiramenezes.com.br\/cvm-lanca-aplicativo-com-informacoes-cadastrais-de-regulados\/#breadcrumb\"},\"inLanguage\":\"en-US\",\"potentialAction\":[{\"@type\":\"ReadAction\",\"target\":[\"https:\/\/moreiramenezes.com.br\/cvm-lanca-aplicativo-com-informacoes-cadastrais-de-regulados\/\"]}]},{\"@type\":\"ImageObject\",\"inLanguage\":\"en-US\",\"@id\":\"https:\/\/moreiramenezes.com.br\/cvm-lanca-aplicativo-com-informacoes-cadastrais-de-regulados\/#primaryimage\",\"url\":\"https:\/\/moreiramenezes.com.br\/wp-content\/uploads\/2020\/10\/cvm-lanca-aplicativo.jpg\",\"contentUrl\":\"https:\/\/moreiramenezes.com.br\/wp-content\/uploads\/2020\/10\/cvm-lanca-aplicativo.jpg\",\"width\":\"1400\",\"height\":\"814\"},{\"@type\":\"BreadcrumbList\",\"@id\":\"https:\/\/moreiramenezes.com.br\/cvm-lanca-aplicativo-com-informacoes-cadastrais-de-regulados\/#breadcrumb\",\"itemListElement\":[{\"@type\":\"ListItem\",\"position\":1,\"name\":\"In\u00edcio\",\"item\":\"https:\/\/moreiramenezes.com.br\/\"},{\"@type\":\"ListItem\",\"position\":2,\"name\":\"Not\u00edcias\",\"item\":\"https:\/\/moreiramenezes.com.br\/categorias\/noticias\/\"},{\"@type\":\"ListItem\",\"position\":3,\"name\":\"CVM lan\u00e7a aplicativo com informa\u00e7\u00f5es cadastrais de regulados\"}]},{\"@type\":\"WebSite\",\"@id\":\"https:\/\/moreiramenezes.com.br\/#website\",\"url\":\"https:\/\/moreiramenezes.com.br\/\",\"name\":\"Moreira Menezes Martins\",\"description\":\"Moreira Menezes Martins - Advogados\",\"potentialAction\":[{\"@type\":\"SearchAction\",\"target\":{\"@type\":\"EntryPoint\",\"urlTemplate\":\"https:\/\/moreiramenezes.com.br\/?s={search_term_string}\"},\"query-input\":{\"@type\":\"PropertyValueSpecification\",\"valueRequired\":true,\"valueName\":\"search_term_string\"}}],\"inLanguage\":\"en-US\"},{\"@type\":\"Person\",\"@id\":\"https:\/\/moreiramenezes.com.br\/#\/schema\/person\/d525376b6c67f0d68e4dfc4475c65d78\",\"name\":\"mmm\",\"image\":{\"@type\":\"ImageObject\",\"inLanguage\":\"en-US\",\"@id\":\"https:\/\/moreiramenezes.com.br\/#\/schema\/person\/image\/\",\"url\":\"https:\/\/secure.gravatar.com\/avatar\/b16ca84b829f7fb3fcc92f2393d367798a989833972255f9a2b76b056e135746?s=96&d=mm&r=g\",\"contentUrl\":\"https:\/\/secure.gravatar.com\/avatar\/b16ca84b829f7fb3fcc92f2393d367798a989833972255f9a2b76b056e135746?s=96&d=mm&r=g\",\"caption\":\"mmm\"},\"sameAs\":[\"https:\/\/moreiramenezes.com\"],\"url\":\"https:\/\/moreiramenezes.com.br\/en\/author\/mmm\/\"}]}<\/script>\n<!-- \/ Yoast SEO plugin. -->","yoast_head_json":{"title":"CVM lan\u00e7a aplicativo com informa\u00e7\u00f5es cadastrais de regulados","robots":{"index":"index","follow":"follow","max-snippet":"max-snippet:-1","max-image-preview":"max-image-preview:large","max-video-preview":"max-video-preview:-1"},"canonical":"https:\/\/moreiramenezes.com.br\/en\/cvm-lanca-aplicativo-com-informacoes-cadastrais-de-regulados\/","og_locale":"en_US","og_type":"article","og_title":"CVM lan\u00e7a aplicativo com informa\u00e7\u00f5es cadastrais de regulados","og_description":"Em 05.10.2020, na abertura da Semana Mundial do Investidor (World Investor Week \u2013 WIW), a Comiss\u00e3o de Valores Mobili\u00e1rios \u2013 CVM lan\u00e7ou o aplicativo CVM Digital.","og_url":"https:\/\/moreiramenezes.com.br\/en\/cvm-lanca-aplicativo-com-informacoes-cadastrais-de-regulados\/","og_site_name":"Moreira Menezes Martins","article_published_time":"2020-10-05T22:27:33+00:00","article_modified_time":"2020-10-05T22:28:33+00:00","og_image":[{"width":1400,"height":814,"url":"https:\/\/moreiramenezes.com.br\/wp-content\/uploads\/2020\/10\/cvm-lanca-aplicativo.jpg","type":"image\/jpeg"}],"author":"mmm","twitter_card":"summary_large_image","twitter_misc":{"Written by":"mmm","Est. reading time":"1 minute"},"schema":{"@context":"https:\/\/schema.org","@graph":[{"@type":"Article","@id":"https:\/\/moreiramenezes.com.br\/cvm-lanca-aplicativo-com-informacoes-cadastrais-de-regulados\/#article","isPartOf":{"@id":"https:\/\/moreiramenezes.com.br\/cvm-lanca-aplicativo-com-informacoes-cadastrais-de-regulados\/"},"author":{"name":"mmm","@id":"https:\/\/moreiramenezes.com.br\/#\/schema\/person\/d525376b6c67f0d68e4dfc4475c65d78"},"headline":"CVM lan\u00e7a aplicativo com informa\u00e7\u00f5es cadastrais de regulados","datePublished":"2020-10-05T22:27:33+00:00","dateModified":"2020-10-05T22:28:33+00:00","mainEntityOfPage":{"@id":"https:\/\/moreiramenezes.com.br\/cvm-lanca-aplicativo-com-informacoes-cadastrais-de-regulados\/"},"wordCount":170,"commentCount":0,"image":{"@id":"https:\/\/moreiramenezes.com.br\/cvm-lanca-aplicativo-com-informacoes-cadastrais-de-regulados\/#primaryimage"},"thumbnailUrl":"https:\/\/moreiramenezes.com.br\/wp-content\/uploads\/2020\/10\/cvm-lanca-aplicativo.jpg","articleSection":["Not\u00edcias"],"inLanguage":"en-US"},{"@type":"WebPage","@id":"https:\/\/moreiramenezes.com.br\/cvm-lanca-aplicativo-com-informacoes-cadastrais-de-regulados\/","url":"https:\/\/moreiramenezes.com.br\/cvm-lanca-aplicativo-com-informacoes-cadastrais-de-regulados\/","name":"CVM lan\u00e7a aplicativo com informa\u00e7\u00f5es cadastrais de regulados","isPartOf":{"@id":"https:\/\/moreiramenezes.com.br\/#website"},"primaryImageOfPage":{"@id":"https:\/\/moreiramenezes.com.br\/cvm-lanca-aplicativo-com-informacoes-cadastrais-de-regulados\/#primaryimage"},"image":{"@id":"https:\/\/moreiramenezes.com.br\/cvm-lanca-aplicativo-com-informacoes-cadastrais-de-regulados\/#primaryimage"},"thumbnailUrl":"https:\/\/moreiramenezes.com.br\/wp-content\/uploads\/2020\/10\/cvm-lanca-aplicativo.jpg","datePublished":"2020-10-05T22:27:33+00:00","dateModified":"2020-10-05T22:28:33+00:00","author":{"@id":"https:\/\/moreiramenezes.com.br\/#\/schema\/person\/d525376b6c67f0d68e4dfc4475c65d78"},"breadcrumb":{"@id":"https:\/\/moreiramenezes.com.br\/cvm-lanca-aplicativo-com-informacoes-cadastrais-de-regulados\/#breadcrumb"},"inLanguage":"en-US","potentialAction":[{"@type":"ReadAction","target":["https:\/\/moreiramenezes.com.br\/cvm-lanca-aplicativo-com-informacoes-cadastrais-de-regulados\/"]}]},{"@type":"ImageObject","inLanguage":"en-US","@id":"https:\/\/moreiramenezes.com.br\/cvm-lanca-aplicativo-com-informacoes-cadastrais-de-regulados\/#primaryimage","url":"https:\/\/moreiramenezes.com.br\/wp-content\/uploads\/2020\/10\/cvm-lanca-aplicativo.jpg","contentUrl":"https:\/\/moreiramenezes.com.br\/wp-content\/uploads\/2020\/10\/cvm-lanca-aplicativo.jpg","width":"1400","height":"814"},{"@type":"BreadcrumbList","@id":"https:\/\/moreiramenezes.com.br\/cvm-lanca-aplicativo-com-informacoes-cadastrais-de-regulados\/#breadcrumb","itemListElement":[{"@type":"ListItem","position":1,"name":"In\u00edcio","item":"https:\/\/moreiramenezes.com.br\/"},{"@type":"ListItem","position":2,"name":"Not\u00edcias","item":"https:\/\/moreiramenezes.com.br\/categorias\/noticias\/"},{"@type":"ListItem","position":3,"name":"CVM lan\u00e7a aplicativo com informa\u00e7\u00f5es cadastrais de regulados"}]},{"@type":"WebSite","@id":"https:\/\/moreiramenezes.com.br\/#website","url":"https:\/\/moreiramenezes.com.br\/","name":"Moreira Menezes Martins","description":"Moreira Menezes Martins - Advogados","potentialAction":[{"@type":"SearchAction","target":{"@type":"EntryPoint","urlTemplate":"https:\/\/moreiramenezes.com.br\/?s={search_term_string}"},"query-input":{"@type":"PropertyValueSpecification","valueRequired":true,"valueName":"search_term_string"}}],"inLanguage":"en-US"},{"@type":"Person","@id":"https:\/\/moreiramenezes.com.br\/#\/schema\/person\/d525376b6c67f0d68e4dfc4475c65d78","name":"mmm","image":{"@type":"ImageObject","inLanguage":"en-US","@id":"https:\/\/moreiramenezes.com.br\/#\/schema\/person\/image\/","url":"https:\/\/secure.gravatar.com\/avatar\/b16ca84b829f7fb3fcc92f2393d367798a989833972255f9a2b76b056e135746?s=96&d=mm&r=g","contentUrl":"https:\/\/secure.gravatar.com\/avatar\/b16ca84b829f7fb3fcc92f2393d367798a989833972255f9a2b76b056e135746?s=96&d=mm&r=g","caption":"mmm"},"sameAs":["https:\/\/moreiramenezes.com"],"url":"https:\/\/moreiramenezes.com.br\/en\/author\/mmm\/"}]}},"_links":{"self":[{"href":"https:\/\/moreiramenezes.com.br\/en\/wp-json\/wp\/v2\/posts\/2877","targetHints":{"allow":["GET"]}}],"collection":[{"href":"https:\/\/moreiramenezes.com.br\/en\/wp-json\/wp\/v2\/posts"}],"about":[{"href":"https:\/\/moreiramenezes.com.br\/en\/wp-json\/wp\/v2\/types\/post"}],"author":[{"embeddable":true,"href":"https:\/\/moreiramenezes.com.br\/en\/wp-json\/wp\/v2\/users\/1"}],"replies":[{"embeddable":true,"href":"https:\/\/moreiramenezes.com.br\/en\/wp-json\/wp\/v2\/comments?post=2877"}],"version-history":[{"count":1,"href":"https:\/\/moreiramenezes.com.br\/en\/wp-json\/wp\/v2\/posts\/2877\/revisions"}],"predecessor-version":[{"id":2879,"href":"https:\/\/moreiramenezes.com.br\/en\/wp-json\/wp\/v2\/posts\/2877\/revisions\/2879"}],"wp:featuredmedia":[{"embeddable":true,"href":"https:\/\/moreiramenezes.com.br\/en\/wp-json\/wp\/v2\/media\/2878"}],"wp:attachment":[{"href":"https:\/\/moreiramenezes.com.br\/en\/wp-json\/wp\/v2\/media?parent=2877"}],"wp:term":[{"taxonomy":"category","embeddable":true,"href":"https:\/\/moreiramenezes.com.br\/en\/wp-json\/wp\/v2\/categories?post=2877"},{"taxonomy":"post_tag","embeddable":true,"href":"https:\/\/moreiramenezes.com.br\/en\/wp-json\/wp\/v2\/tags?post=2877"}],"curies":[{"name":"wp","href":"https:\/\/api.w.org\/{rel}","templated":true}]}}