{"id":1601,"date":"2020-08-26T19:45:52","date_gmt":"2020-08-26T22:45:52","guid":{"rendered":"http:\/\/www.moreiramenezes.com.br\/?post_type=publicacoes&#038;p=1598"},"modified":"2020-09-02T11:39:50","modified_gmt":"2020-09-02T11:39:50","slug":"cvm-orienta-companhias-abertas-sobre-lives-com-executivos","status":"publish","type":"post","link":"https:\/\/moreiramenezes.com.br\/en\/cvm-orienta-companhias-abertas-sobre-lives-com-executivos\/","title":{"rendered":"CVM orienta companhias abertas sobre \u201clives\u201d com executivos"},"content":{"rendered":"<p class=\"p1\">A divulga\u00e7\u00e3o do Of\u00edcio teve como contexto a exist\u00eancia de incertezas sobre o efeito da pandemia do COVID-19 no desempenho das companhias, bem como as modifica\u00e7\u00f5es nas rotinas de trabalho ocorridas nos \u00faltimos meses, que acabaram por fomentar a realiza\u00e7\u00e3o de \u201clives\u201d com a presen\u00e7a de executivos de companhias abertas, usualmente organizadas por uma terceira pessoa, que n\u00e3o a pr\u00f3pria companhia.<\/p>\n<p class=\"p1\">A partir disso, o Of\u00edcio disp\u00f5e que se aplicam a tais eventos as mesmas regras previstas nas normas que tratam da divulga\u00e7\u00e3o de informa\u00e7\u00f5es e estabelecem regras gerais sobre conte\u00fado e forma que os emissores devem observar (Instru\u00e7\u00f5es CVM n\u00ba 358\/2002 e n\u00ba 480\/2009).<\/p>\n<p class=\"p1\">Em rela\u00e7\u00e3o \u00e0 publicidade desses eventos, o Of\u00edcio recomenda que seja divulgado, com anteced\u00eancia, Comunicado ao Mercado informando sobre a data, hor\u00e1rio e endere\u00e7o eletr\u00f4nico em que ser\u00e1 transmitida a \u201clive\u201d. Essa orienta\u00e7\u00e3o foi baseada no fato de que tais eventos n\u00e3o constam do calend\u00e1rio corporativo da companhia e normalmente s\u00e3o organizadas por pessoas ou entidades alheias a sua administra\u00e7\u00e3o.<\/p>\n<p class=\"p1\">No mesmo sentido, o material apresentado na \u201clive\u201d ter\u00e1 de ser enviado pelo Sistema Empresas.Net antes ou simultaneamente ao in\u00edcio da apresenta\u00e7\u00e3o, contendo todas as informa\u00e7\u00f5es relevantes que ser\u00e3o abordadas no evento. Ainda que n\u00e3o haja apresenta\u00e7\u00e3o visual, o Comunicado ao Mercado que informar sobre a realiza\u00e7\u00e3o da \u201clive\u201d dever\u00e1 igualmente conter a rela\u00e7\u00e3o dos temas que ser\u00e3o discutidos no evento e, eventualmente, das perguntas que ser\u00e3o feitas.<\/p>\n<p class=\"p1\">Nos casos em que n\u00e3o for poss\u00edvel divulgar com anteced\u00eancia o conte\u00fado da apresenta\u00e7\u00e3o, a recomenda\u00e7\u00e3o \u00e9 de que a \u201clive\u201d seja realizada fora do hor\u00e1rio de preg\u00e3o, preferencialmente ap\u00f3s o fechamento do mercado, para que se tenha tempo de preparar o material contendo as principais informa\u00e7\u00f5es transmitidas que dever\u00e1 ser divulgado ap\u00f3s o fim do evento no Sistema Empresas.Net.<\/p>\n<p class=\"p1\">Ressalta-se, ainda, que o Of\u00edcio detalha orienta\u00e7\u00f5es j\u00e1 contidas no Of\u00edcio Circular\/CVM\/SEP\/n\u00ba 2\/2020 e n\u00e3o apresenta inova\u00e7\u00f5es quanto \u00e0s obriga\u00e7\u00f5es previstas na Lei 6.404\/1976 e nas Instru\u00e7\u00f5es CVM n\u00ba 358\/2002 e n\u00ba 480\/2009.<\/p>\n<p class=\"p1\">Maiores informa\u00e7\u00f5es, bem como o texto integral do Of\u00edcio, podem ser encontrados no <i>site<\/i> da CVM (<a href=\"http:\/\/www.cvm.gov.br\">www.cvm.gov.br<\/a>).<\/p>","protected":false},"excerpt":{"rendered":"<p>Em 26.08.2020 a Comiss\u00e3o de Valores Imobili\u00e1rios &#8211; CVM divulgou o Of\u00edcio-Circular n\u00ba 7\/2020-CVM\/SEP que tem por objetivo orientar sobre as boas pr\u00e1ticas que devem ser adotadas por executivos de companhias abertas no \u00e2mbito de transmiss\u00f5es ao vivo de apresenta\u00e7\u00f5es, mais conhecidas como \u201clives\u2019\u2019 (\u201cOf\u00edcio\u201d).<\/p>","protected":false},"author":1,"featured_media":1660,"comment_status":"closed","ping_status":"closed","sticky":false,"template":"","format":"standard","meta":{"footnotes":""},"categories":[5],"tags":[],"class_list":["post-1601","post","type-post","status-publish","format-standard","has-post-thumbnail","hentry","category-noticias"],"yoast_head":"<!-- This site is optimized with the Yoast SEO plugin v26.9 - https:\/\/yoast.com\/product\/yoast-seo-wordpress\/ -->\n<title>CVM orienta companhias abertas sobre \u201clives\u201d com executivos - Moreira Menezes Martins<\/title>\n<meta name=\"robots\" content=\"index, follow, max-snippet:-1, max-image-preview:large, max-video-preview:-1\" \/>\n<link rel=\"canonical\" href=\"https:\/\/moreiramenezes.com.br\/en\/cvm-orienta-companhias-abertas-sobre-lives-com-executivos\/\" \/>\n<meta property=\"og:locale\" content=\"en_US\" \/>\n<meta property=\"og:type\" content=\"article\" \/>\n<meta property=\"og:title\" content=\"CVM orienta companhias abertas sobre \u201clives\u201d com executivos - Moreira Menezes Martins\" \/>\n<meta property=\"og:description\" content=\"Em 26.08.2020 a Comiss\u00e3o de Valores Imobili\u00e1rios - CVM divulgou o Of\u00edcio-Circular n\u00ba 7\/2020-CVM\/SEP que tem por objetivo orientar sobre as boas pr\u00e1ticas que devem ser adotadas por executivos de companhias abertas no \u00e2mbito de transmiss\u00f5es ao vivo de apresenta\u00e7\u00f5es, mais conhecidas como \u201clives\u2019\u2019 (\u201cOf\u00edcio\u201d).\" \/>\n<meta property=\"og:url\" content=\"https:\/\/moreiramenezes.com.br\/en\/cvm-orienta-companhias-abertas-sobre-lives-com-executivos\/\" \/>\n<meta property=\"og:site_name\" content=\"Moreira Menezes Martins\" \/>\n<meta property=\"article:published_time\" content=\"2020-08-26T22:45:52+00:00\" \/>\n<meta property=\"article:modified_time\" content=\"2020-09-02T11:39:50+00:00\" \/>\n<meta property=\"og:image\" content=\"https:\/\/moreiramenezes.com.br\/wp-content\/uploads\/2020\/08\/1730-min.jpg\" \/>\n\t<meta property=\"og:image:width\" content=\"1400\" \/>\n\t<meta property=\"og:image:height\" content=\"931\" \/>\n\t<meta property=\"og:image:type\" content=\"image\/jpeg\" \/>\n<meta name=\"author\" content=\"mmm\" \/>\n<meta name=\"twitter:card\" content=\"summary_large_image\" \/>\n<meta name=\"twitter:label1\" content=\"Written by\" \/>\n\t<meta name=\"twitter:data1\" content=\"mmm\" \/>\n\t<meta name=\"twitter:label2\" content=\"Est. reading time\" \/>\n\t<meta name=\"twitter:data2\" content=\"2 minutes\" \/>\n<script type=\"application\/ld+json\" class=\"yoast-schema-graph\">{\"@context\":\"https:\/\/schema.org\",\"@graph\":[{\"@type\":\"Article\",\"@id\":\"https:\/\/moreiramenezes.com.br\/cvm-orienta-companhias-abertas-sobre-lives-com-executivos\/#article\",\"isPartOf\":{\"@id\":\"https:\/\/moreiramenezes.com.br\/cvm-orienta-companhias-abertas-sobre-lives-com-executivos\/\"},\"author\":{\"name\":\"mmm\",\"@id\":\"https:\/\/moreiramenezes.com.br\/#\/schema\/person\/d525376b6c67f0d68e4dfc4475c65d78\"},\"headline\":\"CVM orienta companhias abertas sobre \u201clives\u201d com executivos\",\"datePublished\":\"2020-08-26T22:45:52+00:00\",\"dateModified\":\"2020-09-02T11:39:50+00:00\",\"mainEntityOfPage\":{\"@id\":\"https:\/\/moreiramenezes.com.br\/cvm-orienta-companhias-abertas-sobre-lives-com-executivos\/\"},\"wordCount\":406,\"image\":{\"@id\":\"https:\/\/moreiramenezes.com.br\/cvm-orienta-companhias-abertas-sobre-lives-com-executivos\/#primaryimage\"},\"thumbnailUrl\":\"https:\/\/moreiramenezes.com.br\/wp-content\/uploads\/2020\/08\/1730-min.jpg\",\"articleSection\":[\"Not\u00edcias\"],\"inLanguage\":\"en-US\"},{\"@type\":\"WebPage\",\"@id\":\"https:\/\/moreiramenezes.com.br\/cvm-orienta-companhias-abertas-sobre-lives-com-executivos\/\",\"url\":\"https:\/\/moreiramenezes.com.br\/cvm-orienta-companhias-abertas-sobre-lives-com-executivos\/\",\"name\":\"CVM orienta companhias abertas sobre \u201clives\u201d com executivos - Moreira Menezes Martins\",\"isPartOf\":{\"@id\":\"https:\/\/moreiramenezes.com.br\/#website\"},\"primaryImageOfPage\":{\"@id\":\"https:\/\/moreiramenezes.com.br\/cvm-orienta-companhias-abertas-sobre-lives-com-executivos\/#primaryimage\"},\"image\":{\"@id\":\"https:\/\/moreiramenezes.com.br\/cvm-orienta-companhias-abertas-sobre-lives-com-executivos\/#primaryimage\"},\"thumbnailUrl\":\"https:\/\/moreiramenezes.com.br\/wp-content\/uploads\/2020\/08\/1730-min.jpg\",\"datePublished\":\"2020-08-26T22:45:52+00:00\",\"dateModified\":\"2020-09-02T11:39:50+00:00\",\"author\":{\"@id\":\"https:\/\/moreiramenezes.com.br\/#\/schema\/person\/d525376b6c67f0d68e4dfc4475c65d78\"},\"breadcrumb\":{\"@id\":\"https:\/\/moreiramenezes.com.br\/cvm-orienta-companhias-abertas-sobre-lives-com-executivos\/#breadcrumb\"},\"inLanguage\":\"en-US\",\"potentialAction\":[{\"@type\":\"ReadAction\",\"target\":[\"https:\/\/moreiramenezes.com.br\/cvm-orienta-companhias-abertas-sobre-lives-com-executivos\/\"]}]},{\"@type\":\"ImageObject\",\"inLanguage\":\"en-US\",\"@id\":\"https:\/\/moreiramenezes.com.br\/cvm-orienta-companhias-abertas-sobre-lives-com-executivos\/#primaryimage\",\"url\":\"https:\/\/moreiramenezes.com.br\/wp-content\/uploads\/2020\/08\/1730-min.jpg\",\"contentUrl\":\"https:\/\/moreiramenezes.com.br\/wp-content\/uploads\/2020\/08\/1730-min.jpg\",\"width\":1400,\"height\":931},{\"@type\":\"BreadcrumbList\",\"@id\":\"https:\/\/moreiramenezes.com.br\/cvm-orienta-companhias-abertas-sobre-lives-com-executivos\/#breadcrumb\",\"itemListElement\":[{\"@type\":\"ListItem\",\"position\":1,\"name\":\"In\u00edcio\",\"item\":\"https:\/\/moreiramenezes.com.br\/\"},{\"@type\":\"ListItem\",\"position\":2,\"name\":\"Not\u00edcias\",\"item\":\"https:\/\/moreiramenezes.com.br\/categorias\/noticias\/\"},{\"@type\":\"ListItem\",\"position\":3,\"name\":\"CVM orienta companhias abertas sobre \u201clives\u201d com executivos\"}]},{\"@type\":\"WebSite\",\"@id\":\"https:\/\/moreiramenezes.com.br\/#website\",\"url\":\"https:\/\/moreiramenezes.com.br\/\",\"name\":\"Moreira Menezes Martins\",\"description\":\"Moreira Menezes Martins - Advogados\",\"potentialAction\":[{\"@type\":\"SearchAction\",\"target\":{\"@type\":\"EntryPoint\",\"urlTemplate\":\"https:\/\/moreiramenezes.com.br\/?s={search_term_string}\"},\"query-input\":{\"@type\":\"PropertyValueSpecification\",\"valueRequired\":true,\"valueName\":\"search_term_string\"}}],\"inLanguage\":\"en-US\"},{\"@type\":\"Person\",\"@id\":\"https:\/\/moreiramenezes.com.br\/#\/schema\/person\/d525376b6c67f0d68e4dfc4475c65d78\",\"name\":\"mmm\",\"image\":{\"@type\":\"ImageObject\",\"inLanguage\":\"en-US\",\"@id\":\"https:\/\/moreiramenezes.com.br\/#\/schema\/person\/image\/\",\"url\":\"https:\/\/secure.gravatar.com\/avatar\/b16ca84b829f7fb3fcc92f2393d367798a989833972255f9a2b76b056e135746?s=96&d=mm&r=g\",\"contentUrl\":\"https:\/\/secure.gravatar.com\/avatar\/b16ca84b829f7fb3fcc92f2393d367798a989833972255f9a2b76b056e135746?s=96&d=mm&r=g\",\"caption\":\"mmm\"},\"sameAs\":[\"https:\/\/moreiramenezes.com\"],\"url\":\"https:\/\/moreiramenezes.com.br\/en\/author\/mmm\/\"}]}<\/script>\n<!-- \/ Yoast SEO plugin. -->","yoast_head_json":{"title":"CVM orienta companhias abertas sobre \u201clives\u201d com executivos - Moreira Menezes Martins","robots":{"index":"index","follow":"follow","max-snippet":"max-snippet:-1","max-image-preview":"max-image-preview:large","max-video-preview":"max-video-preview:-1"},"canonical":"https:\/\/moreiramenezes.com.br\/en\/cvm-orienta-companhias-abertas-sobre-lives-com-executivos\/","og_locale":"en_US","og_type":"article","og_title":"CVM orienta companhias abertas sobre \u201clives\u201d com executivos - Moreira Menezes Martins","og_description":"Em 26.08.2020 a Comiss\u00e3o de Valores Imobili\u00e1rios - CVM divulgou o Of\u00edcio-Circular n\u00ba 7\/2020-CVM\/SEP que tem por objetivo orientar sobre as boas pr\u00e1ticas que devem ser adotadas por executivos de companhias abertas no \u00e2mbito de transmiss\u00f5es ao vivo de apresenta\u00e7\u00f5es, mais conhecidas como \u201clives\u2019\u2019 (\u201cOf\u00edcio\u201d).","og_url":"https:\/\/moreiramenezes.com.br\/en\/cvm-orienta-companhias-abertas-sobre-lives-com-executivos\/","og_site_name":"Moreira Menezes Martins","article_published_time":"2020-08-26T22:45:52+00:00","article_modified_time":"2020-09-02T11:39:50+00:00","og_image":[{"width":1400,"height":931,"url":"https:\/\/moreiramenezes.com.br\/wp-content\/uploads\/2020\/08\/1730-min.jpg","type":"image\/jpeg"}],"author":"mmm","twitter_card":"summary_large_image","twitter_misc":{"Written by":"mmm","Est. reading time":"2 minutes"},"schema":{"@context":"https:\/\/schema.org","@graph":[{"@type":"Article","@id":"https:\/\/moreiramenezes.com.br\/cvm-orienta-companhias-abertas-sobre-lives-com-executivos\/#article","isPartOf":{"@id":"https:\/\/moreiramenezes.com.br\/cvm-orienta-companhias-abertas-sobre-lives-com-executivos\/"},"author":{"name":"mmm","@id":"https:\/\/moreiramenezes.com.br\/#\/schema\/person\/d525376b6c67f0d68e4dfc4475c65d78"},"headline":"CVM orienta companhias abertas sobre \u201clives\u201d com executivos","datePublished":"2020-08-26T22:45:52+00:00","dateModified":"2020-09-02T11:39:50+00:00","mainEntityOfPage":{"@id":"https:\/\/moreiramenezes.com.br\/cvm-orienta-companhias-abertas-sobre-lives-com-executivos\/"},"wordCount":406,"image":{"@id":"https:\/\/moreiramenezes.com.br\/cvm-orienta-companhias-abertas-sobre-lives-com-executivos\/#primaryimage"},"thumbnailUrl":"https:\/\/moreiramenezes.com.br\/wp-content\/uploads\/2020\/08\/1730-min.jpg","articleSection":["Not\u00edcias"],"inLanguage":"en-US"},{"@type":"WebPage","@id":"https:\/\/moreiramenezes.com.br\/cvm-orienta-companhias-abertas-sobre-lives-com-executivos\/","url":"https:\/\/moreiramenezes.com.br\/cvm-orienta-companhias-abertas-sobre-lives-com-executivos\/","name":"CVM orienta companhias abertas sobre \u201clives\u201d com executivos - Moreira Menezes Martins","isPartOf":{"@id":"https:\/\/moreiramenezes.com.br\/#website"},"primaryImageOfPage":{"@id":"https:\/\/moreiramenezes.com.br\/cvm-orienta-companhias-abertas-sobre-lives-com-executivos\/#primaryimage"},"image":{"@id":"https:\/\/moreiramenezes.com.br\/cvm-orienta-companhias-abertas-sobre-lives-com-executivos\/#primaryimage"},"thumbnailUrl":"https:\/\/moreiramenezes.com.br\/wp-content\/uploads\/2020\/08\/1730-min.jpg","datePublished":"2020-08-26T22:45:52+00:00","dateModified":"2020-09-02T11:39:50+00:00","author":{"@id":"https:\/\/moreiramenezes.com.br\/#\/schema\/person\/d525376b6c67f0d68e4dfc4475c65d78"},"breadcrumb":{"@id":"https:\/\/moreiramenezes.com.br\/cvm-orienta-companhias-abertas-sobre-lives-com-executivos\/#breadcrumb"},"inLanguage":"en-US","potentialAction":[{"@type":"ReadAction","target":["https:\/\/moreiramenezes.com.br\/cvm-orienta-companhias-abertas-sobre-lives-com-executivos\/"]}]},{"@type":"ImageObject","inLanguage":"en-US","@id":"https:\/\/moreiramenezes.com.br\/cvm-orienta-companhias-abertas-sobre-lives-com-executivos\/#primaryimage","url":"https:\/\/moreiramenezes.com.br\/wp-content\/uploads\/2020\/08\/1730-min.jpg","contentUrl":"https:\/\/moreiramenezes.com.br\/wp-content\/uploads\/2020\/08\/1730-min.jpg","width":1400,"height":931},{"@type":"BreadcrumbList","@id":"https:\/\/moreiramenezes.com.br\/cvm-orienta-companhias-abertas-sobre-lives-com-executivos\/#breadcrumb","itemListElement":[{"@type":"ListItem","position":1,"name":"In\u00edcio","item":"https:\/\/moreiramenezes.com.br\/"},{"@type":"ListItem","position":2,"name":"Not\u00edcias","item":"https:\/\/moreiramenezes.com.br\/categorias\/noticias\/"},{"@type":"ListItem","position":3,"name":"CVM orienta companhias abertas sobre \u201clives\u201d com executivos"}]},{"@type":"WebSite","@id":"https:\/\/moreiramenezes.com.br\/#website","url":"https:\/\/moreiramenezes.com.br\/","name":"Moreira Menezes Martins","description":"Moreira Menezes Martins - Advogados","potentialAction":[{"@type":"SearchAction","target":{"@type":"EntryPoint","urlTemplate":"https:\/\/moreiramenezes.com.br\/?s={search_term_string}"},"query-input":{"@type":"PropertyValueSpecification","valueRequired":true,"valueName":"search_term_string"}}],"inLanguage":"en-US"},{"@type":"Person","@id":"https:\/\/moreiramenezes.com.br\/#\/schema\/person\/d525376b6c67f0d68e4dfc4475c65d78","name":"mmm","image":{"@type":"ImageObject","inLanguage":"en-US","@id":"https:\/\/moreiramenezes.com.br\/#\/schema\/person\/image\/","url":"https:\/\/secure.gravatar.com\/avatar\/b16ca84b829f7fb3fcc92f2393d367798a989833972255f9a2b76b056e135746?s=96&d=mm&r=g","contentUrl":"https:\/\/secure.gravatar.com\/avatar\/b16ca84b829f7fb3fcc92f2393d367798a989833972255f9a2b76b056e135746?s=96&d=mm&r=g","caption":"mmm"},"sameAs":["https:\/\/moreiramenezes.com"],"url":"https:\/\/moreiramenezes.com.br\/en\/author\/mmm\/"}]}},"_links":{"self":[{"href":"https:\/\/moreiramenezes.com.br\/en\/wp-json\/wp\/v2\/posts\/1601","targetHints":{"allow":["GET"]}}],"collection":[{"href":"https:\/\/moreiramenezes.com.br\/en\/wp-json\/wp\/v2\/posts"}],"about":[{"href":"https:\/\/moreiramenezes.com.br\/en\/wp-json\/wp\/v2\/types\/post"}],"author":[{"embeddable":true,"href":"https:\/\/moreiramenezes.com.br\/en\/wp-json\/wp\/v2\/users\/1"}],"replies":[{"embeddable":true,"href":"https:\/\/moreiramenezes.com.br\/en\/wp-json\/wp\/v2\/comments?post=1601"}],"version-history":[{"count":0,"href":"https:\/\/moreiramenezes.com.br\/en\/wp-json\/wp\/v2\/posts\/1601\/revisions"}],"wp:featuredmedia":[{"embeddable":true,"href":"https:\/\/moreiramenezes.com.br\/en\/wp-json\/wp\/v2\/media\/1660"}],"wp:attachment":[{"href":"https:\/\/moreiramenezes.com.br\/en\/wp-json\/wp\/v2\/media?parent=1601"}],"wp:term":[{"taxonomy":"category","embeddable":true,"href":"https:\/\/moreiramenezes.com.br\/en\/wp-json\/wp\/v2\/categories?post=1601"},{"taxonomy":"post_tag","embeddable":true,"href":"https:\/\/moreiramenezes.com.br\/en\/wp-json\/wp\/v2\/tags?post=1601"}],"curies":[{"name":"wp","href":"https:\/\/api.w.org\/{rel}","templated":true}]}}