{"id":1599,"date":"2020-08-21T13:38:26","date_gmt":"2020-08-21T16:38:26","guid":{"rendered":"http:\/\/www.moreiramenezes.com.br\/?post_type=publicacoes&#038;p=1589"},"modified":"2020-09-02T11:35:00","modified_gmt":"2020-09-02T11:35:00","slug":"decreto-institui-comite-de-regulacao-e-fiscalizacao-dos-mercados-financeiro-de-capitais-de-seguros-de-previdencia-e-capitalizacao","status":"publish","type":"post","link":"https:\/\/moreiramenezes.com.br\/en\/decreto-institui-comite-de-regulacao-e-fiscalizacao-dos-mercados-financeiro-de-capitais-de-seguros-de-previdencia-e-capitalizacao\/","title":{"rendered":"Decreto institui Comit\u00ea de Regula\u00e7\u00e3o e Fiscaliza\u00e7\u00e3o dos Mercados Financeiro, de Capitais, de Seguros, de Previd\u00eancia e Capitaliza\u00e7\u00e3o"},"content":{"rendered":"<p class=\"p1\">De acordo com o Decreto, compete ao COMEREC:<\/p>\n<ol>\n<li>promover a articula\u00e7\u00e3o da atua\u00e7\u00e3o das entidades da administra\u00e7\u00e3o p\u00fablica federal que regulam e fiscalizam os mercados financeiro, de capitais, de seguros, de previd\u00eancia e capitaliza\u00e7\u00e3o, com o objetivo de promover a estabilidade do sistema financeiro nacional;<\/li>\n<li>discutir medidas que visem o melhor funcionamento dos referidos mercados;<\/li>\n<li>debater iniciativas de regula\u00e7\u00e3o e procedimentos de fiscaliza\u00e7\u00e3o relativos \u00e0s atividades de mais de uma das entidades reguladoras dos mercados;<\/li>\n<li>coordenar o interc\u00e2mbio de informa\u00e7\u00f5es das entidades reguladoras dos mercados financeiro, de capitais, de seguros, de previd\u00eancia e capitaliza\u00e7\u00e3o entre si e com institui\u00e7\u00f5es estrangeiras ou com organismos internacionais; e<\/li>\n<li>debater e propor a\u00e7\u00f5es coordenadas de regula\u00e7\u00e3o e fiscaliza\u00e7\u00e3o, inclusive as aplic\u00e1veis aos conglomerados prudenciais.<\/li>\n<\/ol>\n<p class=\"p1\">O COMEREC ser\u00e1 composto por (i) dois Diretores do Banco Central do Brasil \u2013 BCB; (ii) pelo Presidente e por um Diretor da Comiss\u00e3o de Valores Mobili\u00e1rios \u2013 CVM; (iii) pelo Diretor-Superintendente e por um outro Diretor da Superintend\u00eancia Nacional de Previd\u00eancia Complementar \u2013 PREVIC; e (iv) pelo Superintendente e um Diretor da Superintend\u00eancia de Seguros Privados \u2013 SUSEP.<\/p>\n<p class=\"p1\">O COMEREC se reunir\u00e1, em car\u00e1ter ordin\u00e1rio, semestralmente e, em car\u00e1ter extraordin\u00e1rio, a qualquer tempo, mediante convoca\u00e7\u00e3o de seu Presidente ou da maioria de seus membros, sendo as mat\u00e9rias nele discutidas aprovadas pelo qu\u00f3rum de maioria simples.<\/p>\n<p class=\"p1\">Maiores informa\u00e7\u00f5es, bem como o texto integral do Decreto n\u00ba 10.465\/2020, podem ser encontrados no <i>site<\/i> da Presid\u00eancia da Rep\u00fablica (<a href=\"http:\/\/www.planalto.gov.br\"><span class=\"s1\">http:\/\/www.planalto.gov.br<\/span><\/a>).<\/p>","protected":false},"excerpt":{"rendered":"<p>Em 19.08.2020 foi publicado o Decreto n\u00ba 10.465\/2020, que institui o Comit\u00ea de Regula\u00e7\u00e3o e Fiscaliza\u00e7\u00e3o dos Mercados Financeiro, de Capitais, de Seguros, de Previd\u00eancia e Capitaliza\u00e7\u00e3o \u2013 COMEREC, no \u00e2mbito do Minist\u00e9rio da Economia.<\/p>","protected":false},"author":1,"featured_media":368,"comment_status":"closed","ping_status":"closed","sticky":false,"template":"","format":"standard","meta":{"footnotes":""},"categories":[5],"tags":[],"class_list":["post-1599","post","type-post","status-publish","format-standard","has-post-thumbnail","hentry","category-noticias"],"yoast_head":"<!-- This site is optimized with the Yoast SEO plugin v26.9 - https:\/\/yoast.com\/product\/yoast-seo-wordpress\/ -->\n<title>Decreto institui Comit\u00ea de Regula\u00e7\u00e3o e Fiscaliza\u00e7\u00e3o dos Mercados Financeiro, de Capitais, de Seguros, de Previd\u00eancia e Capitaliza\u00e7\u00e3o - Moreira Menezes Martins<\/title>\n<meta name=\"robots\" content=\"index, follow, max-snippet:-1, max-image-preview:large, max-video-preview:-1\" \/>\n<link rel=\"canonical\" href=\"https:\/\/moreiramenezes.com.br\/en\/decreto-institui-comite-de-regulacao-e-fiscalizacao-dos-mercados-financeiro-de-capitais-de-seguros-de-previdencia-e-capitalizacao\/\" \/>\n<meta property=\"og:locale\" content=\"en_US\" \/>\n<meta property=\"og:type\" content=\"article\" \/>\n<meta property=\"og:title\" content=\"Decreto institui Comit\u00ea de Regula\u00e7\u00e3o e Fiscaliza\u00e7\u00e3o dos Mercados Financeiro, de Capitais, de Seguros, de Previd\u00eancia e Capitaliza\u00e7\u00e3o - Moreira Menezes Martins\" \/>\n<meta property=\"og:description\" content=\"Em 19.08.2020 foi publicado o Decreto n\u00ba 10.465\/2020, que institui o Comit\u00ea de Regula\u00e7\u00e3o e Fiscaliza\u00e7\u00e3o dos Mercados Financeiro, de Capitais, de Seguros, de Previd\u00eancia e Capitaliza\u00e7\u00e3o \u2013 COMEREC, no \u00e2mbito do Minist\u00e9rio da Economia.\" \/>\n<meta property=\"og:url\" content=\"https:\/\/moreiramenezes.com.br\/en\/decreto-institui-comite-de-regulacao-e-fiscalizacao-dos-mercados-financeiro-de-capitais-de-seguros-de-previdencia-e-capitalizacao\/\" \/>\n<meta property=\"og:site_name\" content=\"Moreira Menezes Martins\" \/>\n<meta property=\"article:published_time\" content=\"2020-08-21T16:38:26+00:00\" \/>\n<meta property=\"article:modified_time\" content=\"2020-09-02T11:35:00+00:00\" \/>\n<meta property=\"og:image\" content=\"https:\/\/moreiramenezes.com.br\/wp-content\/uploads\/2020\/09\/imagem-003-min.jpg\" \/>\n\t<meta property=\"og:image:width\" content=\"600\" \/>\n\t<meta property=\"og:image:height\" content=\"400\" \/>\n\t<meta property=\"og:image:type\" content=\"image\/jpeg\" \/>\n<meta name=\"author\" content=\"mmm\" \/>\n<meta name=\"twitter:card\" content=\"summary_large_image\" \/>\n<meta name=\"twitter:label1\" content=\"Written by\" \/>\n\t<meta name=\"twitter:data1\" content=\"mmm\" \/>\n\t<meta name=\"twitter:label2\" content=\"Est. reading time\" \/>\n\t<meta name=\"twitter:data2\" content=\"1 minute\" \/>\n<script type=\"application\/ld+json\" class=\"yoast-schema-graph\">{\"@context\":\"https:\/\/schema.org\",\"@graph\":[{\"@type\":\"Article\",\"@id\":\"https:\/\/moreiramenezes.com.br\/decreto-institui-comite-de-regulacao-e-fiscalizacao-dos-mercados-financeiro-de-capitais-de-seguros-de-previdencia-e-capitalizacao\/#article\",\"isPartOf\":{\"@id\":\"https:\/\/moreiramenezes.com.br\/decreto-institui-comite-de-regulacao-e-fiscalizacao-dos-mercados-financeiro-de-capitais-de-seguros-de-previdencia-e-capitalizacao\/\"},\"author\":{\"name\":\"mmm\",\"@id\":\"https:\/\/moreiramenezes.com.br\/#\/schema\/person\/d525376b6c67f0d68e4dfc4475c65d78\"},\"headline\":\"Decreto institui Comit\u00ea de Regula\u00e7\u00e3o e Fiscaliza\u00e7\u00e3o dos Mercados Financeiro, de Capitais, de Seguros, de Previd\u00eancia e Capitaliza\u00e7\u00e3o\",\"datePublished\":\"2020-08-21T16:38:26+00:00\",\"dateModified\":\"2020-09-02T11:35:00+00:00\",\"mainEntityOfPage\":{\"@id\":\"https:\/\/moreiramenezes.com.br\/decreto-institui-comite-de-regulacao-e-fiscalizacao-dos-mercados-financeiro-de-capitais-de-seguros-de-previdencia-e-capitalizacao\/\"},\"wordCount\":290,\"image\":{\"@id\":\"https:\/\/moreiramenezes.com.br\/decreto-institui-comite-de-regulacao-e-fiscalizacao-dos-mercados-financeiro-de-capitais-de-seguros-de-previdencia-e-capitalizacao\/#primaryimage\"},\"thumbnailUrl\":\"https:\/\/moreiramenezes.com.br\/wp-content\/uploads\/2020\/09\/imagem-003-min.jpg\",\"articleSection\":[\"Not\u00edcias\"],\"inLanguage\":\"en-US\"},{\"@type\":\"WebPage\",\"@id\":\"https:\/\/moreiramenezes.com.br\/decreto-institui-comite-de-regulacao-e-fiscalizacao-dos-mercados-financeiro-de-capitais-de-seguros-de-previdencia-e-capitalizacao\/\",\"url\":\"https:\/\/moreiramenezes.com.br\/decreto-institui-comite-de-regulacao-e-fiscalizacao-dos-mercados-financeiro-de-capitais-de-seguros-de-previdencia-e-capitalizacao\/\",\"name\":\"Decreto institui Comit\u00ea de Regula\u00e7\u00e3o e Fiscaliza\u00e7\u00e3o dos Mercados Financeiro, de Capitais, de Seguros, de Previd\u00eancia e Capitaliza\u00e7\u00e3o - Moreira Menezes Martins\",\"isPartOf\":{\"@id\":\"https:\/\/moreiramenezes.com.br\/#website\"},\"primaryImageOfPage\":{\"@id\":\"https:\/\/moreiramenezes.com.br\/decreto-institui-comite-de-regulacao-e-fiscalizacao-dos-mercados-financeiro-de-capitais-de-seguros-de-previdencia-e-capitalizacao\/#primaryimage\"},\"image\":{\"@id\":\"https:\/\/moreiramenezes.com.br\/decreto-institui-comite-de-regulacao-e-fiscalizacao-dos-mercados-financeiro-de-capitais-de-seguros-de-previdencia-e-capitalizacao\/#primaryimage\"},\"thumbnailUrl\":\"https:\/\/moreiramenezes.com.br\/wp-content\/uploads\/2020\/09\/imagem-003-min.jpg\",\"datePublished\":\"2020-08-21T16:38:26+00:00\",\"dateModified\":\"2020-09-02T11:35:00+00:00\",\"author\":{\"@id\":\"https:\/\/moreiramenezes.com.br\/#\/schema\/person\/d525376b6c67f0d68e4dfc4475c65d78\"},\"breadcrumb\":{\"@id\":\"https:\/\/moreiramenezes.com.br\/decreto-institui-comite-de-regulacao-e-fiscalizacao-dos-mercados-financeiro-de-capitais-de-seguros-de-previdencia-e-capitalizacao\/#breadcrumb\"},\"inLanguage\":\"en-US\",\"potentialAction\":[{\"@type\":\"ReadAction\",\"target\":[\"https:\/\/moreiramenezes.com.br\/decreto-institui-comite-de-regulacao-e-fiscalizacao-dos-mercados-financeiro-de-capitais-de-seguros-de-previdencia-e-capitalizacao\/\"]}]},{\"@type\":\"ImageObject\",\"inLanguage\":\"en-US\",\"@id\":\"https:\/\/moreiramenezes.com.br\/decreto-institui-comite-de-regulacao-e-fiscalizacao-dos-mercados-financeiro-de-capitais-de-seguros-de-previdencia-e-capitalizacao\/#primaryimage\",\"url\":\"https:\/\/moreiramenezes.com.br\/wp-content\/uploads\/2020\/09\/imagem-003-min.jpg\",\"contentUrl\":\"https:\/\/moreiramenezes.com.br\/wp-content\/uploads\/2020\/09\/imagem-003-min.jpg\",\"width\":600,\"height\":400},{\"@type\":\"BreadcrumbList\",\"@id\":\"https:\/\/moreiramenezes.com.br\/decreto-institui-comite-de-regulacao-e-fiscalizacao-dos-mercados-financeiro-de-capitais-de-seguros-de-previdencia-e-capitalizacao\/#breadcrumb\",\"itemListElement\":[{\"@type\":\"ListItem\",\"position\":1,\"name\":\"In\u00edcio\",\"item\":\"https:\/\/moreiramenezes.com.br\/\"},{\"@type\":\"ListItem\",\"position\":2,\"name\":\"Not\u00edcias\",\"item\":\"https:\/\/moreiramenezes.com.br\/categorias\/noticias\/\"},{\"@type\":\"ListItem\",\"position\":3,\"name\":\"Decreto institui Comit\u00ea de Regula\u00e7\u00e3o e Fiscaliza\u00e7\u00e3o dos Mercados Financeiro, de Capitais, de Seguros, de Previd\u00eancia e Capitaliza\u00e7\u00e3o\"}]},{\"@type\":\"WebSite\",\"@id\":\"https:\/\/moreiramenezes.com.br\/#website\",\"url\":\"https:\/\/moreiramenezes.com.br\/\",\"name\":\"Moreira Menezes Martins\",\"description\":\"Moreira Menezes Martins - Advogados\",\"potentialAction\":[{\"@type\":\"SearchAction\",\"target\":{\"@type\":\"EntryPoint\",\"urlTemplate\":\"https:\/\/moreiramenezes.com.br\/?s={search_term_string}\"},\"query-input\":{\"@type\":\"PropertyValueSpecification\",\"valueRequired\":true,\"valueName\":\"search_term_string\"}}],\"inLanguage\":\"en-US\"},{\"@type\":\"Person\",\"@id\":\"https:\/\/moreiramenezes.com.br\/#\/schema\/person\/d525376b6c67f0d68e4dfc4475c65d78\",\"name\":\"mmm\",\"image\":{\"@type\":\"ImageObject\",\"inLanguage\":\"en-US\",\"@id\":\"https:\/\/moreiramenezes.com.br\/#\/schema\/person\/image\/\",\"url\":\"https:\/\/secure.gravatar.com\/avatar\/b16ca84b829f7fb3fcc92f2393d367798a989833972255f9a2b76b056e135746?s=96&d=mm&r=g\",\"contentUrl\":\"https:\/\/secure.gravatar.com\/avatar\/b16ca84b829f7fb3fcc92f2393d367798a989833972255f9a2b76b056e135746?s=96&d=mm&r=g\",\"caption\":\"mmm\"},\"sameAs\":[\"https:\/\/moreiramenezes.com\"],\"url\":\"https:\/\/moreiramenezes.com.br\/en\/author\/mmm\/\"}]}<\/script>\n<!-- \/ Yoast SEO plugin. -->","yoast_head_json":{"title":"Decreto institui Comit\u00ea de Regula\u00e7\u00e3o e Fiscaliza\u00e7\u00e3o dos Mercados Financeiro, de Capitais, de Seguros, de Previd\u00eancia e Capitaliza\u00e7\u00e3o - Moreira Menezes Martins","robots":{"index":"index","follow":"follow","max-snippet":"max-snippet:-1","max-image-preview":"max-image-preview:large","max-video-preview":"max-video-preview:-1"},"canonical":"https:\/\/moreiramenezes.com.br\/en\/decreto-institui-comite-de-regulacao-e-fiscalizacao-dos-mercados-financeiro-de-capitais-de-seguros-de-previdencia-e-capitalizacao\/","og_locale":"en_US","og_type":"article","og_title":"Decreto institui Comit\u00ea de Regula\u00e7\u00e3o e Fiscaliza\u00e7\u00e3o dos Mercados Financeiro, de Capitais, de Seguros, de Previd\u00eancia e Capitaliza\u00e7\u00e3o - Moreira Menezes Martins","og_description":"Em 19.08.2020 foi publicado o Decreto n\u00ba 10.465\/2020, que institui o Comit\u00ea de Regula\u00e7\u00e3o e Fiscaliza\u00e7\u00e3o dos Mercados Financeiro, de Capitais, de Seguros, de Previd\u00eancia e Capitaliza\u00e7\u00e3o \u2013 COMEREC, no \u00e2mbito do Minist\u00e9rio da Economia.","og_url":"https:\/\/moreiramenezes.com.br\/en\/decreto-institui-comite-de-regulacao-e-fiscalizacao-dos-mercados-financeiro-de-capitais-de-seguros-de-previdencia-e-capitalizacao\/","og_site_name":"Moreira Menezes Martins","article_published_time":"2020-08-21T16:38:26+00:00","article_modified_time":"2020-09-02T11:35:00+00:00","og_image":[{"width":600,"height":400,"url":"https:\/\/moreiramenezes.com.br\/wp-content\/uploads\/2020\/09\/imagem-003-min.jpg","type":"image\/jpeg"}],"author":"mmm","twitter_card":"summary_large_image","twitter_misc":{"Written by":"mmm","Est. reading time":"1 minute"},"schema":{"@context":"https:\/\/schema.org","@graph":[{"@type":"Article","@id":"https:\/\/moreiramenezes.com.br\/decreto-institui-comite-de-regulacao-e-fiscalizacao-dos-mercados-financeiro-de-capitais-de-seguros-de-previdencia-e-capitalizacao\/#article","isPartOf":{"@id":"https:\/\/moreiramenezes.com.br\/decreto-institui-comite-de-regulacao-e-fiscalizacao-dos-mercados-financeiro-de-capitais-de-seguros-de-previdencia-e-capitalizacao\/"},"author":{"name":"mmm","@id":"https:\/\/moreiramenezes.com.br\/#\/schema\/person\/d525376b6c67f0d68e4dfc4475c65d78"},"headline":"Decreto institui Comit\u00ea de Regula\u00e7\u00e3o e Fiscaliza\u00e7\u00e3o dos Mercados Financeiro, de Capitais, de Seguros, de Previd\u00eancia e Capitaliza\u00e7\u00e3o","datePublished":"2020-08-21T16:38:26+00:00","dateModified":"2020-09-02T11:35:00+00:00","mainEntityOfPage":{"@id":"https:\/\/moreiramenezes.com.br\/decreto-institui-comite-de-regulacao-e-fiscalizacao-dos-mercados-financeiro-de-capitais-de-seguros-de-previdencia-e-capitalizacao\/"},"wordCount":290,"image":{"@id":"https:\/\/moreiramenezes.com.br\/decreto-institui-comite-de-regulacao-e-fiscalizacao-dos-mercados-financeiro-de-capitais-de-seguros-de-previdencia-e-capitalizacao\/#primaryimage"},"thumbnailUrl":"https:\/\/moreiramenezes.com.br\/wp-content\/uploads\/2020\/09\/imagem-003-min.jpg","articleSection":["Not\u00edcias"],"inLanguage":"en-US"},{"@type":"WebPage","@id":"https:\/\/moreiramenezes.com.br\/decreto-institui-comite-de-regulacao-e-fiscalizacao-dos-mercados-financeiro-de-capitais-de-seguros-de-previdencia-e-capitalizacao\/","url":"https:\/\/moreiramenezes.com.br\/decreto-institui-comite-de-regulacao-e-fiscalizacao-dos-mercados-financeiro-de-capitais-de-seguros-de-previdencia-e-capitalizacao\/","name":"Decreto institui Comit\u00ea de Regula\u00e7\u00e3o e Fiscaliza\u00e7\u00e3o dos Mercados Financeiro, de Capitais, de Seguros, de Previd\u00eancia e Capitaliza\u00e7\u00e3o - Moreira Menezes Martins","isPartOf":{"@id":"https:\/\/moreiramenezes.com.br\/#website"},"primaryImageOfPage":{"@id":"https:\/\/moreiramenezes.com.br\/decreto-institui-comite-de-regulacao-e-fiscalizacao-dos-mercados-financeiro-de-capitais-de-seguros-de-previdencia-e-capitalizacao\/#primaryimage"},"image":{"@id":"https:\/\/moreiramenezes.com.br\/decreto-institui-comite-de-regulacao-e-fiscalizacao-dos-mercados-financeiro-de-capitais-de-seguros-de-previdencia-e-capitalizacao\/#primaryimage"},"thumbnailUrl":"https:\/\/moreiramenezes.com.br\/wp-content\/uploads\/2020\/09\/imagem-003-min.jpg","datePublished":"2020-08-21T16:38:26+00:00","dateModified":"2020-09-02T11:35:00+00:00","author":{"@id":"https:\/\/moreiramenezes.com.br\/#\/schema\/person\/d525376b6c67f0d68e4dfc4475c65d78"},"breadcrumb":{"@id":"https:\/\/moreiramenezes.com.br\/decreto-institui-comite-de-regulacao-e-fiscalizacao-dos-mercados-financeiro-de-capitais-de-seguros-de-previdencia-e-capitalizacao\/#breadcrumb"},"inLanguage":"en-US","potentialAction":[{"@type":"ReadAction","target":["https:\/\/moreiramenezes.com.br\/decreto-institui-comite-de-regulacao-e-fiscalizacao-dos-mercados-financeiro-de-capitais-de-seguros-de-previdencia-e-capitalizacao\/"]}]},{"@type":"ImageObject","inLanguage":"en-US","@id":"https:\/\/moreiramenezes.com.br\/decreto-institui-comite-de-regulacao-e-fiscalizacao-dos-mercados-financeiro-de-capitais-de-seguros-de-previdencia-e-capitalizacao\/#primaryimage","url":"https:\/\/moreiramenezes.com.br\/wp-content\/uploads\/2020\/09\/imagem-003-min.jpg","contentUrl":"https:\/\/moreiramenezes.com.br\/wp-content\/uploads\/2020\/09\/imagem-003-min.jpg","width":600,"height":400},{"@type":"BreadcrumbList","@id":"https:\/\/moreiramenezes.com.br\/decreto-institui-comite-de-regulacao-e-fiscalizacao-dos-mercados-financeiro-de-capitais-de-seguros-de-previdencia-e-capitalizacao\/#breadcrumb","itemListElement":[{"@type":"ListItem","position":1,"name":"In\u00edcio","item":"https:\/\/moreiramenezes.com.br\/"},{"@type":"ListItem","position":2,"name":"Not\u00edcias","item":"https:\/\/moreiramenezes.com.br\/categorias\/noticias\/"},{"@type":"ListItem","position":3,"name":"Decreto institui Comit\u00ea de Regula\u00e7\u00e3o e Fiscaliza\u00e7\u00e3o dos Mercados Financeiro, de Capitais, de Seguros, de Previd\u00eancia e Capitaliza\u00e7\u00e3o"}]},{"@type":"WebSite","@id":"https:\/\/moreiramenezes.com.br\/#website","url":"https:\/\/moreiramenezes.com.br\/","name":"Moreira Menezes Martins","description":"Moreira Menezes Martins - Advogados","potentialAction":[{"@type":"SearchAction","target":{"@type":"EntryPoint","urlTemplate":"https:\/\/moreiramenezes.com.br\/?s={search_term_string}"},"query-input":{"@type":"PropertyValueSpecification","valueRequired":true,"valueName":"search_term_string"}}],"inLanguage":"en-US"},{"@type":"Person","@id":"https:\/\/moreiramenezes.com.br\/#\/schema\/person\/d525376b6c67f0d68e4dfc4475c65d78","name":"mmm","image":{"@type":"ImageObject","inLanguage":"en-US","@id":"https:\/\/moreiramenezes.com.br\/#\/schema\/person\/image\/","url":"https:\/\/secure.gravatar.com\/avatar\/b16ca84b829f7fb3fcc92f2393d367798a989833972255f9a2b76b056e135746?s=96&d=mm&r=g","contentUrl":"https:\/\/secure.gravatar.com\/avatar\/b16ca84b829f7fb3fcc92f2393d367798a989833972255f9a2b76b056e135746?s=96&d=mm&r=g","caption":"mmm"},"sameAs":["https:\/\/moreiramenezes.com"],"url":"https:\/\/moreiramenezes.com.br\/en\/author\/mmm\/"}]}},"_links":{"self":[{"href":"https:\/\/moreiramenezes.com.br\/en\/wp-json\/wp\/v2\/posts\/1599","targetHints":{"allow":["GET"]}}],"collection":[{"href":"https:\/\/moreiramenezes.com.br\/en\/wp-json\/wp\/v2\/posts"}],"about":[{"href":"https:\/\/moreiramenezes.com.br\/en\/wp-json\/wp\/v2\/types\/post"}],"author":[{"embeddable":true,"href":"https:\/\/moreiramenezes.com.br\/en\/wp-json\/wp\/v2\/users\/1"}],"replies":[{"embeddable":true,"href":"https:\/\/moreiramenezes.com.br\/en\/wp-json\/wp\/v2\/comments?post=1599"}],"version-history":[{"count":0,"href":"https:\/\/moreiramenezes.com.br\/en\/wp-json\/wp\/v2\/posts\/1599\/revisions"}],"wp:featuredmedia":[{"embeddable":true,"href":"https:\/\/moreiramenezes.com.br\/en\/wp-json\/wp\/v2\/media\/368"}],"wp:attachment":[{"href":"https:\/\/moreiramenezes.com.br\/en\/wp-json\/wp\/v2\/media?parent=1599"}],"wp:term":[{"taxonomy":"category","embeddable":true,"href":"https:\/\/moreiramenezes.com.br\/en\/wp-json\/wp\/v2\/categories?post=1599"},{"taxonomy":"post_tag","embeddable":true,"href":"https:\/\/moreiramenezes.com.br\/en\/wp-json\/wp\/v2\/tags?post=1599"}],"curies":[{"name":"wp","href":"https:\/\/api.w.org\/{rel}","templated":true}]}}