{"id":1591,"date":"2020-06-15T12:30:11","date_gmt":"2020-06-15T15:30:11","guid":{"rendered":"http:\/\/www.moreiramenezes.com.br\/?post_type=publicacoes&#038;p=1563"},"modified":"2020-09-02T10:30:02","modified_gmt":"2020-09-02T10:30:02","slug":"postergada-data-para-entrada-em-vigor-de-disposicoes-relativas-as-sancoes-da-lgpd","status":"publish","type":"post","link":"https:\/\/moreiramenezes.com.br\/en\/postergada-data-para-entrada-em-vigor-de-disposicoes-relativas-as-sancoes-da-lgpd\/","title":{"rendered":"Postergada data para entrada em vigor de disposi\u00e7\u00f5es relativas \u00e0s san\u00e7\u00f5es da LGPD"},"content":{"rendered":"<p class=\"p1\"><span class=\"s1\">Em 12.06.2020 foi publicada a Lei n\u00b0 14.010\/2020, que instituiu o Regime Jur\u00eddico Emergencial e Transit\u00f3rio das Rela\u00e7\u00f5es Jur\u00eddicas de Direito Privado \u2013 RJET no per\u00edodo da pandemia de COVID-19.<\/span><\/p>\n<p class=\"p1\"><span class=\"s1\">Dentre outras medidas \u2013 descritas no Comunicado Extraordin\u00e1rio divulgado pelo Escrit\u00f3rio em 12.06.2020 \u2013 a Lei n\u00b0 14.010\/2020 alterou a Lei Geral de Prote\u00e7\u00e3o de Dados \u2013 LGPD (Lei n\u00ba 13.709\/2018) para postergar a entrada em vigor de algumas disposi\u00e7\u00f5es desta \u00faltima.<\/span><\/p>\n<p class=\"p1\"><span class=\"s1\">Assim, a entrada em vigor das disposi\u00e7\u00f5es relacionadas \u00e0 fiscaliza\u00e7\u00e3o e aplica\u00e7\u00e3o de san\u00e7\u00f5es administrativas pelo descumprimento da LGPD (arts. 52, 53 e 54) foi postergada para 01.08.2021. Com a mudan\u00e7a, viola\u00e7\u00f5es \u00e0 LGPD somente passar\u00e3o a ser sancionadas em \u00e2mbito administrativo a partir da mencionada data.<\/span><\/p>\n<p class=\"p1\"><span class=\"s1\">Cabe reiterar que, em 29.04.2020, foi editada a Medida Provis\u00f3ria n\u00ba 959\/2020, que prorrogou a entrada em vigor de praticamente todas as disposi\u00e7\u00f5es da LGPD para 03.05.2021 (com exce\u00e7\u00e3o daquelas relativas \u00e0 cria\u00e7\u00e3o da Autoridade Nacional e ao Conselho Nacional de Prote\u00e7\u00e3o de Dados, as quais entraram em vigor em 28.12.2018).<\/span><\/p>\n<p class=\"p1\"><span class=\"s1\">Como a Medida Provis\u00f3ria n\u00ba 959\/2020 ainda n\u00e3o foi convertida em Lei, existe incerteza sobre a data de entrada em vigor da maior parte das disposi\u00e7\u00f5es da LGPD. Caso a referida Medida Provis\u00f3ria caduque, tal data tornar\u00e1 a ser o dia 16.08.2020 (conforme inicialmente concebido).<\/span><\/p>\n<p class=\"p1\"><span class=\"s1\">A despeito dessas incertezas, \u00e9 importante registrar quer, em raz\u00e3o da edi\u00e7\u00e3o da Lei n\u00b0 14.010\/2020, a data em vigor das disposi\u00e7\u00f5es da LGPD relativas \u00e0 fiscaliza\u00e7\u00e3o e aplica\u00e7\u00e3o de san\u00e7\u00f5es administrativas est\u00e1 definida como sendo o dia 01.08.2021, independentemente da convers\u00e3o em Lei da Medida Provis\u00f3ria n\u00ba 959\/2020.<\/span><\/p>\n<p class=\"p1\"><span class=\"s1\">Maiores informa\u00e7\u00f5es, bem como o texto integral da Lei, podem ser encontrados no <i>site<\/i> da Presid\u00eancia da Rep\u00fablica (<a href=\"http:\/\/www.planalto.gov.br\">http:\/\/www.planalto.gov.br<\/a>).<\/span><\/p>","protected":false},"excerpt":{"rendered":"<p>Em 12.06.2020 foi publicada a Lei n\u00b0 14.010\/2020, que instituiu o Regime Jur\u00eddico Emergencial e Transit\u00f3rio das Rela\u00e7\u00f5es Jur\u00eddicas de Direito Privado \u2013 RJET no per\u00edodo da pandemia de COVID-19. Dentre outras medidas \u2013 descritas no Comunicado Extraordin\u00e1rio divulgado pelo Escrit\u00f3rio em 12.06.2020 \u2013 a Lei n\u00b0 14.010\/2020 alterou a Lei Geral de Prote\u00e7\u00e3o de [&hellip;]<\/p>","protected":false},"author":1,"featured_media":1667,"comment_status":"closed","ping_status":"closed","sticky":false,"template":"","format":"standard","meta":{"footnotes":""},"categories":[5],"tags":[],"class_list":["post-1591","post","type-post","status-publish","format-standard","has-post-thumbnail","hentry","category-noticias"],"yoast_head":"<!-- This site is optimized with the Yoast SEO plugin v26.9 - https:\/\/yoast.com\/product\/yoast-seo-wordpress\/ -->\n<title>Postergada data para entrada em vigor de disposi\u00e7\u00f5es relativas \u00e0s san\u00e7\u00f5es da LGPD - Moreira Menezes Martins<\/title>\n<meta name=\"robots\" content=\"index, follow, max-snippet:-1, max-image-preview:large, max-video-preview:-1\" \/>\n<link rel=\"canonical\" href=\"https:\/\/moreiramenezes.com.br\/en\/postergada-data-para-entrada-em-vigor-de-disposicoes-relativas-as-sancoes-da-lgpd\/\" \/>\n<meta property=\"og:locale\" content=\"en_US\" \/>\n<meta property=\"og:type\" content=\"article\" \/>\n<meta property=\"og:title\" content=\"Postergada data para entrada em vigor de disposi\u00e7\u00f5es relativas \u00e0s san\u00e7\u00f5es da LGPD - Moreira Menezes Martins\" \/>\n<meta property=\"og:description\" content=\"Em 12.06.2020 foi publicada a Lei n\u00b0 14.010\/2020, que instituiu o Regime Jur\u00eddico Emergencial e Transit\u00f3rio das Rela\u00e7\u00f5es Jur\u00eddicas de Direito Privado \u2013 RJET no per\u00edodo da pandemia de COVID-19. Dentre outras medidas \u2013 descritas no Comunicado Extraordin\u00e1rio divulgado pelo Escrit\u00f3rio em 12.06.2020 \u2013 a Lei n\u00b0 14.010\/2020 alterou a Lei Geral de Prote\u00e7\u00e3o de [&hellip;]\" \/>\n<meta property=\"og:url\" content=\"https:\/\/moreiramenezes.com.br\/en\/postergada-data-para-entrada-em-vigor-de-disposicoes-relativas-as-sancoes-da-lgpd\/\" \/>\n<meta property=\"og:site_name\" content=\"Moreira Menezes Martins\" \/>\n<meta property=\"article:published_time\" content=\"2020-06-15T15:30:11+00:00\" \/>\n<meta property=\"article:modified_time\" content=\"2020-09-02T10:30:02+00:00\" \/>\n<meta property=\"og:image\" content=\"https:\/\/moreiramenezes.com.br\/wp-content\/uploads\/2020\/06\/67682-min.jpg\" \/>\n\t<meta property=\"og:image:width\" content=\"1400\" \/>\n\t<meta property=\"og:image:height\" content=\"933\" \/>\n\t<meta property=\"og:image:type\" content=\"image\/jpeg\" \/>\n<meta name=\"author\" content=\"mmm\" \/>\n<meta name=\"twitter:card\" content=\"summary_large_image\" \/>\n<meta name=\"twitter:label1\" content=\"Written by\" \/>\n\t<meta name=\"twitter:data1\" content=\"mmm\" \/>\n\t<meta name=\"twitter:label2\" content=\"Est. reading time\" \/>\n\t<meta name=\"twitter:data2\" content=\"1 minute\" \/>\n<script type=\"application\/ld+json\" class=\"yoast-schema-graph\">{\"@context\":\"https:\/\/schema.org\",\"@graph\":[{\"@type\":\"Article\",\"@id\":\"https:\/\/moreiramenezes.com.br\/postergada-data-para-entrada-em-vigor-de-disposicoes-relativas-as-sancoes-da-lgpd\/#article\",\"isPartOf\":{\"@id\":\"https:\/\/moreiramenezes.com.br\/postergada-data-para-entrada-em-vigor-de-disposicoes-relativas-as-sancoes-da-lgpd\/\"},\"author\":{\"name\":\"mmm\",\"@id\":\"https:\/\/moreiramenezes.com.br\/#\/schema\/person\/d525376b6c67f0d68e4dfc4475c65d78\"},\"headline\":\"Postergada data para entrada em vigor de disposi\u00e7\u00f5es relativas \u00e0s san\u00e7\u00f5es da LGPD\",\"datePublished\":\"2020-06-15T15:30:11+00:00\",\"dateModified\":\"2020-09-02T10:30:02+00:00\",\"mainEntityOfPage\":{\"@id\":\"https:\/\/moreiramenezes.com.br\/postergada-data-para-entrada-em-vigor-de-disposicoes-relativas-as-sancoes-da-lgpd\/\"},\"wordCount\":311,\"image\":{\"@id\":\"https:\/\/moreiramenezes.com.br\/postergada-data-para-entrada-em-vigor-de-disposicoes-relativas-as-sancoes-da-lgpd\/#primaryimage\"},\"thumbnailUrl\":\"https:\/\/moreiramenezes.com.br\/wp-content\/uploads\/2020\/06\/67682-min.jpg\",\"articleSection\":[\"Not\u00edcias\"],\"inLanguage\":\"en-US\"},{\"@type\":\"WebPage\",\"@id\":\"https:\/\/moreiramenezes.com.br\/postergada-data-para-entrada-em-vigor-de-disposicoes-relativas-as-sancoes-da-lgpd\/\",\"url\":\"https:\/\/moreiramenezes.com.br\/postergada-data-para-entrada-em-vigor-de-disposicoes-relativas-as-sancoes-da-lgpd\/\",\"name\":\"Postergada data para entrada em vigor de disposi\u00e7\u00f5es relativas \u00e0s san\u00e7\u00f5es da LGPD - Moreira Menezes Martins\",\"isPartOf\":{\"@id\":\"https:\/\/moreiramenezes.com.br\/#website\"},\"primaryImageOfPage\":{\"@id\":\"https:\/\/moreiramenezes.com.br\/postergada-data-para-entrada-em-vigor-de-disposicoes-relativas-as-sancoes-da-lgpd\/#primaryimage\"},\"image\":{\"@id\":\"https:\/\/moreiramenezes.com.br\/postergada-data-para-entrada-em-vigor-de-disposicoes-relativas-as-sancoes-da-lgpd\/#primaryimage\"},\"thumbnailUrl\":\"https:\/\/moreiramenezes.com.br\/wp-content\/uploads\/2020\/06\/67682-min.jpg\",\"datePublished\":\"2020-06-15T15:30:11+00:00\",\"dateModified\":\"2020-09-02T10:30:02+00:00\",\"author\":{\"@id\":\"https:\/\/moreiramenezes.com.br\/#\/schema\/person\/d525376b6c67f0d68e4dfc4475c65d78\"},\"breadcrumb\":{\"@id\":\"https:\/\/moreiramenezes.com.br\/postergada-data-para-entrada-em-vigor-de-disposicoes-relativas-as-sancoes-da-lgpd\/#breadcrumb\"},\"inLanguage\":\"en-US\",\"potentialAction\":[{\"@type\":\"ReadAction\",\"target\":[\"https:\/\/moreiramenezes.com.br\/postergada-data-para-entrada-em-vigor-de-disposicoes-relativas-as-sancoes-da-lgpd\/\"]}]},{\"@type\":\"ImageObject\",\"inLanguage\":\"en-US\",\"@id\":\"https:\/\/moreiramenezes.com.br\/postergada-data-para-entrada-em-vigor-de-disposicoes-relativas-as-sancoes-da-lgpd\/#primaryimage\",\"url\":\"https:\/\/moreiramenezes.com.br\/wp-content\/uploads\/2020\/06\/67682-min.jpg\",\"contentUrl\":\"https:\/\/moreiramenezes.com.br\/wp-content\/uploads\/2020\/06\/67682-min.jpg\",\"width\":1400,\"height\":933},{\"@type\":\"BreadcrumbList\",\"@id\":\"https:\/\/moreiramenezes.com.br\/postergada-data-para-entrada-em-vigor-de-disposicoes-relativas-as-sancoes-da-lgpd\/#breadcrumb\",\"itemListElement\":[{\"@type\":\"ListItem\",\"position\":1,\"name\":\"In\u00edcio\",\"item\":\"https:\/\/moreiramenezes.com.br\/\"},{\"@type\":\"ListItem\",\"position\":2,\"name\":\"Not\u00edcias\",\"item\":\"https:\/\/moreiramenezes.com.br\/categorias\/noticias\/\"},{\"@type\":\"ListItem\",\"position\":3,\"name\":\"Postergada data para entrada em vigor de disposi\u00e7\u00f5es relativas \u00e0s san\u00e7\u00f5es da LGPD\"}]},{\"@type\":\"WebSite\",\"@id\":\"https:\/\/moreiramenezes.com.br\/#website\",\"url\":\"https:\/\/moreiramenezes.com.br\/\",\"name\":\"Moreira Menezes Martins\",\"description\":\"Moreira Menezes Martins - Advogados\",\"potentialAction\":[{\"@type\":\"SearchAction\",\"target\":{\"@type\":\"EntryPoint\",\"urlTemplate\":\"https:\/\/moreiramenezes.com.br\/?s={search_term_string}\"},\"query-input\":{\"@type\":\"PropertyValueSpecification\",\"valueRequired\":true,\"valueName\":\"search_term_string\"}}],\"inLanguage\":\"en-US\"},{\"@type\":\"Person\",\"@id\":\"https:\/\/moreiramenezes.com.br\/#\/schema\/person\/d525376b6c67f0d68e4dfc4475c65d78\",\"name\":\"mmm\",\"image\":{\"@type\":\"ImageObject\",\"inLanguage\":\"en-US\",\"@id\":\"https:\/\/moreiramenezes.com.br\/#\/schema\/person\/image\/\",\"url\":\"https:\/\/secure.gravatar.com\/avatar\/b16ca84b829f7fb3fcc92f2393d367798a989833972255f9a2b76b056e135746?s=96&d=mm&r=g\",\"contentUrl\":\"https:\/\/secure.gravatar.com\/avatar\/b16ca84b829f7fb3fcc92f2393d367798a989833972255f9a2b76b056e135746?s=96&d=mm&r=g\",\"caption\":\"mmm\"},\"sameAs\":[\"https:\/\/moreiramenezes.com\"],\"url\":\"https:\/\/moreiramenezes.com.br\/en\/author\/mmm\/\"}]}<\/script>\n<!-- \/ Yoast SEO plugin. -->","yoast_head_json":{"title":"Postergada data para entrada em vigor de disposi\u00e7\u00f5es relativas \u00e0s san\u00e7\u00f5es da LGPD - Moreira Menezes Martins","robots":{"index":"index","follow":"follow","max-snippet":"max-snippet:-1","max-image-preview":"max-image-preview:large","max-video-preview":"max-video-preview:-1"},"canonical":"https:\/\/moreiramenezes.com.br\/en\/postergada-data-para-entrada-em-vigor-de-disposicoes-relativas-as-sancoes-da-lgpd\/","og_locale":"en_US","og_type":"article","og_title":"Postergada data para entrada em vigor de disposi\u00e7\u00f5es relativas \u00e0s san\u00e7\u00f5es da LGPD - Moreira Menezes Martins","og_description":"Em 12.06.2020 foi publicada a Lei n\u00b0 14.010\/2020, que instituiu o Regime Jur\u00eddico Emergencial e Transit\u00f3rio das Rela\u00e7\u00f5es Jur\u00eddicas de Direito Privado \u2013 RJET no per\u00edodo da pandemia de COVID-19. Dentre outras medidas \u2013 descritas no Comunicado Extraordin\u00e1rio divulgado pelo Escrit\u00f3rio em 12.06.2020 \u2013 a Lei n\u00b0 14.010\/2020 alterou a Lei Geral de Prote\u00e7\u00e3o de [&hellip;]","og_url":"https:\/\/moreiramenezes.com.br\/en\/postergada-data-para-entrada-em-vigor-de-disposicoes-relativas-as-sancoes-da-lgpd\/","og_site_name":"Moreira Menezes Martins","article_published_time":"2020-06-15T15:30:11+00:00","article_modified_time":"2020-09-02T10:30:02+00:00","og_image":[{"width":1400,"height":933,"url":"https:\/\/moreiramenezes.com.br\/wp-content\/uploads\/2020\/06\/67682-min.jpg","type":"image\/jpeg"}],"author":"mmm","twitter_card":"summary_large_image","twitter_misc":{"Written by":"mmm","Est. reading time":"1 minute"},"schema":{"@context":"https:\/\/schema.org","@graph":[{"@type":"Article","@id":"https:\/\/moreiramenezes.com.br\/postergada-data-para-entrada-em-vigor-de-disposicoes-relativas-as-sancoes-da-lgpd\/#article","isPartOf":{"@id":"https:\/\/moreiramenezes.com.br\/postergada-data-para-entrada-em-vigor-de-disposicoes-relativas-as-sancoes-da-lgpd\/"},"author":{"name":"mmm","@id":"https:\/\/moreiramenezes.com.br\/#\/schema\/person\/d525376b6c67f0d68e4dfc4475c65d78"},"headline":"Postergada data para entrada em vigor de disposi\u00e7\u00f5es relativas \u00e0s san\u00e7\u00f5es da LGPD","datePublished":"2020-06-15T15:30:11+00:00","dateModified":"2020-09-02T10:30:02+00:00","mainEntityOfPage":{"@id":"https:\/\/moreiramenezes.com.br\/postergada-data-para-entrada-em-vigor-de-disposicoes-relativas-as-sancoes-da-lgpd\/"},"wordCount":311,"image":{"@id":"https:\/\/moreiramenezes.com.br\/postergada-data-para-entrada-em-vigor-de-disposicoes-relativas-as-sancoes-da-lgpd\/#primaryimage"},"thumbnailUrl":"https:\/\/moreiramenezes.com.br\/wp-content\/uploads\/2020\/06\/67682-min.jpg","articleSection":["Not\u00edcias"],"inLanguage":"en-US"},{"@type":"WebPage","@id":"https:\/\/moreiramenezes.com.br\/postergada-data-para-entrada-em-vigor-de-disposicoes-relativas-as-sancoes-da-lgpd\/","url":"https:\/\/moreiramenezes.com.br\/postergada-data-para-entrada-em-vigor-de-disposicoes-relativas-as-sancoes-da-lgpd\/","name":"Postergada data para entrada em vigor de disposi\u00e7\u00f5es relativas \u00e0s san\u00e7\u00f5es da LGPD - Moreira Menezes Martins","isPartOf":{"@id":"https:\/\/moreiramenezes.com.br\/#website"},"primaryImageOfPage":{"@id":"https:\/\/moreiramenezes.com.br\/postergada-data-para-entrada-em-vigor-de-disposicoes-relativas-as-sancoes-da-lgpd\/#primaryimage"},"image":{"@id":"https:\/\/moreiramenezes.com.br\/postergada-data-para-entrada-em-vigor-de-disposicoes-relativas-as-sancoes-da-lgpd\/#primaryimage"},"thumbnailUrl":"https:\/\/moreiramenezes.com.br\/wp-content\/uploads\/2020\/06\/67682-min.jpg","datePublished":"2020-06-15T15:30:11+00:00","dateModified":"2020-09-02T10:30:02+00:00","author":{"@id":"https:\/\/moreiramenezes.com.br\/#\/schema\/person\/d525376b6c67f0d68e4dfc4475c65d78"},"breadcrumb":{"@id":"https:\/\/moreiramenezes.com.br\/postergada-data-para-entrada-em-vigor-de-disposicoes-relativas-as-sancoes-da-lgpd\/#breadcrumb"},"inLanguage":"en-US","potentialAction":[{"@type":"ReadAction","target":["https:\/\/moreiramenezes.com.br\/postergada-data-para-entrada-em-vigor-de-disposicoes-relativas-as-sancoes-da-lgpd\/"]}]},{"@type":"ImageObject","inLanguage":"en-US","@id":"https:\/\/moreiramenezes.com.br\/postergada-data-para-entrada-em-vigor-de-disposicoes-relativas-as-sancoes-da-lgpd\/#primaryimage","url":"https:\/\/moreiramenezes.com.br\/wp-content\/uploads\/2020\/06\/67682-min.jpg","contentUrl":"https:\/\/moreiramenezes.com.br\/wp-content\/uploads\/2020\/06\/67682-min.jpg","width":1400,"height":933},{"@type":"BreadcrumbList","@id":"https:\/\/moreiramenezes.com.br\/postergada-data-para-entrada-em-vigor-de-disposicoes-relativas-as-sancoes-da-lgpd\/#breadcrumb","itemListElement":[{"@type":"ListItem","position":1,"name":"In\u00edcio","item":"https:\/\/moreiramenezes.com.br\/"},{"@type":"ListItem","position":2,"name":"Not\u00edcias","item":"https:\/\/moreiramenezes.com.br\/categorias\/noticias\/"},{"@type":"ListItem","position":3,"name":"Postergada data para entrada em vigor de disposi\u00e7\u00f5es relativas \u00e0s san\u00e7\u00f5es da LGPD"}]},{"@type":"WebSite","@id":"https:\/\/moreiramenezes.com.br\/#website","url":"https:\/\/moreiramenezes.com.br\/","name":"Moreira Menezes Martins","description":"Moreira Menezes Martins - Advogados","potentialAction":[{"@type":"SearchAction","target":{"@type":"EntryPoint","urlTemplate":"https:\/\/moreiramenezes.com.br\/?s={search_term_string}"},"query-input":{"@type":"PropertyValueSpecification","valueRequired":true,"valueName":"search_term_string"}}],"inLanguage":"en-US"},{"@type":"Person","@id":"https:\/\/moreiramenezes.com.br\/#\/schema\/person\/d525376b6c67f0d68e4dfc4475c65d78","name":"mmm","image":{"@type":"ImageObject","inLanguage":"en-US","@id":"https:\/\/moreiramenezes.com.br\/#\/schema\/person\/image\/","url":"https:\/\/secure.gravatar.com\/avatar\/b16ca84b829f7fb3fcc92f2393d367798a989833972255f9a2b76b056e135746?s=96&d=mm&r=g","contentUrl":"https:\/\/secure.gravatar.com\/avatar\/b16ca84b829f7fb3fcc92f2393d367798a989833972255f9a2b76b056e135746?s=96&d=mm&r=g","caption":"mmm"},"sameAs":["https:\/\/moreiramenezes.com"],"url":"https:\/\/moreiramenezes.com.br\/en\/author\/mmm\/"}]}},"_links":{"self":[{"href":"https:\/\/moreiramenezes.com.br\/en\/wp-json\/wp\/v2\/posts\/1591","targetHints":{"allow":["GET"]}}],"collection":[{"href":"https:\/\/moreiramenezes.com.br\/en\/wp-json\/wp\/v2\/posts"}],"about":[{"href":"https:\/\/moreiramenezes.com.br\/en\/wp-json\/wp\/v2\/types\/post"}],"author":[{"embeddable":true,"href":"https:\/\/moreiramenezes.com.br\/en\/wp-json\/wp\/v2\/users\/1"}],"replies":[{"embeddable":true,"href":"https:\/\/moreiramenezes.com.br\/en\/wp-json\/wp\/v2\/comments?post=1591"}],"version-history":[{"count":0,"href":"https:\/\/moreiramenezes.com.br\/en\/wp-json\/wp\/v2\/posts\/1591\/revisions"}],"wp:featuredmedia":[{"embeddable":true,"href":"https:\/\/moreiramenezes.com.br\/en\/wp-json\/wp\/v2\/media\/1667"}],"wp:attachment":[{"href":"https:\/\/moreiramenezes.com.br\/en\/wp-json\/wp\/v2\/media?parent=1591"}],"wp:term":[{"taxonomy":"category","embeddable":true,"href":"https:\/\/moreiramenezes.com.br\/en\/wp-json\/wp\/v2\/categories?post=1591"},{"taxonomy":"post_tag","embeddable":true,"href":"https:\/\/moreiramenezes.com.br\/en\/wp-json\/wp\/v2\/tags?post=1591"}],"curies":[{"name":"wp","href":"https:\/\/api.w.org\/{rel}","templated":true}]}}