{"id":1590,"date":"2020-06-12T19:46:32","date_gmt":"2020-06-12T22:46:32","guid":{"rendered":"http:\/\/www.moreiramenezes.com.br\/?post_type=publicacoes&amp;p=1562"},"modified":"2020-06-12T19:46:32","modified_gmt":"2020-06-12T22:46:32","slug":"publicada-lei-que-regulamenta-regime-juridico-emergencial-e-transitorio-das-relacoes-juridicas-de-direito-privado","status":"publish","type":"post","link":"https:\/\/moreiramenezes.com.br\/en\/publicada-lei-que-regulamenta-regime-juridico-emergencial-e-transitorio-das-relacoes-juridicas-de-direito-privado\/","title":{"rendered":"Publicada lei que regulamenta regime jur\u00eddico emergencial e transit\u00f3rio das rela\u00e7\u00f5es jur\u00eddicas de direito privado"},"content":{"rendered":"<p class=\"p1\"><span class=\"s1\">Em 12.06.2020 foi publicada a Lei n\u00b0 14.010\/2020, que instituiu o Regime Jur\u00eddico Emergencial e Transit\u00f3rio das Rela\u00e7\u00f5es Jur\u00eddicas de Direito Privado \u2013 RJET no per\u00edodo da pandemia de COVID-19 (\u201c<\/span><span class=\"s2\">Lei<\/span><span class=\"s1\">\u201d).<\/span><\/p>\n<p class=\"p1\"><span class=\"s1\">A Lei promove altera\u00e7\u00f5es em diversas normas, em car\u00e1ter transit\u00f3rio e emergencial, com o intuito de regular as rela\u00e7\u00f5es jur\u00eddicas de direito privado que poderiam sofrer consequ\u00eancias em virtude da pandemia.<\/span><\/p>\n<p class=\"p1\"><span class=\"s1\">Para os fins da Lei, considera-se como termo inicial dos eventos derivados da pandemia o dia 20.03.2020, data de publica\u00e7\u00e3o do Decreto Legislativo n\u00ba 6\/2020. Al\u00e9m disso, a suspens\u00e3o das normas referidas na Lei n\u00e3o implica sua revoga\u00e7\u00e3o ou altera\u00e7\u00e3o.<\/span><\/p>\n<p class=\"p1\"><span class=\"s1\">A partir disso, destacam-se as seguintes disposi\u00e7\u00f5es da Lei:<\/span><\/p>\n<ol>\n<li><span style=\"text-decoration: underline;\"><span class=\"s2\">prescri\u00e7\u00e3o e decad\u00eancia<\/span><\/span><span class=\"s1\"><span style=\"text-decoration: underline;\">:<\/span> a partir de 12.06.2020 e at\u00e9 o dia 30.10.2020 consideram-se impedidos ou suspensos, conforme o caso, os prazos prescricionais e decadenciais. Tal disposi\u00e7\u00e3o, contudo, n\u00e3o se aplica enquanto perdurarem as hip\u00f3teses espec\u00edficas de impedimento, suspens\u00e3o e interrup\u00e7\u00e3o dos prazos prescricionais previstas no ordenamento jur\u00eddico;\n<p><\/span><\/li>\n<li><span style=\"text-decoration: underline;\"><span class=\"s2\">pessoas jur\u00eddicas de direito privado<\/span><\/span><span class=\"s1\"><span style=\"text-decoration: underline;\">:<\/span> at\u00e9 30.10.2020 a assembleia geral das pessoas jur\u00eddicas de direito privado, inclusive para fins de destitui\u00e7\u00e3o de administradores e altera\u00e7\u00e3o do estatuto, poder\u00e1 ser realizada por meios eletr\u00f4nicos independentemente de previs\u00e3o nos respectivos atos constitutivos. Al\u00e9m disso, a manifesta\u00e7\u00e3o dos participantes poder\u00e1 ocorrer por qualquer meio eletr\u00f4nico indicado pelo administrador da pessoa jur\u00eddica que assegure a identifica\u00e7\u00e3o do participante e a seguran\u00e7a do voto e produzir\u00e1 todos os efeitos legais de uma assinatura presencial;\n<p><\/span><\/li>\n<li><span style=\"text-decoration: underline;\"><span class=\"s2\">rela\u00e7\u00e3o de consumo<\/span><\/span><span class=\"s1\"><span style=\"text-decoration: underline;\">:<\/span> a aplica\u00e7\u00e3o do art. 49 do C\u00f3digo de Defesa do Consumidor foi suspensa at\u00e9 30.10.2020, na hip\u00f3tese de entrega domiciliar (<i>delivery<\/i>) de produtos perec\u00edveis ou de consumo imediato e de medicamentos;\n<p><\/span><\/li>\n<li><span style=\"text-decoration: underline;\"><span class=\"s2\">usucapi\u00e3o<\/span><\/span><span class=\"s1\"><span style=\"text-decoration: underline;\">:<\/span> os prazos de aquisi\u00e7\u00e3o para a propriedade imobili\u00e1ria ou mobili\u00e1ria, nas diversas esp\u00e9cies de usucapi\u00e3o, foram suspensos a partir de 12.06.2020 at\u00e9 30.10.2020;\n<p><\/span><\/li>\n<li><span style=\"text-decoration: underline;\"><span class=\"s2\">condom\u00ednios edil\u00edcios<\/span><\/span><span class=\"s1\"><span style=\"text-decoration: underline;\">:<\/span> at\u00e9 30.10.2020 a assembleia condominial (inclusive para fins de destitui\u00e7\u00e3o de s\u00edndico e de aprova\u00e7\u00e3o de or\u00e7amento anual\/presta\u00e7\u00e3o de contas) e a respectiva vota\u00e7\u00e3o poder\u00e3o ocorrer por meios virtuais. Nesse caso, a manifesta\u00e7\u00e3o de vontade de cada cond\u00f4mino ser\u00e1 equiparada, para todos os efeitos jur\u00eddicos, \u00e0 sua assinatura presencial. Caso n\u00e3o seja poss\u00edvel realizar a assembleia por meio virtual, os mandatos de s\u00edndico vencidos a partir de 20.03.2020 ficar\u00e3o prorrogados at\u00e9 30.10.2020;\n<p><\/span><\/li>\n<li><span style=\"text-decoration: underline;\"><span class=\"s2\">regime concorrencial<\/span><\/span><span class=\"s1\"><span style=\"text-decoration: underline;\">:<\/span> a partir de 20.03.2020 at\u00e9 30.10.2020, ou enquanto durar o estado de calamidade p\u00fablica, reconhecido pelo Decreto Legislativo n\u00ba 6\/2020, ficam sem efic\u00e1cia as infra\u00e7\u00f5es \u00e0 ordem econ\u00f4mica consubstanciadas nas condutas de (a) vender mercadorias ou prestar servi\u00e7os injustificadamente abaixo do pre\u00e7o de custo e (b) cessar parcial ou totalmente as atividades sem justa causa comprovada (art. 36, \u00a7 3\u00ba, XV e XVII, da Lei n\u00ba 12.529\/2011, \u201c<\/span><span class=\"s2\">Lei Antitruste<\/span><span class=\"s1\">\u201d); e (b) a pr\u00e1tica de ato de concentra\u00e7\u00e3o em que 2 ou mais entidades celebram contrato associativo, cons\u00f3rcio ou <i>joint venture<\/i> (art. 90, IV, da Lei Antitruste).<br \/>\n<\/span><span class=\"s1\"><br \/>\nTal suspens\u00e3o da efic\u00e1cia de dispositivos da Lei Antitruste n\u00e3o afasta a possibilidade de posterior an\u00e1lise do ato de concentra\u00e7\u00e3o ou de apura\u00e7\u00e3o de infra\u00e7\u00e3o \u00e0 ordem econ\u00f4mica dos acordos que n\u00e3o forem necess\u00e1rios ao combate ou \u00e0 mitiga\u00e7\u00e3o das consequ\u00eancias decorrentes da pandemia; e<\/p>\n<p><\/span><\/li>\n<li><span style=\"text-decoration: underline;\"><span class=\"s2\">direito de fam\u00edlia<\/span><\/span><span class=\"s1\"><span style=\"text-decoration: underline;\">:<\/span> at\u00e9 30.10.2020 a pris\u00e3o civil por d\u00edvida aliment\u00edcia prevista no art. 528 e seguintes do C\u00f3digo de Processo Civil dever\u00e1 ser cumprida exclusivamente sob a modalidade domiciliar, sem preju\u00edzo da exigibilidade das respectivas obriga\u00e7\u00f5es.\n<p><\/span><span class=\"s1\">Por sua vez, o prazo de 2 meses previsto para instaura\u00e7\u00e3o do processo de invent\u00e1rio e de partilha ter\u00e1 seu termo inicial dilatado para 30.10.2020 em rela\u00e7\u00e3o \u00e0s sucess\u00f5es abertas a partir de 01.02.2020. Na mesma linha, o prazo de 12 meses para que seja ultimado o processo de invent\u00e1rio e de partilha (caso iniciado antes de 01.01.2020) fica suspenso a partir de 12.06.2020 at\u00e9 30.10.2020.<\/span><\/li>\n<\/ol>\n<p class=\"p1\"><span class=\"s1\">Cabe destacar que a Lei acrescentou o inciso \u201cI-A\u201d ao art. 65 da Lei n\u00ba 13.709\/2018 (conhecida como Lei Geral de Prote\u00e7\u00e3o de Dados Pessoais \u2013 \u201c<\/span><span class=\"s2\">LGPD<\/span><span class=\"s1\">\u201d). Em resumo, foi postergada para o dia 01.08.2021 a entrada em vigor dos seus arts. 52, 53 e 54, que disp\u00f5em sobre as san\u00e7\u00f5es administrativas decorrentes da LGPD.<\/span><\/p>\n<p class=\"p1\"><span class=\"s1\">Por fim, ressalte-se que alguns dispositivos constantes do projeto de lei aprovado pelo Congresso foram objeto de veto pelo Presidente da Rep\u00fablica. Dentre eles, foi vetado o dispositivo que proibia a concess\u00e3o de liminar para desocupa\u00e7\u00e3o de im\u00f3vel urbano nas a\u00e7\u00f5es de despejo at\u00e9 30.10.2020.<\/span><\/p>\n<p class=\"p1\"><span class=\"s1\">Maiores informa\u00e7\u00f5es, bem como o texto integral da Lei, podem ser encontrados no <i>site<\/i> da Presid\u00eancia da Rep\u00fablica (<a href=\"http:\/\/www.planalto.gov.br\">http:\/\/www.planalto.gov.br<\/a>).<\/span><\/p>","protected":false},"excerpt":{"rendered":"<p>Em 12.06.2020 foi publicada a Lei n\u00b0 14.010\/2020, que instituiu o Regime Jur\u00eddico Emergencial e Transit\u00f3rio das Rela\u00e7\u00f5es Jur\u00eddicas de Direito Privado \u2013 RJET no per\u00edodo da pandemia de COVID-19 (\u201cLei\u201d). A Lei promove altera\u00e7\u00f5es em diversas normas, em car\u00e1ter transit\u00f3rio e emergencial, com o intuito de regular as rela\u00e7\u00f5es jur\u00eddicas de direito privado que [&hellip;]<\/p>","protected":false},"author":1,"featured_media":0,"comment_status":"closed","ping_status":"closed","sticky":false,"template":"","format":"standard","meta":{"footnotes":""},"categories":[5],"tags":[],"class_list":["post-1590","post","type-post","status-publish","format-standard","hentry","category-noticias"],"yoast_head":"<!-- This site is optimized with the Yoast SEO plugin v26.9 - https:\/\/yoast.com\/product\/yoast-seo-wordpress\/ -->\n<title>Publicada lei que regulamenta regime jur\u00eddico emergencial e transit\u00f3rio das rela\u00e7\u00f5es jur\u00eddicas de direito privado - Moreira Menezes Martins<\/title>\n<meta name=\"robots\" content=\"index, follow, max-snippet:-1, max-image-preview:large, max-video-preview:-1\" \/>\n<link rel=\"canonical\" href=\"https:\/\/moreiramenezes.com.br\/en\/publicada-lei-que-regulamenta-regime-juridico-emergencial-e-transitorio-das-relacoes-juridicas-de-direito-privado\/\" \/>\n<meta property=\"og:locale\" content=\"en_US\" \/>\n<meta property=\"og:type\" content=\"article\" \/>\n<meta property=\"og:title\" content=\"Publicada lei que regulamenta regime jur\u00eddico emergencial e transit\u00f3rio das rela\u00e7\u00f5es jur\u00eddicas de direito privado - Moreira Menezes Martins\" \/>\n<meta property=\"og:description\" content=\"Em 12.06.2020 foi publicada a Lei n\u00b0 14.010\/2020, que instituiu o Regime Jur\u00eddico Emergencial e Transit\u00f3rio das Rela\u00e7\u00f5es Jur\u00eddicas de Direito Privado \u2013 RJET no per\u00edodo da pandemia de COVID-19 (\u201cLei\u201d). A Lei promove altera\u00e7\u00f5es em diversas normas, em car\u00e1ter transit\u00f3rio e emergencial, com o intuito de regular as rela\u00e7\u00f5es jur\u00eddicas de direito privado que [&hellip;]\" \/>\n<meta property=\"og:url\" content=\"https:\/\/moreiramenezes.com.br\/en\/publicada-lei-que-regulamenta-regime-juridico-emergencial-e-transitorio-das-relacoes-juridicas-de-direito-privado\/\" \/>\n<meta property=\"og:site_name\" content=\"Moreira Menezes Martins\" \/>\n<meta property=\"article:published_time\" content=\"2020-06-12T22:46:32+00:00\" \/>\n<meta name=\"author\" content=\"mmm\" \/>\n<meta name=\"twitter:card\" content=\"summary_large_image\" \/>\n<meta name=\"twitter:label1\" content=\"Written by\" \/>\n\t<meta name=\"twitter:data1\" content=\"mmm\" \/>\n\t<meta name=\"twitter:label2\" content=\"Est. reading time\" \/>\n\t<meta name=\"twitter:data2\" content=\"4 minutes\" \/>\n<script type=\"application\/ld+json\" class=\"yoast-schema-graph\">{\"@context\":\"https:\/\/schema.org\",\"@graph\":[{\"@type\":\"Article\",\"@id\":\"https:\/\/moreiramenezes.com.br\/publicada-lei-que-regulamenta-regime-juridico-emergencial-e-transitorio-das-relacoes-juridicas-de-direito-privado\/#article\",\"isPartOf\":{\"@id\":\"https:\/\/moreiramenezes.com.br\/publicada-lei-que-regulamenta-regime-juridico-emergencial-e-transitorio-das-relacoes-juridicas-de-direito-privado\/\"},\"author\":{\"name\":\"mmm\",\"@id\":\"https:\/\/moreiramenezes.com.br\/#\/schema\/person\/d525376b6c67f0d68e4dfc4475c65d78\"},\"headline\":\"Publicada lei que regulamenta regime jur\u00eddico emergencial e transit\u00f3rio das rela\u00e7\u00f5es jur\u00eddicas de direito privado\",\"datePublished\":\"2020-06-12T22:46:32+00:00\",\"mainEntityOfPage\":{\"@id\":\"https:\/\/moreiramenezes.com.br\/publicada-lei-que-regulamenta-regime-juridico-emergencial-e-transitorio-das-relacoes-juridicas-de-direito-privado\/\"},\"wordCount\":823,\"articleSection\":[\"Not\u00edcias\"],\"inLanguage\":\"en-US\"},{\"@type\":\"WebPage\",\"@id\":\"https:\/\/moreiramenezes.com.br\/publicada-lei-que-regulamenta-regime-juridico-emergencial-e-transitorio-das-relacoes-juridicas-de-direito-privado\/\",\"url\":\"https:\/\/moreiramenezes.com.br\/publicada-lei-que-regulamenta-regime-juridico-emergencial-e-transitorio-das-relacoes-juridicas-de-direito-privado\/\",\"name\":\"Publicada lei que regulamenta regime jur\u00eddico emergencial e transit\u00f3rio das rela\u00e7\u00f5es jur\u00eddicas de direito privado - Moreira Menezes Martins\",\"isPartOf\":{\"@id\":\"https:\/\/moreiramenezes.com.br\/#website\"},\"datePublished\":\"2020-06-12T22:46:32+00:00\",\"author\":{\"@id\":\"https:\/\/moreiramenezes.com.br\/#\/schema\/person\/d525376b6c67f0d68e4dfc4475c65d78\"},\"breadcrumb\":{\"@id\":\"https:\/\/moreiramenezes.com.br\/publicada-lei-que-regulamenta-regime-juridico-emergencial-e-transitorio-das-relacoes-juridicas-de-direito-privado\/#breadcrumb\"},\"inLanguage\":\"en-US\",\"potentialAction\":[{\"@type\":\"ReadAction\",\"target\":[\"https:\/\/moreiramenezes.com.br\/publicada-lei-que-regulamenta-regime-juridico-emergencial-e-transitorio-das-relacoes-juridicas-de-direito-privado\/\"]}]},{\"@type\":\"BreadcrumbList\",\"@id\":\"https:\/\/moreiramenezes.com.br\/publicada-lei-que-regulamenta-regime-juridico-emergencial-e-transitorio-das-relacoes-juridicas-de-direito-privado\/#breadcrumb\",\"itemListElement\":[{\"@type\":\"ListItem\",\"position\":1,\"name\":\"In\u00edcio\",\"item\":\"https:\/\/moreiramenezes.com.br\/\"},{\"@type\":\"ListItem\",\"position\":2,\"name\":\"Not\u00edcias\",\"item\":\"https:\/\/moreiramenezes.com.br\/categorias\/noticias\/\"},{\"@type\":\"ListItem\",\"position\":3,\"name\":\"Publicada lei que regulamenta regime jur\u00eddico emergencial e transit\u00f3rio das rela\u00e7\u00f5es jur\u00eddicas de direito privado\"}]},{\"@type\":\"WebSite\",\"@id\":\"https:\/\/moreiramenezes.com.br\/#website\",\"url\":\"https:\/\/moreiramenezes.com.br\/\",\"name\":\"Moreira Menezes Martins\",\"description\":\"Moreira Menezes Martins - Advogados\",\"potentialAction\":[{\"@type\":\"SearchAction\",\"target\":{\"@type\":\"EntryPoint\",\"urlTemplate\":\"https:\/\/moreiramenezes.com.br\/?s={search_term_string}\"},\"query-input\":{\"@type\":\"PropertyValueSpecification\",\"valueRequired\":true,\"valueName\":\"search_term_string\"}}],\"inLanguage\":\"en-US\"},{\"@type\":\"Person\",\"@id\":\"https:\/\/moreiramenezes.com.br\/#\/schema\/person\/d525376b6c67f0d68e4dfc4475c65d78\",\"name\":\"mmm\",\"image\":{\"@type\":\"ImageObject\",\"inLanguage\":\"en-US\",\"@id\":\"https:\/\/moreiramenezes.com.br\/#\/schema\/person\/image\/\",\"url\":\"https:\/\/secure.gravatar.com\/avatar\/b16ca84b829f7fb3fcc92f2393d367798a989833972255f9a2b76b056e135746?s=96&d=mm&r=g\",\"contentUrl\":\"https:\/\/secure.gravatar.com\/avatar\/b16ca84b829f7fb3fcc92f2393d367798a989833972255f9a2b76b056e135746?s=96&d=mm&r=g\",\"caption\":\"mmm\"},\"sameAs\":[\"https:\/\/moreiramenezes.com\"],\"url\":\"https:\/\/moreiramenezes.com.br\/en\/author\/mmm\/\"}]}<\/script>\n<!-- \/ Yoast SEO plugin. -->","yoast_head_json":{"title":"Publicada lei que regulamenta regime jur\u00eddico emergencial e transit\u00f3rio das rela\u00e7\u00f5es jur\u00eddicas de direito privado - Moreira Menezes Martins","robots":{"index":"index","follow":"follow","max-snippet":"max-snippet:-1","max-image-preview":"max-image-preview:large","max-video-preview":"max-video-preview:-1"},"canonical":"https:\/\/moreiramenezes.com.br\/en\/publicada-lei-que-regulamenta-regime-juridico-emergencial-e-transitorio-das-relacoes-juridicas-de-direito-privado\/","og_locale":"en_US","og_type":"article","og_title":"Publicada lei que regulamenta regime jur\u00eddico emergencial e transit\u00f3rio das rela\u00e7\u00f5es jur\u00eddicas de direito privado - Moreira Menezes Martins","og_description":"Em 12.06.2020 foi publicada a Lei n\u00b0 14.010\/2020, que instituiu o Regime Jur\u00eddico Emergencial e Transit\u00f3rio das Rela\u00e7\u00f5es Jur\u00eddicas de Direito Privado \u2013 RJET no per\u00edodo da pandemia de COVID-19 (\u201cLei\u201d). A Lei promove altera\u00e7\u00f5es em diversas normas, em car\u00e1ter transit\u00f3rio e emergencial, com o intuito de regular as rela\u00e7\u00f5es jur\u00eddicas de direito privado que [&hellip;]","og_url":"https:\/\/moreiramenezes.com.br\/en\/publicada-lei-que-regulamenta-regime-juridico-emergencial-e-transitorio-das-relacoes-juridicas-de-direito-privado\/","og_site_name":"Moreira Menezes Martins","article_published_time":"2020-06-12T22:46:32+00:00","author":"mmm","twitter_card":"summary_large_image","twitter_misc":{"Written by":"mmm","Est. reading time":"4 minutes"},"schema":{"@context":"https:\/\/schema.org","@graph":[{"@type":"Article","@id":"https:\/\/moreiramenezes.com.br\/publicada-lei-que-regulamenta-regime-juridico-emergencial-e-transitorio-das-relacoes-juridicas-de-direito-privado\/#article","isPartOf":{"@id":"https:\/\/moreiramenezes.com.br\/publicada-lei-que-regulamenta-regime-juridico-emergencial-e-transitorio-das-relacoes-juridicas-de-direito-privado\/"},"author":{"name":"mmm","@id":"https:\/\/moreiramenezes.com.br\/#\/schema\/person\/d525376b6c67f0d68e4dfc4475c65d78"},"headline":"Publicada lei que regulamenta regime jur\u00eddico emergencial e transit\u00f3rio das rela\u00e7\u00f5es jur\u00eddicas de direito privado","datePublished":"2020-06-12T22:46:32+00:00","mainEntityOfPage":{"@id":"https:\/\/moreiramenezes.com.br\/publicada-lei-que-regulamenta-regime-juridico-emergencial-e-transitorio-das-relacoes-juridicas-de-direito-privado\/"},"wordCount":823,"articleSection":["Not\u00edcias"],"inLanguage":"en-US"},{"@type":"WebPage","@id":"https:\/\/moreiramenezes.com.br\/publicada-lei-que-regulamenta-regime-juridico-emergencial-e-transitorio-das-relacoes-juridicas-de-direito-privado\/","url":"https:\/\/moreiramenezes.com.br\/publicada-lei-que-regulamenta-regime-juridico-emergencial-e-transitorio-das-relacoes-juridicas-de-direito-privado\/","name":"Publicada lei que regulamenta regime jur\u00eddico emergencial e transit\u00f3rio das rela\u00e7\u00f5es jur\u00eddicas de direito privado - Moreira Menezes Martins","isPartOf":{"@id":"https:\/\/moreiramenezes.com.br\/#website"},"datePublished":"2020-06-12T22:46:32+00:00","author":{"@id":"https:\/\/moreiramenezes.com.br\/#\/schema\/person\/d525376b6c67f0d68e4dfc4475c65d78"},"breadcrumb":{"@id":"https:\/\/moreiramenezes.com.br\/publicada-lei-que-regulamenta-regime-juridico-emergencial-e-transitorio-das-relacoes-juridicas-de-direito-privado\/#breadcrumb"},"inLanguage":"en-US","potentialAction":[{"@type":"ReadAction","target":["https:\/\/moreiramenezes.com.br\/publicada-lei-que-regulamenta-regime-juridico-emergencial-e-transitorio-das-relacoes-juridicas-de-direito-privado\/"]}]},{"@type":"BreadcrumbList","@id":"https:\/\/moreiramenezes.com.br\/publicada-lei-que-regulamenta-regime-juridico-emergencial-e-transitorio-das-relacoes-juridicas-de-direito-privado\/#breadcrumb","itemListElement":[{"@type":"ListItem","position":1,"name":"In\u00edcio","item":"https:\/\/moreiramenezes.com.br\/"},{"@type":"ListItem","position":2,"name":"Not\u00edcias","item":"https:\/\/moreiramenezes.com.br\/categorias\/noticias\/"},{"@type":"ListItem","position":3,"name":"Publicada lei que regulamenta regime jur\u00eddico emergencial e transit\u00f3rio das rela\u00e7\u00f5es jur\u00eddicas de direito privado"}]},{"@type":"WebSite","@id":"https:\/\/moreiramenezes.com.br\/#website","url":"https:\/\/moreiramenezes.com.br\/","name":"Moreira Menezes Martins","description":"Moreira Menezes Martins - Advogados","potentialAction":[{"@type":"SearchAction","target":{"@type":"EntryPoint","urlTemplate":"https:\/\/moreiramenezes.com.br\/?s={search_term_string}"},"query-input":{"@type":"PropertyValueSpecification","valueRequired":true,"valueName":"search_term_string"}}],"inLanguage":"en-US"},{"@type":"Person","@id":"https:\/\/moreiramenezes.com.br\/#\/schema\/person\/d525376b6c67f0d68e4dfc4475c65d78","name":"mmm","image":{"@type":"ImageObject","inLanguage":"en-US","@id":"https:\/\/moreiramenezes.com.br\/#\/schema\/person\/image\/","url":"https:\/\/secure.gravatar.com\/avatar\/b16ca84b829f7fb3fcc92f2393d367798a989833972255f9a2b76b056e135746?s=96&d=mm&r=g","contentUrl":"https:\/\/secure.gravatar.com\/avatar\/b16ca84b829f7fb3fcc92f2393d367798a989833972255f9a2b76b056e135746?s=96&d=mm&r=g","caption":"mmm"},"sameAs":["https:\/\/moreiramenezes.com"],"url":"https:\/\/moreiramenezes.com.br\/en\/author\/mmm\/"}]}},"_links":{"self":[{"href":"https:\/\/moreiramenezes.com.br\/en\/wp-json\/wp\/v2\/posts\/1590","targetHints":{"allow":["GET"]}}],"collection":[{"href":"https:\/\/moreiramenezes.com.br\/en\/wp-json\/wp\/v2\/posts"}],"about":[{"href":"https:\/\/moreiramenezes.com.br\/en\/wp-json\/wp\/v2\/types\/post"}],"author":[{"embeddable":true,"href":"https:\/\/moreiramenezes.com.br\/en\/wp-json\/wp\/v2\/users\/1"}],"replies":[{"embeddable":true,"href":"https:\/\/moreiramenezes.com.br\/en\/wp-json\/wp\/v2\/comments?post=1590"}],"version-history":[{"count":0,"href":"https:\/\/moreiramenezes.com.br\/en\/wp-json\/wp\/v2\/posts\/1590\/revisions"}],"wp:attachment":[{"href":"https:\/\/moreiramenezes.com.br\/en\/wp-json\/wp\/v2\/media?parent=1590"}],"wp:term":[{"taxonomy":"category","embeddable":true,"href":"https:\/\/moreiramenezes.com.br\/en\/wp-json\/wp\/v2\/categories?post=1590"},{"taxonomy":"post_tag","embeddable":true,"href":"https:\/\/moreiramenezes.com.br\/en\/wp-json\/wp\/v2\/tags?post=1590"}],"curies":[{"name":"wp","href":"https:\/\/api.w.org\/{rel}","templated":true}]}}