{"id":1588,"date":"2020-05-29T18:10:27","date_gmt":"2020-05-29T21:10:27","guid":{"rendered":"http:\/\/www.moreiramenezes.com.br\/?post_type=publicacoes&amp;p=1560"},"modified":"2020-05-29T18:10:27","modified_gmt":"2020-05-29T21:10:27","slug":"governo-federal-lanca-ferramenta-digital-para-visualizacao-de-dados-sobre-empresarios-e-sociedades-empresarias-no-brasil","status":"publish","type":"post","link":"https:\/\/moreiramenezes.com.br\/en\/governo-federal-lanca-ferramenta-digital-para-visualizacao-de-dados-sobre-empresarios-e-sociedades-empresarias-no-brasil\/","title":{"rendered":"Governo Federal lan\u00e7a ferramenta digital para visualiza\u00e7\u00e3o de dados sobre empres\u00e1rios e sociedades empres\u00e1rias no Brasil"},"content":{"rendered":"<p class=\"p1\"><span class=\"s1\">A Secretaria Especial de Desburocratiza\u00e7\u00e3o, Gest\u00e3o e Governo Digital do Minist\u00e9rio da Economia, em conjunto com o Servi\u00e7o Federal de Processamento de Dados \u2013 SERPRO, lan\u00e7aram ferramenta digital e gratuita de apoio \u00e0 atividade produtiva, para visualiza\u00e7\u00e3o de dados sobre empres\u00e1rios e sociedades empres\u00e1rias no Brasil (\u201c<\/span><span class=\"s2\">Mapa de Empresas<\/span><span class=\"s1\">\u201d). <\/span><\/p>\n<p class=\"p1\"><span class=\"s1\">O Mapa de Empresas \u00e9 disponibilizado para qualquer pessoa que deseje obter informa\u00e7\u00f5es, atualizadas mensalmente, sobre fatores relevantes relacionados ao procedimento de registro de empresas, como o tempo m\u00e9dio para abertura e os n\u00fameros de empreendimentos abertos e fechados, inclusive com detalhes sobre a localiza\u00e7\u00e3o e atividades econ\u00f4micas exploradas. <\/span><\/p>\n<p class=\"p1\"><span class=\"s1\">O objetivo da ferramenta \u00e9 promover maior transpar\u00eancia e acessibilidade \u00e0 informa\u00e7\u00e3o quanto aos empres\u00e1rios e sociedades empres\u00e1rias existentes no Brasil, aprimorando o ambiente de neg\u00f3cios, al\u00e9m de auxiliar o gestor p\u00fablico e o empresariado no processo de tomada de decis\u00e3o, incentivando o empreendedorismo.<\/span><\/p>\n<p class=\"p1\"><span class=\"s1\">Para tanto, o Mapa de Empresas \u00e9 organizado em dois pain\u00e9is: \u201cQuantidade de Empresas\u201d e \u201cTempo de Abertura\u201d. Para melhor visualiza\u00e7\u00e3o dos dados, o usu\u00e1rio ainda pode dispor de filtros relacionados ao ano e m\u00eas de constitui\u00e7\u00e3o do empres\u00e1rio ou sociedade empres\u00e1ria, regi\u00e3o, unidade da federa\u00e7\u00e3o e munic\u00edpio em que se localizam e sua natureza jur\u00eddica e atividade econ\u00f4mica.<\/span><\/p>\n<p class=\"p1\"><span class=\"s1\">A elabora\u00e7\u00e3o do Mapa de Empresas somente se tornou poss\u00edvel em raz\u00e3o da integra\u00e7\u00e3o digital viabilizada pela Rede Nacional para a Simplifica\u00e7\u00e3o do Registro e da Legaliza\u00e7\u00e3o de Empresas e Neg\u00f3cios \u2013 REDESIM, coordenada pelo Minist\u00e9rio da Economia e que re\u00fane entidades representativas das 27 juntas comerciais. <\/span><\/p>\n<p class=\"p1\"><span class=\"s1\">Maiores informa\u00e7\u00f5es, bem como o Mapa de Empresas, podem ser encontrados no <i>site<\/i> do Governo Federal (<a href=\"https:\/\/www.gov.br\">https:\/\/www.gov.br<\/a>).<\/span><\/p>","protected":false},"excerpt":{"rendered":"<p>A Secretaria Especial de Desburocratiza\u00e7\u00e3o, Gest\u00e3o e Governo Digital do Minist\u00e9rio da Economia, em conjunto com o Servi\u00e7o Federal de Processamento de Dados \u2013 SERPRO, lan\u00e7aram ferramenta digital e gratuita de apoio \u00e0 atividade produtiva, para visualiza\u00e7\u00e3o de dados sobre empres\u00e1rios e sociedades empres\u00e1rias no Brasil (\u201cMapa de Empresas\u201d). O Mapa de Empresas \u00e9 disponibilizado [&hellip;]<\/p>","protected":false},"author":1,"featured_media":0,"comment_status":"closed","ping_status":"closed","sticky":false,"template":"","format":"standard","meta":{"footnotes":""},"categories":[5],"tags":[],"class_list":["post-1588","post","type-post","status-publish","format-standard","hentry","category-noticias"],"yoast_head":"<!-- This site is optimized with the Yoast SEO plugin v26.9 - https:\/\/yoast.com\/product\/yoast-seo-wordpress\/ -->\n<title>Governo Federal lan\u00e7a ferramenta digital para visualiza\u00e7\u00e3o de dados sobre empres\u00e1rios e sociedades empres\u00e1rias no Brasil - Moreira Menezes Martins<\/title>\n<meta name=\"robots\" content=\"index, follow, max-snippet:-1, max-image-preview:large, max-video-preview:-1\" \/>\n<link rel=\"canonical\" href=\"https:\/\/moreiramenezes.com.br\/en\/governo-federal-lanca-ferramenta-digital-para-visualizacao-de-dados-sobre-empresarios-e-sociedades-empresarias-no-brasil\/\" \/>\n<meta property=\"og:locale\" content=\"en_US\" \/>\n<meta property=\"og:type\" content=\"article\" \/>\n<meta property=\"og:title\" content=\"Governo Federal lan\u00e7a ferramenta digital para visualiza\u00e7\u00e3o de dados sobre empres\u00e1rios e sociedades empres\u00e1rias no Brasil - Moreira Menezes Martins\" \/>\n<meta property=\"og:description\" content=\"A Secretaria Especial de Desburocratiza\u00e7\u00e3o, Gest\u00e3o e Governo Digital do Minist\u00e9rio da Economia, em conjunto com o Servi\u00e7o Federal de Processamento de Dados \u2013 SERPRO, lan\u00e7aram ferramenta digital e gratuita de apoio \u00e0 atividade produtiva, para visualiza\u00e7\u00e3o de dados sobre empres\u00e1rios e sociedades empres\u00e1rias no Brasil (\u201cMapa de Empresas\u201d). O Mapa de Empresas \u00e9 disponibilizado [&hellip;]\" \/>\n<meta property=\"og:url\" content=\"https:\/\/moreiramenezes.com.br\/en\/governo-federal-lanca-ferramenta-digital-para-visualizacao-de-dados-sobre-empresarios-e-sociedades-empresarias-no-brasil\/\" \/>\n<meta property=\"og:site_name\" content=\"Moreira Menezes Martins\" \/>\n<meta property=\"article:published_time\" content=\"2020-05-29T21:10:27+00:00\" \/>\n<meta name=\"author\" content=\"mmm\" \/>\n<meta name=\"twitter:card\" content=\"summary_large_image\" \/>\n<meta name=\"twitter:label1\" content=\"Written by\" \/>\n\t<meta name=\"twitter:data1\" content=\"mmm\" \/>\n\t<meta name=\"twitter:label2\" content=\"Est. reading time\" \/>\n\t<meta name=\"twitter:data2\" content=\"2 minutes\" \/>\n<script type=\"application\/ld+json\" class=\"yoast-schema-graph\">{\"@context\":\"https:\/\/schema.org\",\"@graph\":[{\"@type\":\"Article\",\"@id\":\"https:\/\/moreiramenezes.com.br\/governo-federal-lanca-ferramenta-digital-para-visualizacao-de-dados-sobre-empresarios-e-sociedades-empresarias-no-brasil\/#article\",\"isPartOf\":{\"@id\":\"https:\/\/moreiramenezes.com.br\/governo-federal-lanca-ferramenta-digital-para-visualizacao-de-dados-sobre-empresarios-e-sociedades-empresarias-no-brasil\/\"},\"author\":{\"name\":\"mmm\",\"@id\":\"https:\/\/moreiramenezes.com.br\/#\/schema\/person\/d525376b6c67f0d68e4dfc4475c65d78\"},\"headline\":\"Governo Federal lan\u00e7a ferramenta digital para visualiza\u00e7\u00e3o de dados sobre empres\u00e1rios e sociedades empres\u00e1rias no Brasil\",\"datePublished\":\"2020-05-29T21:10:27+00:00\",\"mainEntityOfPage\":{\"@id\":\"https:\/\/moreiramenezes.com.br\/governo-federal-lanca-ferramenta-digital-para-visualizacao-de-dados-sobre-empresarios-e-sociedades-empresarias-no-brasil\/\"},\"wordCount\":323,\"articleSection\":[\"Not\u00edcias\"],\"inLanguage\":\"en-US\"},{\"@type\":\"WebPage\",\"@id\":\"https:\/\/moreiramenezes.com.br\/governo-federal-lanca-ferramenta-digital-para-visualizacao-de-dados-sobre-empresarios-e-sociedades-empresarias-no-brasil\/\",\"url\":\"https:\/\/moreiramenezes.com.br\/governo-federal-lanca-ferramenta-digital-para-visualizacao-de-dados-sobre-empresarios-e-sociedades-empresarias-no-brasil\/\",\"name\":\"Governo Federal lan\u00e7a ferramenta digital para visualiza\u00e7\u00e3o de dados sobre empres\u00e1rios e sociedades empres\u00e1rias no Brasil - Moreira Menezes Martins\",\"isPartOf\":{\"@id\":\"https:\/\/moreiramenezes.com.br\/#website\"},\"datePublished\":\"2020-05-29T21:10:27+00:00\",\"author\":{\"@id\":\"https:\/\/moreiramenezes.com.br\/#\/schema\/person\/d525376b6c67f0d68e4dfc4475c65d78\"},\"breadcrumb\":{\"@id\":\"https:\/\/moreiramenezes.com.br\/governo-federal-lanca-ferramenta-digital-para-visualizacao-de-dados-sobre-empresarios-e-sociedades-empresarias-no-brasil\/#breadcrumb\"},\"inLanguage\":\"en-US\",\"potentialAction\":[{\"@type\":\"ReadAction\",\"target\":[\"https:\/\/moreiramenezes.com.br\/governo-federal-lanca-ferramenta-digital-para-visualizacao-de-dados-sobre-empresarios-e-sociedades-empresarias-no-brasil\/\"]}]},{\"@type\":\"BreadcrumbList\",\"@id\":\"https:\/\/moreiramenezes.com.br\/governo-federal-lanca-ferramenta-digital-para-visualizacao-de-dados-sobre-empresarios-e-sociedades-empresarias-no-brasil\/#breadcrumb\",\"itemListElement\":[{\"@type\":\"ListItem\",\"position\":1,\"name\":\"In\u00edcio\",\"item\":\"https:\/\/moreiramenezes.com.br\/\"},{\"@type\":\"ListItem\",\"position\":2,\"name\":\"Not\u00edcias\",\"item\":\"https:\/\/moreiramenezes.com.br\/categorias\/noticias\/\"},{\"@type\":\"ListItem\",\"position\":3,\"name\":\"Governo Federal lan\u00e7a ferramenta digital para visualiza\u00e7\u00e3o de dados sobre empres\u00e1rios e sociedades empres\u00e1rias no Brasil\"}]},{\"@type\":\"WebSite\",\"@id\":\"https:\/\/moreiramenezes.com.br\/#website\",\"url\":\"https:\/\/moreiramenezes.com.br\/\",\"name\":\"Moreira Menezes Martins\",\"description\":\"Moreira Menezes Martins - Advogados\",\"potentialAction\":[{\"@type\":\"SearchAction\",\"target\":{\"@type\":\"EntryPoint\",\"urlTemplate\":\"https:\/\/moreiramenezes.com.br\/?s={search_term_string}\"},\"query-input\":{\"@type\":\"PropertyValueSpecification\",\"valueRequired\":true,\"valueName\":\"search_term_string\"}}],\"inLanguage\":\"en-US\"},{\"@type\":\"Person\",\"@id\":\"https:\/\/moreiramenezes.com.br\/#\/schema\/person\/d525376b6c67f0d68e4dfc4475c65d78\",\"name\":\"mmm\",\"image\":{\"@type\":\"ImageObject\",\"inLanguage\":\"en-US\",\"@id\":\"https:\/\/moreiramenezes.com.br\/#\/schema\/person\/image\/\",\"url\":\"https:\/\/secure.gravatar.com\/avatar\/b16ca84b829f7fb3fcc92f2393d367798a989833972255f9a2b76b056e135746?s=96&d=mm&r=g\",\"contentUrl\":\"https:\/\/secure.gravatar.com\/avatar\/b16ca84b829f7fb3fcc92f2393d367798a989833972255f9a2b76b056e135746?s=96&d=mm&r=g\",\"caption\":\"mmm\"},\"sameAs\":[\"https:\/\/moreiramenezes.com\"],\"url\":\"https:\/\/moreiramenezes.com.br\/en\/author\/mmm\/\"}]}<\/script>\n<!-- \/ Yoast SEO plugin. -->","yoast_head_json":{"title":"Governo Federal lan\u00e7a ferramenta digital para visualiza\u00e7\u00e3o de dados sobre empres\u00e1rios e sociedades empres\u00e1rias no Brasil - Moreira Menezes Martins","robots":{"index":"index","follow":"follow","max-snippet":"max-snippet:-1","max-image-preview":"max-image-preview:large","max-video-preview":"max-video-preview:-1"},"canonical":"https:\/\/moreiramenezes.com.br\/en\/governo-federal-lanca-ferramenta-digital-para-visualizacao-de-dados-sobre-empresarios-e-sociedades-empresarias-no-brasil\/","og_locale":"en_US","og_type":"article","og_title":"Governo Federal lan\u00e7a ferramenta digital para visualiza\u00e7\u00e3o de dados sobre empres\u00e1rios e sociedades empres\u00e1rias no Brasil - Moreira Menezes Martins","og_description":"A Secretaria Especial de Desburocratiza\u00e7\u00e3o, Gest\u00e3o e Governo Digital do Minist\u00e9rio da Economia, em conjunto com o Servi\u00e7o Federal de Processamento de Dados \u2013 SERPRO, lan\u00e7aram ferramenta digital e gratuita de apoio \u00e0 atividade produtiva, para visualiza\u00e7\u00e3o de dados sobre empres\u00e1rios e sociedades empres\u00e1rias no Brasil (\u201cMapa de Empresas\u201d). O Mapa de Empresas \u00e9 disponibilizado [&hellip;]","og_url":"https:\/\/moreiramenezes.com.br\/en\/governo-federal-lanca-ferramenta-digital-para-visualizacao-de-dados-sobre-empresarios-e-sociedades-empresarias-no-brasil\/","og_site_name":"Moreira Menezes Martins","article_published_time":"2020-05-29T21:10:27+00:00","author":"mmm","twitter_card":"summary_large_image","twitter_misc":{"Written by":"mmm","Est. reading time":"2 minutes"},"schema":{"@context":"https:\/\/schema.org","@graph":[{"@type":"Article","@id":"https:\/\/moreiramenezes.com.br\/governo-federal-lanca-ferramenta-digital-para-visualizacao-de-dados-sobre-empresarios-e-sociedades-empresarias-no-brasil\/#article","isPartOf":{"@id":"https:\/\/moreiramenezes.com.br\/governo-federal-lanca-ferramenta-digital-para-visualizacao-de-dados-sobre-empresarios-e-sociedades-empresarias-no-brasil\/"},"author":{"name":"mmm","@id":"https:\/\/moreiramenezes.com.br\/#\/schema\/person\/d525376b6c67f0d68e4dfc4475c65d78"},"headline":"Governo Federal lan\u00e7a ferramenta digital para visualiza\u00e7\u00e3o de dados sobre empres\u00e1rios e sociedades empres\u00e1rias no Brasil","datePublished":"2020-05-29T21:10:27+00:00","mainEntityOfPage":{"@id":"https:\/\/moreiramenezes.com.br\/governo-federal-lanca-ferramenta-digital-para-visualizacao-de-dados-sobre-empresarios-e-sociedades-empresarias-no-brasil\/"},"wordCount":323,"articleSection":["Not\u00edcias"],"inLanguage":"en-US"},{"@type":"WebPage","@id":"https:\/\/moreiramenezes.com.br\/governo-federal-lanca-ferramenta-digital-para-visualizacao-de-dados-sobre-empresarios-e-sociedades-empresarias-no-brasil\/","url":"https:\/\/moreiramenezes.com.br\/governo-federal-lanca-ferramenta-digital-para-visualizacao-de-dados-sobre-empresarios-e-sociedades-empresarias-no-brasil\/","name":"Governo Federal lan\u00e7a ferramenta digital para visualiza\u00e7\u00e3o de dados sobre empres\u00e1rios e sociedades empres\u00e1rias no Brasil - Moreira Menezes Martins","isPartOf":{"@id":"https:\/\/moreiramenezes.com.br\/#website"},"datePublished":"2020-05-29T21:10:27+00:00","author":{"@id":"https:\/\/moreiramenezes.com.br\/#\/schema\/person\/d525376b6c67f0d68e4dfc4475c65d78"},"breadcrumb":{"@id":"https:\/\/moreiramenezes.com.br\/governo-federal-lanca-ferramenta-digital-para-visualizacao-de-dados-sobre-empresarios-e-sociedades-empresarias-no-brasil\/#breadcrumb"},"inLanguage":"en-US","potentialAction":[{"@type":"ReadAction","target":["https:\/\/moreiramenezes.com.br\/governo-federal-lanca-ferramenta-digital-para-visualizacao-de-dados-sobre-empresarios-e-sociedades-empresarias-no-brasil\/"]}]},{"@type":"BreadcrumbList","@id":"https:\/\/moreiramenezes.com.br\/governo-federal-lanca-ferramenta-digital-para-visualizacao-de-dados-sobre-empresarios-e-sociedades-empresarias-no-brasil\/#breadcrumb","itemListElement":[{"@type":"ListItem","position":1,"name":"In\u00edcio","item":"https:\/\/moreiramenezes.com.br\/"},{"@type":"ListItem","position":2,"name":"Not\u00edcias","item":"https:\/\/moreiramenezes.com.br\/categorias\/noticias\/"},{"@type":"ListItem","position":3,"name":"Governo Federal lan\u00e7a ferramenta digital para visualiza\u00e7\u00e3o de dados sobre empres\u00e1rios e sociedades empres\u00e1rias no Brasil"}]},{"@type":"WebSite","@id":"https:\/\/moreiramenezes.com.br\/#website","url":"https:\/\/moreiramenezes.com.br\/","name":"Moreira Menezes Martins","description":"Moreira Menezes Martins - Advogados","potentialAction":[{"@type":"SearchAction","target":{"@type":"EntryPoint","urlTemplate":"https:\/\/moreiramenezes.com.br\/?s={search_term_string}"},"query-input":{"@type":"PropertyValueSpecification","valueRequired":true,"valueName":"search_term_string"}}],"inLanguage":"en-US"},{"@type":"Person","@id":"https:\/\/moreiramenezes.com.br\/#\/schema\/person\/d525376b6c67f0d68e4dfc4475c65d78","name":"mmm","image":{"@type":"ImageObject","inLanguage":"en-US","@id":"https:\/\/moreiramenezes.com.br\/#\/schema\/person\/image\/","url":"https:\/\/secure.gravatar.com\/avatar\/b16ca84b829f7fb3fcc92f2393d367798a989833972255f9a2b76b056e135746?s=96&d=mm&r=g","contentUrl":"https:\/\/secure.gravatar.com\/avatar\/b16ca84b829f7fb3fcc92f2393d367798a989833972255f9a2b76b056e135746?s=96&d=mm&r=g","caption":"mmm"},"sameAs":["https:\/\/moreiramenezes.com"],"url":"https:\/\/moreiramenezes.com.br\/en\/author\/mmm\/"}]}},"_links":{"self":[{"href":"https:\/\/moreiramenezes.com.br\/en\/wp-json\/wp\/v2\/posts\/1588","targetHints":{"allow":["GET"]}}],"collection":[{"href":"https:\/\/moreiramenezes.com.br\/en\/wp-json\/wp\/v2\/posts"}],"about":[{"href":"https:\/\/moreiramenezes.com.br\/en\/wp-json\/wp\/v2\/types\/post"}],"author":[{"embeddable":true,"href":"https:\/\/moreiramenezes.com.br\/en\/wp-json\/wp\/v2\/users\/1"}],"replies":[{"embeddable":true,"href":"https:\/\/moreiramenezes.com.br\/en\/wp-json\/wp\/v2\/comments?post=1588"}],"version-history":[{"count":0,"href":"https:\/\/moreiramenezes.com.br\/en\/wp-json\/wp\/v2\/posts\/1588\/revisions"}],"wp:attachment":[{"href":"https:\/\/moreiramenezes.com.br\/en\/wp-json\/wp\/v2\/media?parent=1588"}],"wp:term":[{"taxonomy":"category","embeddable":true,"href":"https:\/\/moreiramenezes.com.br\/en\/wp-json\/wp\/v2\/categories?post=1588"},{"taxonomy":"post_tag","embeddable":true,"href":"https:\/\/moreiramenezes.com.br\/en\/wp-json\/wp\/v2\/tags?post=1588"}],"curies":[{"name":"wp","href":"https:\/\/api.w.org\/{rel}","templated":true}]}}