{"id":1564,"date":"2014-12-01T20:36:29","date_gmt":"2014-12-01T20:36:29","guid":{"rendered":"http:\/\/www.moreiramenezes.com.br\/wp-resp\/\/?post_type=publicacoes&amp;p=186"},"modified":"2014-12-01T20:36:29","modified_gmt":"2014-12-01T20:36:29","slug":"bmfbovespa-inicia-as-operacoes-do-segmento-bovespa-mais-nivel-2","status":"publish","type":"post","link":"https:\/\/moreiramenezes.com.br\/en\/bmfbovespa-inicia-as-operacoes-do-segmento-bovespa-mais-nivel-2\/","title":{"rendered":"BM&#038;FBovespa inicia as opera\u00e7\u00f5es do segmento Bovespa Mais N\u00edvel 2"},"content":{"rendered":"<p>A fim contribuir para o desenvolvimento do mercado de capitais brasileiro e possibilitar a emiss\u00e3o de valores mobili\u00e1rios de maneira gradual por pequenas e m\u00e9dias sociedades empres\u00e1rias, a BM&amp;FBovespa criou o segmento Bovespa Mais N\u00edvel 2, cujas atividades se iniciaram no dia 01.12.2014.<\/p>\n<p>As companhias listadas no segmento Bovespa Mais N\u00edvel 2 poder\u00e3o emitir a\u00e7\u00f5es preferenciais com direito de voto restrito \u00e0s mat\u00e9rias listadas na Cl\u00e1usula 3.1(vi) do Regulamento[1]. Aqui reside, ali\u00e1s, a principal diferen\u00e7a entre os segmentos Bovespa Mais N\u00edvel 2 e Bovespa Mais, pois o \u00faltimo admite exclusivamente a listagem de companhias cujo capital social seja totalmente representado por a\u00e7\u00f5es ordin\u00e1rias.<\/p>\n<p>Sobre esse particular, \u00e9 importante destacar que os investidores (pessoas f\u00edsicas) que adquirirem a\u00e7\u00f5es de companhias listadas no Bovespa Mais N\u00edvel 2 que tenham emitido a\u00e7\u00f5es preferenciais n\u00e3o poder\u00e3o gozar do benef\u00edcio fiscal concedido pela Medida Provis\u00f3ria n\u00b0 651\/14 (isen\u00e7\u00e3o do imposto sobre a renda incidente sobre o ganho de capital na aliena\u00e7\u00e3o de a\u00e7\u00f5es de pequenas e m\u00e9dias companhias)<sup>2<\/sup>.<sup>1[2]<\/sup><\/p>\n<p>Por outro lado, os dois segmentos apresentam diversas vantagens semelhantes, tais como (i) a possibilidade de listagem da companhia e a admiss\u00e3o \u00e0 negocia\u00e7\u00e3o de a\u00e7\u00f5es sem a necessidade de realiza\u00e7\u00e3o de IPO, que poder\u00e1 ser realizado em at\u00e9 7 anos; (ii) a isen\u00e7\u00e3o da taxa de registro (taxa cobrada pela BM&amp;FBovespa para registro de companhias), (iii) o desconto gradual na taxa de manuten\u00e7\u00e3o de listagem, que \u00e9 de 100% no primeiro ano.<\/p>\n<p>Deste modo, as companhias de pequeno e m\u00e9dio portes podem acessar os investidores do mercado de capitais sem precisar incorrer em grandes custos e realizar grandes emiss\u00f5es. A entrada no mercado se d\u00e1 de forma gradual, pois a expectativa da BM&amp;FBovespa \u00e9 a de que tais companhias se desenvolvam e cres\u00e7am, passando, assim, a realizar emiss\u00f5es de maior volume e a obter listagem em segmentos que exijam a ado\u00e7\u00e3o de pr\u00e1ticas de governan\u00e7a corporativa mais rigorosas.<\/p>\n<p>Maiores informa\u00e7\u00f5es, bem como a \u00edntegra do Regulamento de Listagem e de San\u00e7\u00f5es Pecuni\u00e1rias do Bovespa Mais N\u00edvel 2, est\u00e3o dispon\u00edveis aos interessados no s\u00edtio da BM&amp;FBovespa na rede mundial de computadores (<a href=\"http:\/\/www.bmfbovespa.com.br\" target=\"_blank\" rel=\"noopener noreferrer\">http:\/\/www.bmfbovespa.com.br<\/a>).<\/p>\n<p>[1] \u201c(vi) tenha estabelecido direito de voto \u00e0s a\u00e7\u00f5es preferenciais, no m\u00ednimo, nas seguintes mat\u00e9rias: (a) transforma\u00e7\u00e3o, incorpora\u00e7\u00e3o, fus\u00e3o ou cis\u00e3o da Companhia; (b) aprova\u00e7\u00e3o de contratos entre a Companhia e o Acionista Controlador, diretamente ou por meio de terceiros, assim como de outras sociedades nas quais o Acionista Controlador tenha interesse, sempre que, por for\u00e7a de disposi\u00e7\u00e3o legal ou estatut\u00e1ria, sejam deliberados em Assembleia Geral; (c) avalia\u00e7\u00e3o de bens destinados \u00e0 integraliza\u00e7\u00e3o de aumento de capital da Companhia; (d) escolha de institui\u00e7\u00e3o ou empresa especializada para determina\u00e7\u00e3o do Valor Econ\u00f4mico da Companhia, conforme item 10.1.1; e (e) altera\u00e7\u00e3o ou revoga\u00e7\u00e3o de dispositivos estatut\u00e1rios que alterem ou modifiquem a exig\u00eancia prevista nesse item, ressalvado que esse direito a voto prevalecer\u00e1 enquanto estiver em vigor o Contrato de Participa\u00e7\u00e3o no BOVESPA MAIS \u2013 N\u00cdVEL 2;\u201d.<\/p>\n<p><a href=\"#_ftnref2\" name=\"_ftn2\"><\/a>21 Medida Provis\u00f3ria n\u00b0 651\/14: \u201cArt. 16<strong>. Fica isento de imposto sobre a renda o ganho de capital auferido por pessoa f\u00edsica<\/strong>, at\u00e9 31 de dezembro de 2023, <strong>na aliena\u00e7\u00e3o, realizada no mercado \u00e0 vista de bolsas de valores<\/strong>, de a\u00e7\u00f5es que tenham sido emitidas por companhias que, cumulativamente: I &#8211; tenham as suas a\u00e7\u00f5es admitidas \u00e0 negocia\u00e7\u00e3o em segmento especial, institu\u00eddo por bolsa de valores, que assegure, atrav\u00e9s de v\u00ednculo contratual entre a bolsa e o emissor, pr\u00e1ticas diferenciadas de governan\u00e7a corporativa, contemplando, no m\u00ednimo, a obrigatoriedade de cumprimento das seguintes regras: a) realiza\u00e7\u00e3o de oferta p\u00fablica de aquisi\u00e7\u00e3o de a\u00e7\u00f5es &#8211; OPA, a valor econ\u00f4mico estabelecido em laudo de avalia\u00e7\u00e3o, em caso de sa\u00edda da companhia do segmento especial; b) resolu\u00e7\u00e3o de conflitos societ\u00e1rios por meio de arbitragem; c) realiza\u00e7\u00e3o de oferta p\u00fablica de aquisi\u00e7\u00e3o para todas as a\u00e7\u00f5es em caso de aliena\u00e7\u00e3o do controle da companhia, pelo mesmo valor e nas mesmas condi\u00e7\u00f5es ofertadas ao acionista controlador (tag along); e d) previs\u00e3o expressa no estatuto social da companhia de que seu <strong>capital social seja dividido exclusivamente em a\u00e7\u00f5es ordin\u00e1rias<\/strong>; (&#8230;)\u201d.<\/p>","protected":false},"excerpt":{"rendered":"<p>A fim contribuir para o desenvolvimento do mercado de capitais brasileiro e possibilitar a emiss\u00e3o de valores mobili\u00e1rios de maneira gradual por pequenas e m\u00e9dias sociedades empres\u00e1rias, a BM&amp;FBovespa criou o segmento Bovespa Mais N\u00edvel 2, cujas atividades se iniciaram no dia 01.12.2014. As companhias listadas no segmento Bovespa Mais N\u00edvel 2 poder\u00e3o emitir a\u00e7\u00f5es [&hellip;]<\/p>","protected":false},"author":1,"featured_media":0,"comment_status":"closed","ping_status":"closed","sticky":false,"template":"","format":"standard","meta":{"footnotes":""},"categories":[5],"tags":[],"class_list":["post-1564","post","type-post","status-publish","format-standard","hentry","category-noticias"],"yoast_head":"<!-- This site is optimized with the Yoast SEO plugin v26.9 - https:\/\/yoast.com\/product\/yoast-seo-wordpress\/ -->\n<title>BM&amp;FBovespa inicia as opera\u00e7\u00f5es do segmento Bovespa Mais N\u00edvel 2 - Moreira Menezes Martins<\/title>\n<meta name=\"robots\" content=\"index, follow, max-snippet:-1, max-image-preview:large, max-video-preview:-1\" \/>\n<link rel=\"canonical\" href=\"https:\/\/moreiramenezes.com.br\/en\/bmfbovespa-inicia-as-operacoes-do-segmento-bovespa-mais-nivel-2\/\" \/>\n<meta property=\"og:locale\" content=\"en_US\" \/>\n<meta property=\"og:type\" content=\"article\" \/>\n<meta property=\"og:title\" content=\"BM&amp;FBovespa inicia as opera\u00e7\u00f5es do segmento Bovespa Mais N\u00edvel 2 - Moreira Menezes Martins\" \/>\n<meta property=\"og:description\" content=\"A fim contribuir para o desenvolvimento do mercado de capitais brasileiro e possibilitar a emiss\u00e3o de valores mobili\u00e1rios de maneira gradual por pequenas e m\u00e9dias sociedades empres\u00e1rias, a BM&amp;FBovespa criou o segmento Bovespa Mais N\u00edvel 2, cujas atividades se iniciaram no dia 01.12.2014. As companhias listadas no segmento Bovespa Mais N\u00edvel 2 poder\u00e3o emitir a\u00e7\u00f5es [&hellip;]\" \/>\n<meta property=\"og:url\" content=\"https:\/\/moreiramenezes.com.br\/en\/bmfbovespa-inicia-as-operacoes-do-segmento-bovespa-mais-nivel-2\/\" \/>\n<meta property=\"og:site_name\" content=\"Moreira Menezes Martins\" \/>\n<meta property=\"article:published_time\" content=\"2014-12-01T20:36:29+00:00\" \/>\n<meta name=\"author\" content=\"mmm\" \/>\n<meta name=\"twitter:card\" content=\"summary_large_image\" \/>\n<meta name=\"twitter:label1\" content=\"Written by\" \/>\n\t<meta name=\"twitter:data1\" content=\"mmm\" \/>\n\t<meta name=\"twitter:label2\" content=\"Est. reading time\" \/>\n\t<meta name=\"twitter:data2\" content=\"4 minutes\" \/>\n<script type=\"application\/ld+json\" class=\"yoast-schema-graph\">{\"@context\":\"https:\/\/schema.org\",\"@graph\":[{\"@type\":\"Article\",\"@id\":\"https:\/\/moreiramenezes.com.br\/bmfbovespa-inicia-as-operacoes-do-segmento-bovespa-mais-nivel-2\/#article\",\"isPartOf\":{\"@id\":\"https:\/\/moreiramenezes.com.br\/bmfbovespa-inicia-as-operacoes-do-segmento-bovespa-mais-nivel-2\/\"},\"author\":{\"name\":\"mmm\",\"@id\":\"https:\/\/moreiramenezes.com.br\/#\/schema\/person\/d525376b6c67f0d68e4dfc4475c65d78\"},\"headline\":\"BM&#038;FBovespa inicia as opera\u00e7\u00f5es do segmento Bovespa Mais N\u00edvel 2\",\"datePublished\":\"2014-12-01T20:36:29+00:00\",\"mainEntityOfPage\":{\"@id\":\"https:\/\/moreiramenezes.com.br\/bmfbovespa-inicia-as-operacoes-do-segmento-bovespa-mais-nivel-2\/\"},\"wordCount\":759,\"articleSection\":[\"Not\u00edcias\"],\"inLanguage\":\"en-US\"},{\"@type\":\"WebPage\",\"@id\":\"https:\/\/moreiramenezes.com.br\/bmfbovespa-inicia-as-operacoes-do-segmento-bovespa-mais-nivel-2\/\",\"url\":\"https:\/\/moreiramenezes.com.br\/bmfbovespa-inicia-as-operacoes-do-segmento-bovespa-mais-nivel-2\/\",\"name\":\"BM&FBovespa inicia as opera\u00e7\u00f5es do segmento Bovespa Mais N\u00edvel 2 - Moreira Menezes Martins\",\"isPartOf\":{\"@id\":\"https:\/\/moreiramenezes.com.br\/#website\"},\"datePublished\":\"2014-12-01T20:36:29+00:00\",\"author\":{\"@id\":\"https:\/\/moreiramenezes.com.br\/#\/schema\/person\/d525376b6c67f0d68e4dfc4475c65d78\"},\"breadcrumb\":{\"@id\":\"https:\/\/moreiramenezes.com.br\/bmfbovespa-inicia-as-operacoes-do-segmento-bovespa-mais-nivel-2\/#breadcrumb\"},\"inLanguage\":\"en-US\",\"potentialAction\":[{\"@type\":\"ReadAction\",\"target\":[\"https:\/\/moreiramenezes.com.br\/bmfbovespa-inicia-as-operacoes-do-segmento-bovespa-mais-nivel-2\/\"]}]},{\"@type\":\"BreadcrumbList\",\"@id\":\"https:\/\/moreiramenezes.com.br\/bmfbovespa-inicia-as-operacoes-do-segmento-bovespa-mais-nivel-2\/#breadcrumb\",\"itemListElement\":[{\"@type\":\"ListItem\",\"position\":1,\"name\":\"In\u00edcio\",\"item\":\"https:\/\/moreiramenezes.com.br\/\"},{\"@type\":\"ListItem\",\"position\":2,\"name\":\"Not\u00edcias\",\"item\":\"https:\/\/moreiramenezes.com.br\/categorias\/noticias\/\"},{\"@type\":\"ListItem\",\"position\":3,\"name\":\"BM&#038;FBovespa inicia as opera\u00e7\u00f5es do segmento Bovespa Mais N\u00edvel 2\"}]},{\"@type\":\"WebSite\",\"@id\":\"https:\/\/moreiramenezes.com.br\/#website\",\"url\":\"https:\/\/moreiramenezes.com.br\/\",\"name\":\"Moreira Menezes Martins\",\"description\":\"Moreira Menezes Martins - Advogados\",\"potentialAction\":[{\"@type\":\"SearchAction\",\"target\":{\"@type\":\"EntryPoint\",\"urlTemplate\":\"https:\/\/moreiramenezes.com.br\/?s={search_term_string}\"},\"query-input\":{\"@type\":\"PropertyValueSpecification\",\"valueRequired\":true,\"valueName\":\"search_term_string\"}}],\"inLanguage\":\"en-US\"},{\"@type\":\"Person\",\"@id\":\"https:\/\/moreiramenezes.com.br\/#\/schema\/person\/d525376b6c67f0d68e4dfc4475c65d78\",\"name\":\"mmm\",\"image\":{\"@type\":\"ImageObject\",\"inLanguage\":\"en-US\",\"@id\":\"https:\/\/moreiramenezes.com.br\/#\/schema\/person\/image\/\",\"url\":\"https:\/\/secure.gravatar.com\/avatar\/b16ca84b829f7fb3fcc92f2393d367798a989833972255f9a2b76b056e135746?s=96&d=mm&r=g\",\"contentUrl\":\"https:\/\/secure.gravatar.com\/avatar\/b16ca84b829f7fb3fcc92f2393d367798a989833972255f9a2b76b056e135746?s=96&d=mm&r=g\",\"caption\":\"mmm\"},\"sameAs\":[\"https:\/\/moreiramenezes.com\"],\"url\":\"https:\/\/moreiramenezes.com.br\/en\/author\/mmm\/\"}]}<\/script>\n<!-- \/ Yoast SEO plugin. -->","yoast_head_json":{"title":"BM&FBovespa inicia as opera\u00e7\u00f5es do segmento Bovespa Mais N\u00edvel 2 - Moreira Menezes Martins","robots":{"index":"index","follow":"follow","max-snippet":"max-snippet:-1","max-image-preview":"max-image-preview:large","max-video-preview":"max-video-preview:-1"},"canonical":"https:\/\/moreiramenezes.com.br\/en\/bmfbovespa-inicia-as-operacoes-do-segmento-bovespa-mais-nivel-2\/","og_locale":"en_US","og_type":"article","og_title":"BM&FBovespa inicia as opera\u00e7\u00f5es do segmento Bovespa Mais N\u00edvel 2 - Moreira Menezes Martins","og_description":"A fim contribuir para o desenvolvimento do mercado de capitais brasileiro e possibilitar a emiss\u00e3o de valores mobili\u00e1rios de maneira gradual por pequenas e m\u00e9dias sociedades empres\u00e1rias, a BM&amp;FBovespa criou o segmento Bovespa Mais N\u00edvel 2, cujas atividades se iniciaram no dia 01.12.2014. As companhias listadas no segmento Bovespa Mais N\u00edvel 2 poder\u00e3o emitir a\u00e7\u00f5es [&hellip;]","og_url":"https:\/\/moreiramenezes.com.br\/en\/bmfbovespa-inicia-as-operacoes-do-segmento-bovespa-mais-nivel-2\/","og_site_name":"Moreira Menezes Martins","article_published_time":"2014-12-01T20:36:29+00:00","author":"mmm","twitter_card":"summary_large_image","twitter_misc":{"Written by":"mmm","Est. reading time":"4 minutes"},"schema":{"@context":"https:\/\/schema.org","@graph":[{"@type":"Article","@id":"https:\/\/moreiramenezes.com.br\/bmfbovespa-inicia-as-operacoes-do-segmento-bovespa-mais-nivel-2\/#article","isPartOf":{"@id":"https:\/\/moreiramenezes.com.br\/bmfbovespa-inicia-as-operacoes-do-segmento-bovespa-mais-nivel-2\/"},"author":{"name":"mmm","@id":"https:\/\/moreiramenezes.com.br\/#\/schema\/person\/d525376b6c67f0d68e4dfc4475c65d78"},"headline":"BM&#038;FBovespa inicia as opera\u00e7\u00f5es do segmento Bovespa Mais N\u00edvel 2","datePublished":"2014-12-01T20:36:29+00:00","mainEntityOfPage":{"@id":"https:\/\/moreiramenezes.com.br\/bmfbovespa-inicia-as-operacoes-do-segmento-bovespa-mais-nivel-2\/"},"wordCount":759,"articleSection":["Not\u00edcias"],"inLanguage":"en-US"},{"@type":"WebPage","@id":"https:\/\/moreiramenezes.com.br\/bmfbovespa-inicia-as-operacoes-do-segmento-bovespa-mais-nivel-2\/","url":"https:\/\/moreiramenezes.com.br\/bmfbovespa-inicia-as-operacoes-do-segmento-bovespa-mais-nivel-2\/","name":"BM&FBovespa inicia as opera\u00e7\u00f5es do segmento Bovespa Mais N\u00edvel 2 - Moreira Menezes Martins","isPartOf":{"@id":"https:\/\/moreiramenezes.com.br\/#website"},"datePublished":"2014-12-01T20:36:29+00:00","author":{"@id":"https:\/\/moreiramenezes.com.br\/#\/schema\/person\/d525376b6c67f0d68e4dfc4475c65d78"},"breadcrumb":{"@id":"https:\/\/moreiramenezes.com.br\/bmfbovespa-inicia-as-operacoes-do-segmento-bovespa-mais-nivel-2\/#breadcrumb"},"inLanguage":"en-US","potentialAction":[{"@type":"ReadAction","target":["https:\/\/moreiramenezes.com.br\/bmfbovespa-inicia-as-operacoes-do-segmento-bovespa-mais-nivel-2\/"]}]},{"@type":"BreadcrumbList","@id":"https:\/\/moreiramenezes.com.br\/bmfbovespa-inicia-as-operacoes-do-segmento-bovespa-mais-nivel-2\/#breadcrumb","itemListElement":[{"@type":"ListItem","position":1,"name":"In\u00edcio","item":"https:\/\/moreiramenezes.com.br\/"},{"@type":"ListItem","position":2,"name":"Not\u00edcias","item":"https:\/\/moreiramenezes.com.br\/categorias\/noticias\/"},{"@type":"ListItem","position":3,"name":"BM&#038;FBovespa inicia as opera\u00e7\u00f5es do segmento Bovespa Mais N\u00edvel 2"}]},{"@type":"WebSite","@id":"https:\/\/moreiramenezes.com.br\/#website","url":"https:\/\/moreiramenezes.com.br\/","name":"Moreira Menezes Martins","description":"Moreira Menezes Martins - Advogados","potentialAction":[{"@type":"SearchAction","target":{"@type":"EntryPoint","urlTemplate":"https:\/\/moreiramenezes.com.br\/?s={search_term_string}"},"query-input":{"@type":"PropertyValueSpecification","valueRequired":true,"valueName":"search_term_string"}}],"inLanguage":"en-US"},{"@type":"Person","@id":"https:\/\/moreiramenezes.com.br\/#\/schema\/person\/d525376b6c67f0d68e4dfc4475c65d78","name":"mmm","image":{"@type":"ImageObject","inLanguage":"en-US","@id":"https:\/\/moreiramenezes.com.br\/#\/schema\/person\/image\/","url":"https:\/\/secure.gravatar.com\/avatar\/b16ca84b829f7fb3fcc92f2393d367798a989833972255f9a2b76b056e135746?s=96&d=mm&r=g","contentUrl":"https:\/\/secure.gravatar.com\/avatar\/b16ca84b829f7fb3fcc92f2393d367798a989833972255f9a2b76b056e135746?s=96&d=mm&r=g","caption":"mmm"},"sameAs":["https:\/\/moreiramenezes.com"],"url":"https:\/\/moreiramenezes.com.br\/en\/author\/mmm\/"}]}},"_links":{"self":[{"href":"https:\/\/moreiramenezes.com.br\/en\/wp-json\/wp\/v2\/posts\/1564","targetHints":{"allow":["GET"]}}],"collection":[{"href":"https:\/\/moreiramenezes.com.br\/en\/wp-json\/wp\/v2\/posts"}],"about":[{"href":"https:\/\/moreiramenezes.com.br\/en\/wp-json\/wp\/v2\/types\/post"}],"author":[{"embeddable":true,"href":"https:\/\/moreiramenezes.com.br\/en\/wp-json\/wp\/v2\/users\/1"}],"replies":[{"embeddable":true,"href":"https:\/\/moreiramenezes.com.br\/en\/wp-json\/wp\/v2\/comments?post=1564"}],"version-history":[{"count":0,"href":"https:\/\/moreiramenezes.com.br\/en\/wp-json\/wp\/v2\/posts\/1564\/revisions"}],"wp:attachment":[{"href":"https:\/\/moreiramenezes.com.br\/en\/wp-json\/wp\/v2\/media?parent=1564"}],"wp:term":[{"taxonomy":"category","embeddable":true,"href":"https:\/\/moreiramenezes.com.br\/en\/wp-json\/wp\/v2\/categories?post=1564"},{"taxonomy":"post_tag","embeddable":true,"href":"https:\/\/moreiramenezes.com.br\/en\/wp-json\/wp\/v2\/tags?post=1564"}],"curies":[{"name":"wp","href":"https:\/\/api.w.org\/{rel}","templated":true}]}}