{"id":1543,"date":"2020-04-01T16:57:16","date_gmt":"2020-04-01T19:57:16","guid":{"rendered":"http:\/\/www.moreiramenezes.com.br\/?post_type=publicacoes&amp;p=1543"},"modified":"2020-04-01T16:57:16","modified_gmt":"2020-04-01T19:57:16","slug":"comunicado-extraordinario-impactos-juridicos-da-pandemia-de-covid-19-no-brasil-2","status":"publish","type":"post","link":"https:\/\/moreiramenezes.com.br\/en\/comunicado-extraordinario-impactos-juridicos-da-pandemia-de-covid-19-no-brasil-2\/","title":{"rendered":"COMUNICADO EXTRAORDIN\u00c1RIO | Impactos Jur\u00eddicos da Pandemia de COVID-19 no Brasil"},"content":{"rendered":"<p>\u00d3rg\u00e3os dos Poderes Executivo, Legislativo e Judici\u00e1rio v\u00eam implementando medidas de forma a prevenir o cont\u00e1gio e a propaga\u00e7\u00e3o da COVID-19, caracterizada como pandemia pela Organiza\u00e7\u00e3o Mundial de Sa\u00fade \u2013 OMS.<\/p>\n<p>O presente comunicado extraordin\u00e1rio tem por finalidade atualizar os clientes do Escrit\u00f3rio acerca das principais medidas e altera\u00e7\u00f5es realizadas entre 23.03.2020 (data do envio do \u00faltimo comunicado que consolidou os atos jur\u00eddicos editados em raz\u00e3o da referida pandemia) e a presente data.<\/p>\n<p>Confira na \u00edntegra\u00a0clicando <a href=\"https:\/\/moreiramenezes.com.br\/wp-content\/uploads\/2020\/04\/2020_04_01-Moreira-Menezes-Comunicado-Extraordin\u00e1rio.pdf\" target=\"_blank\" rel=\"noopener noreferrer\"><strong>aqui<\/strong><\/a>.<\/p>","protected":false},"excerpt":{"rendered":"<p>\u00d3rg\u00e3os dos Poderes Executivo, Legislativo e Judici\u00e1rio v\u00eam implementando medidas de forma a prevenir o cont\u00e1gio e a propaga\u00e7\u00e3o da COVID-19, caracterizada como pandemia pela Organiza\u00e7\u00e3o Mundial de Sa\u00fade \u2013 OMS. O presente comunicado extraordin\u00e1rio tem por finalidade atualizar os clientes do Escrit\u00f3rio acerca das principais medidas e altera\u00e7\u00f5es realizadas entre 23.03.2020 (data do envio [&hellip;]<\/p>","protected":false},"author":1,"featured_media":0,"comment_status":"closed","ping_status":"closed","sticky":false,"template":"","format":"standard","meta":{"footnotes":""},"categories":[5],"tags":[],"class_list":["post-1543","post","type-post","status-publish","format-standard","hentry","category-noticias"],"yoast_head":"<!-- This site is optimized with the Yoast SEO plugin v26.9 - https:\/\/yoast.com\/product\/yoast-seo-wordpress\/ -->\n<title>COMUNICADO EXTRAORDIN\u00c1RIO | Impactos Jur\u00eddicos da Pandemia de COVID-19 no Brasil - Moreira Menezes Martins<\/title>\n<meta name=\"robots\" content=\"index, follow, max-snippet:-1, max-image-preview:large, max-video-preview:-1\" \/>\n<link rel=\"canonical\" href=\"https:\/\/moreiramenezes.com.br\/en\/comunicado-extraordinario-impactos-juridicos-da-pandemia-de-covid-19-no-brasil-2\/\" \/>\n<meta property=\"og:locale\" content=\"en_US\" \/>\n<meta property=\"og:type\" content=\"article\" \/>\n<meta property=\"og:title\" content=\"COMUNICADO EXTRAORDIN\u00c1RIO | Impactos Jur\u00eddicos da Pandemia de COVID-19 no Brasil - Moreira Menezes Martins\" \/>\n<meta property=\"og:description\" content=\"\u00d3rg\u00e3os dos Poderes Executivo, Legislativo e Judici\u00e1rio v\u00eam implementando medidas de forma a prevenir o cont\u00e1gio e a propaga\u00e7\u00e3o da COVID-19, caracterizada como pandemia pela Organiza\u00e7\u00e3o Mundial de Sa\u00fade \u2013 OMS. O presente comunicado extraordin\u00e1rio tem por finalidade atualizar os clientes do Escrit\u00f3rio acerca das principais medidas e altera\u00e7\u00f5es realizadas entre 23.03.2020 (data do envio [&hellip;]\" \/>\n<meta property=\"og:url\" content=\"https:\/\/moreiramenezes.com.br\/en\/comunicado-extraordinario-impactos-juridicos-da-pandemia-de-covid-19-no-brasil-2\/\" \/>\n<meta property=\"og:site_name\" content=\"Moreira Menezes Martins\" \/>\n<meta property=\"article:published_time\" content=\"2020-04-01T19:57:16+00:00\" \/>\n<meta name=\"author\" content=\"mmm\" \/>\n<meta name=\"twitter:card\" content=\"summary_large_image\" \/>\n<meta name=\"twitter:label1\" content=\"Written by\" \/>\n\t<meta name=\"twitter:data1\" content=\"mmm\" \/>\n<script type=\"application\/ld+json\" class=\"yoast-schema-graph\">{\"@context\":\"https:\/\/schema.org\",\"@graph\":[{\"@type\":\"Article\",\"@id\":\"https:\/\/moreiramenezes.com.br\/comunicado-extraordinario-impactos-juridicos-da-pandemia-de-covid-19-no-brasil-2\/#article\",\"isPartOf\":{\"@id\":\"https:\/\/moreiramenezes.com.br\/comunicado-extraordinario-impactos-juridicos-da-pandemia-de-covid-19-no-brasil-2\/\"},\"author\":{\"name\":\"mmm\",\"@id\":\"https:\/\/moreiramenezes.com.br\/#\/schema\/person\/d525376b6c67f0d68e4dfc4475c65d78\"},\"headline\":\"COMUNICADO EXTRAORDIN\u00c1RIO | Impactos Jur\u00eddicos da Pandemia de COVID-19 no Brasil\",\"datePublished\":\"2020-04-01T19:57:16+00:00\",\"mainEntityOfPage\":{\"@id\":\"https:\/\/moreiramenezes.com.br\/comunicado-extraordinario-impactos-juridicos-da-pandemia-de-covid-19-no-brasil-2\/\"},\"wordCount\":100,\"articleSection\":[\"Not\u00edcias\"],\"inLanguage\":\"en-US\"},{\"@type\":\"WebPage\",\"@id\":\"https:\/\/moreiramenezes.com.br\/comunicado-extraordinario-impactos-juridicos-da-pandemia-de-covid-19-no-brasil-2\/\",\"url\":\"https:\/\/moreiramenezes.com.br\/comunicado-extraordinario-impactos-juridicos-da-pandemia-de-covid-19-no-brasil-2\/\",\"name\":\"COMUNICADO EXTRAORDIN\u00c1RIO | Impactos Jur\u00eddicos da Pandemia de COVID-19 no Brasil - Moreira Menezes Martins\",\"isPartOf\":{\"@id\":\"https:\/\/moreiramenezes.com.br\/#website\"},\"datePublished\":\"2020-04-01T19:57:16+00:00\",\"author\":{\"@id\":\"https:\/\/moreiramenezes.com.br\/#\/schema\/person\/d525376b6c67f0d68e4dfc4475c65d78\"},\"breadcrumb\":{\"@id\":\"https:\/\/moreiramenezes.com.br\/comunicado-extraordinario-impactos-juridicos-da-pandemia-de-covid-19-no-brasil-2\/#breadcrumb\"},\"inLanguage\":\"en-US\",\"potentialAction\":[{\"@type\":\"ReadAction\",\"target\":[\"https:\/\/moreiramenezes.com.br\/comunicado-extraordinario-impactos-juridicos-da-pandemia-de-covid-19-no-brasil-2\/\"]}]},{\"@type\":\"BreadcrumbList\",\"@id\":\"https:\/\/moreiramenezes.com.br\/comunicado-extraordinario-impactos-juridicos-da-pandemia-de-covid-19-no-brasil-2\/#breadcrumb\",\"itemListElement\":[{\"@type\":\"ListItem\",\"position\":1,\"name\":\"In\u00edcio\",\"item\":\"https:\/\/moreiramenezes.com.br\/\"},{\"@type\":\"ListItem\",\"position\":2,\"name\":\"Not\u00edcias\",\"item\":\"https:\/\/moreiramenezes.com.br\/categorias\/noticias\/\"},{\"@type\":\"ListItem\",\"position\":3,\"name\":\"COMUNICADO EXTRAORDIN\u00c1RIO | Impactos Jur\u00eddicos da Pandemia de COVID-19 no Brasil\"}]},{\"@type\":\"WebSite\",\"@id\":\"https:\/\/moreiramenezes.com.br\/#website\",\"url\":\"https:\/\/moreiramenezes.com.br\/\",\"name\":\"Moreira Menezes Martins\",\"description\":\"Moreira Menezes Martins - Advogados\",\"potentialAction\":[{\"@type\":\"SearchAction\",\"target\":{\"@type\":\"EntryPoint\",\"urlTemplate\":\"https:\/\/moreiramenezes.com.br\/?s={search_term_string}\"},\"query-input\":{\"@type\":\"PropertyValueSpecification\",\"valueRequired\":true,\"valueName\":\"search_term_string\"}}],\"inLanguage\":\"en-US\"},{\"@type\":\"Person\",\"@id\":\"https:\/\/moreiramenezes.com.br\/#\/schema\/person\/d525376b6c67f0d68e4dfc4475c65d78\",\"name\":\"mmm\",\"image\":{\"@type\":\"ImageObject\",\"inLanguage\":\"en-US\",\"@id\":\"https:\/\/moreiramenezes.com.br\/#\/schema\/person\/image\/\",\"url\":\"https:\/\/secure.gravatar.com\/avatar\/b16ca84b829f7fb3fcc92f2393d367798a989833972255f9a2b76b056e135746?s=96&d=mm&r=g\",\"contentUrl\":\"https:\/\/secure.gravatar.com\/avatar\/b16ca84b829f7fb3fcc92f2393d367798a989833972255f9a2b76b056e135746?s=96&d=mm&r=g\",\"caption\":\"mmm\"},\"sameAs\":[\"https:\/\/moreiramenezes.com\"],\"url\":\"https:\/\/moreiramenezes.com.br\/en\/author\/mmm\/\"}]}<\/script>\n<!-- \/ Yoast SEO plugin. -->","yoast_head_json":{"title":"COMUNICADO EXTRAORDIN\u00c1RIO | Impactos Jur\u00eddicos da Pandemia de COVID-19 no Brasil - Moreira Menezes Martins","robots":{"index":"index","follow":"follow","max-snippet":"max-snippet:-1","max-image-preview":"max-image-preview:large","max-video-preview":"max-video-preview:-1"},"canonical":"https:\/\/moreiramenezes.com.br\/en\/comunicado-extraordinario-impactos-juridicos-da-pandemia-de-covid-19-no-brasil-2\/","og_locale":"en_US","og_type":"article","og_title":"COMUNICADO EXTRAORDIN\u00c1RIO | Impactos Jur\u00eddicos da Pandemia de COVID-19 no Brasil - Moreira Menezes Martins","og_description":"\u00d3rg\u00e3os dos Poderes Executivo, Legislativo e Judici\u00e1rio v\u00eam implementando medidas de forma a prevenir o cont\u00e1gio e a propaga\u00e7\u00e3o da COVID-19, caracterizada como pandemia pela Organiza\u00e7\u00e3o Mundial de Sa\u00fade \u2013 OMS. O presente comunicado extraordin\u00e1rio tem por finalidade atualizar os clientes do Escrit\u00f3rio acerca das principais medidas e altera\u00e7\u00f5es realizadas entre 23.03.2020 (data do envio [&hellip;]","og_url":"https:\/\/moreiramenezes.com.br\/en\/comunicado-extraordinario-impactos-juridicos-da-pandemia-de-covid-19-no-brasil-2\/","og_site_name":"Moreira Menezes Martins","article_published_time":"2020-04-01T19:57:16+00:00","author":"mmm","twitter_card":"summary_large_image","twitter_misc":{"Written by":"mmm"},"schema":{"@context":"https:\/\/schema.org","@graph":[{"@type":"Article","@id":"https:\/\/moreiramenezes.com.br\/comunicado-extraordinario-impactos-juridicos-da-pandemia-de-covid-19-no-brasil-2\/#article","isPartOf":{"@id":"https:\/\/moreiramenezes.com.br\/comunicado-extraordinario-impactos-juridicos-da-pandemia-de-covid-19-no-brasil-2\/"},"author":{"name":"mmm","@id":"https:\/\/moreiramenezes.com.br\/#\/schema\/person\/d525376b6c67f0d68e4dfc4475c65d78"},"headline":"COMUNICADO EXTRAORDIN\u00c1RIO | Impactos Jur\u00eddicos da Pandemia de COVID-19 no Brasil","datePublished":"2020-04-01T19:57:16+00:00","mainEntityOfPage":{"@id":"https:\/\/moreiramenezes.com.br\/comunicado-extraordinario-impactos-juridicos-da-pandemia-de-covid-19-no-brasil-2\/"},"wordCount":100,"articleSection":["Not\u00edcias"],"inLanguage":"en-US"},{"@type":"WebPage","@id":"https:\/\/moreiramenezes.com.br\/comunicado-extraordinario-impactos-juridicos-da-pandemia-de-covid-19-no-brasil-2\/","url":"https:\/\/moreiramenezes.com.br\/comunicado-extraordinario-impactos-juridicos-da-pandemia-de-covid-19-no-brasil-2\/","name":"COMUNICADO EXTRAORDIN\u00c1RIO | Impactos Jur\u00eddicos da Pandemia de COVID-19 no Brasil - Moreira Menezes Martins","isPartOf":{"@id":"https:\/\/moreiramenezes.com.br\/#website"},"datePublished":"2020-04-01T19:57:16+00:00","author":{"@id":"https:\/\/moreiramenezes.com.br\/#\/schema\/person\/d525376b6c67f0d68e4dfc4475c65d78"},"breadcrumb":{"@id":"https:\/\/moreiramenezes.com.br\/comunicado-extraordinario-impactos-juridicos-da-pandemia-de-covid-19-no-brasil-2\/#breadcrumb"},"inLanguage":"en-US","potentialAction":[{"@type":"ReadAction","target":["https:\/\/moreiramenezes.com.br\/comunicado-extraordinario-impactos-juridicos-da-pandemia-de-covid-19-no-brasil-2\/"]}]},{"@type":"BreadcrumbList","@id":"https:\/\/moreiramenezes.com.br\/comunicado-extraordinario-impactos-juridicos-da-pandemia-de-covid-19-no-brasil-2\/#breadcrumb","itemListElement":[{"@type":"ListItem","position":1,"name":"In\u00edcio","item":"https:\/\/moreiramenezes.com.br\/"},{"@type":"ListItem","position":2,"name":"Not\u00edcias","item":"https:\/\/moreiramenezes.com.br\/categorias\/noticias\/"},{"@type":"ListItem","position":3,"name":"COMUNICADO EXTRAORDIN\u00c1RIO | Impactos Jur\u00eddicos da Pandemia de COVID-19 no Brasil"}]},{"@type":"WebSite","@id":"https:\/\/moreiramenezes.com.br\/#website","url":"https:\/\/moreiramenezes.com.br\/","name":"Moreira Menezes Martins","description":"Moreira Menezes Martins - Advogados","potentialAction":[{"@type":"SearchAction","target":{"@type":"EntryPoint","urlTemplate":"https:\/\/moreiramenezes.com.br\/?s={search_term_string}"},"query-input":{"@type":"PropertyValueSpecification","valueRequired":true,"valueName":"search_term_string"}}],"inLanguage":"en-US"},{"@type":"Person","@id":"https:\/\/moreiramenezes.com.br\/#\/schema\/person\/d525376b6c67f0d68e4dfc4475c65d78","name":"mmm","image":{"@type":"ImageObject","inLanguage":"en-US","@id":"https:\/\/moreiramenezes.com.br\/#\/schema\/person\/image\/","url":"https:\/\/secure.gravatar.com\/avatar\/b16ca84b829f7fb3fcc92f2393d367798a989833972255f9a2b76b056e135746?s=96&d=mm&r=g","contentUrl":"https:\/\/secure.gravatar.com\/avatar\/b16ca84b829f7fb3fcc92f2393d367798a989833972255f9a2b76b056e135746?s=96&d=mm&r=g","caption":"mmm"},"sameAs":["https:\/\/moreiramenezes.com"],"url":"https:\/\/moreiramenezes.com.br\/en\/author\/mmm\/"}]}},"_links":{"self":[{"href":"https:\/\/moreiramenezes.com.br\/en\/wp-json\/wp\/v2\/posts\/1543","targetHints":{"allow":["GET"]}}],"collection":[{"href":"https:\/\/moreiramenezes.com.br\/en\/wp-json\/wp\/v2\/posts"}],"about":[{"href":"https:\/\/moreiramenezes.com.br\/en\/wp-json\/wp\/v2\/types\/post"}],"author":[{"embeddable":true,"href":"https:\/\/moreiramenezes.com.br\/en\/wp-json\/wp\/v2\/users\/1"}],"replies":[{"embeddable":true,"href":"https:\/\/moreiramenezes.com.br\/en\/wp-json\/wp\/v2\/comments?post=1543"}],"version-history":[{"count":0,"href":"https:\/\/moreiramenezes.com.br\/en\/wp-json\/wp\/v2\/posts\/1543\/revisions"}],"wp:attachment":[{"href":"https:\/\/moreiramenezes.com.br\/en\/wp-json\/wp\/v2\/media?parent=1543"}],"wp:term":[{"taxonomy":"category","embeddable":true,"href":"https:\/\/moreiramenezes.com.br\/en\/wp-json\/wp\/v2\/categories?post=1543"},{"taxonomy":"post_tag","embeddable":true,"href":"https:\/\/moreiramenezes.com.br\/en\/wp-json\/wp\/v2\/tags?post=1543"}],"curies":[{"name":"wp","href":"https:\/\/api.w.org\/{rel}","templated":true}]}}