{"id":1510,"date":"2019-11-18T16:56:38","date_gmt":"2019-11-18T19:56:38","guid":{"rendered":"http:\/\/www.moreiramenezes.com.br\/?post_type=publicacoes&amp;p=1510"},"modified":"2019-11-18T16:56:38","modified_gmt":"2019-11-18T19:56:38","slug":"a-advogada-senior-isamara-campos-passa-a-integrar-a-equipe-de-moreira-menezes-martins-advogados","status":"publish","type":"post","link":"https:\/\/moreiramenezes.com.br\/en\/a-advogada-senior-isamara-campos-passa-a-integrar-a-equipe-de-moreira-menezes-martins-advogados\/","title":{"rendered":"A advogada s\u00eanior Isamara Campos passa a integrar a equipe de Moreira Menezes, Martins Advogados"},"content":{"rendered":"<p style=\"font-weight: 400;\"><em>Graduada em Direito pela Universidade Federal da\u00a0<\/em><em>Bahia, especialista em Direito Tribut\u00e1rio pelo Instituto Brasileiro de Estudos Tribut\u00e1rios \u2013 IBET e em Direito Empresarial pela Funda\u00e7\u00e3o Get\u00falio Vargas \u2013 FGV\/RJ, Isamara contribuir\u00e1 com sua experi\u00eancia e conhecimento nas \u00e1reas de Infraestrutura, Imobili\u00e1rio, Contratos, Societ\u00e1rio e Contencioso Estrat\u00e9gico.<\/em><\/p>\n<p style=\"font-weight: 400;\"><em>Com mais de treze anos de experi\u00eancia em direito empresarial, Isamara integrou, durante os \u00faltimos nove anos, o departamento jur\u00eddico de uma das\u00a0maiores companhias brasileiras da \u00e1rea de constru\u00e7\u00e3o civil e infraestrutura, tendo liderado negocia\u00e7\u00f5es de contratos empresariais sofisticados, participado da estrutura\u00e7\u00e3o de grandes projetos nas \u00e1reas de incorpora\u00e7\u00e3o imobili\u00e1ria e de infraestrutura, conduzido procedimentos arbitrais de alta complexidade, al\u00e9m de possuir forte atua\u00e7\u00e3o na advocacia preventiva.<\/em><\/p>","protected":false},"excerpt":{"rendered":"<p>Graduada em Direito pela Universidade Federal da\u00a0Bahia, especialista em Direito Tribut\u00e1rio pelo Instituto Brasileiro de Estudos Tribut\u00e1rios \u2013 IBET e em Direito Empresarial pela Funda\u00e7\u00e3o Get\u00falio Vargas \u2013 FGV\/RJ, Isamara contribuir\u00e1 com sua experi\u00eancia e conhecimento nas \u00e1reas de Infraestrutura, Imobili\u00e1rio, Contratos, Societ\u00e1rio e Contencioso Estrat\u00e9gico. Com mais de treze anos de experi\u00eancia em direito [&hellip;]<\/p>","protected":false},"author":1,"featured_media":0,"comment_status":"closed","ping_status":"closed","sticky":false,"template":"","format":"standard","meta":{"footnotes":""},"categories":[5],"tags":[],"class_list":["post-1510","post","type-post","status-publish","format-standard","hentry","category-noticias"],"yoast_head":"<!-- This site is optimized with the Yoast SEO plugin v26.9 - https:\/\/yoast.com\/product\/yoast-seo-wordpress\/ -->\n<title>A advogada s\u00eanior Isamara Campos passa a integrar a equipe de Moreira Menezes, Martins Advogados - Moreira Menezes Martins<\/title>\n<meta name=\"robots\" content=\"index, follow, max-snippet:-1, max-image-preview:large, max-video-preview:-1\" \/>\n<link rel=\"canonical\" href=\"https:\/\/moreiramenezes.com.br\/en\/a-advogada-senior-isamara-campos-passa-a-integrar-a-equipe-de-moreira-menezes-martins-advogados\/\" \/>\n<meta property=\"og:locale\" content=\"en_US\" \/>\n<meta property=\"og:type\" content=\"article\" \/>\n<meta property=\"og:title\" content=\"A advogada s\u00eanior Isamara Campos passa a integrar a equipe de Moreira Menezes, Martins Advogados - Moreira Menezes Martins\" \/>\n<meta property=\"og:description\" content=\"Graduada em Direito pela Universidade Federal da\u00a0Bahia, especialista em Direito Tribut\u00e1rio pelo Instituto Brasileiro de Estudos Tribut\u00e1rios \u2013 IBET e em Direito Empresarial pela Funda\u00e7\u00e3o Get\u00falio Vargas \u2013 FGV\/RJ, Isamara contribuir\u00e1 com sua experi\u00eancia e conhecimento nas \u00e1reas de Infraestrutura, Imobili\u00e1rio, Contratos, Societ\u00e1rio e Contencioso Estrat\u00e9gico. Com mais de treze anos de experi\u00eancia em direito [&hellip;]\" \/>\n<meta property=\"og:url\" content=\"https:\/\/moreiramenezes.com.br\/en\/a-advogada-senior-isamara-campos-passa-a-integrar-a-equipe-de-moreira-menezes-martins-advogados\/\" \/>\n<meta property=\"og:site_name\" content=\"Moreira Menezes Martins\" \/>\n<meta property=\"article:published_time\" content=\"2019-11-18T19:56:38+00:00\" \/>\n<meta name=\"author\" content=\"mmm\" \/>\n<meta name=\"twitter:card\" content=\"summary_large_image\" \/>\n<meta name=\"twitter:label1\" content=\"Written by\" \/>\n\t<meta name=\"twitter:data1\" content=\"mmm\" \/>\n\t<meta name=\"twitter:label2\" content=\"Est. reading time\" \/>\n\t<meta name=\"twitter:data2\" content=\"1 minute\" \/>\n<script type=\"application\/ld+json\" class=\"yoast-schema-graph\">{\"@context\":\"https:\/\/schema.org\",\"@graph\":[{\"@type\":\"Article\",\"@id\":\"https:\/\/moreiramenezes.com.br\/a-advogada-senior-isamara-campos-passa-a-integrar-a-equipe-de-moreira-menezes-martins-advogados\/#article\",\"isPartOf\":{\"@id\":\"https:\/\/moreiramenezes.com.br\/a-advogada-senior-isamara-campos-passa-a-integrar-a-equipe-de-moreira-menezes-martins-advogados\/\"},\"author\":{\"name\":\"mmm\",\"@id\":\"https:\/\/moreiramenezes.com.br\/#\/schema\/person\/d525376b6c67f0d68e4dfc4475c65d78\"},\"headline\":\"A advogada s\u00eanior Isamara Campos passa a integrar a equipe de Moreira Menezes, Martins Advogados\",\"datePublished\":\"2019-11-18T19:56:38+00:00\",\"mainEntityOfPage\":{\"@id\":\"https:\/\/moreiramenezes.com.br\/a-advogada-senior-isamara-campos-passa-a-integrar-a-equipe-de-moreira-menezes-martins-advogados\/\"},\"wordCount\":147,\"articleSection\":[\"Not\u00edcias\"],\"inLanguage\":\"en-US\"},{\"@type\":\"WebPage\",\"@id\":\"https:\/\/moreiramenezes.com.br\/a-advogada-senior-isamara-campos-passa-a-integrar-a-equipe-de-moreira-menezes-martins-advogados\/\",\"url\":\"https:\/\/moreiramenezes.com.br\/a-advogada-senior-isamara-campos-passa-a-integrar-a-equipe-de-moreira-menezes-martins-advogados\/\",\"name\":\"A advogada s\u00eanior Isamara Campos passa a integrar a equipe de Moreira Menezes, Martins Advogados - Moreira Menezes Martins\",\"isPartOf\":{\"@id\":\"https:\/\/moreiramenezes.com.br\/#website\"},\"datePublished\":\"2019-11-18T19:56:38+00:00\",\"author\":{\"@id\":\"https:\/\/moreiramenezes.com.br\/#\/schema\/person\/d525376b6c67f0d68e4dfc4475c65d78\"},\"breadcrumb\":{\"@id\":\"https:\/\/moreiramenezes.com.br\/a-advogada-senior-isamara-campos-passa-a-integrar-a-equipe-de-moreira-menezes-martins-advogados\/#breadcrumb\"},\"inLanguage\":\"en-US\",\"potentialAction\":[{\"@type\":\"ReadAction\",\"target\":[\"https:\/\/moreiramenezes.com.br\/a-advogada-senior-isamara-campos-passa-a-integrar-a-equipe-de-moreira-menezes-martins-advogados\/\"]}]},{\"@type\":\"BreadcrumbList\",\"@id\":\"https:\/\/moreiramenezes.com.br\/a-advogada-senior-isamara-campos-passa-a-integrar-a-equipe-de-moreira-menezes-martins-advogados\/#breadcrumb\",\"itemListElement\":[{\"@type\":\"ListItem\",\"position\":1,\"name\":\"In\u00edcio\",\"item\":\"https:\/\/moreiramenezes.com.br\/\"},{\"@type\":\"ListItem\",\"position\":2,\"name\":\"Not\u00edcias\",\"item\":\"https:\/\/moreiramenezes.com.br\/categorias\/noticias\/\"},{\"@type\":\"ListItem\",\"position\":3,\"name\":\"A advogada s\u00eanior Isamara Campos passa a integrar a equipe de Moreira Menezes, Martins Advogados\"}]},{\"@type\":\"WebSite\",\"@id\":\"https:\/\/moreiramenezes.com.br\/#website\",\"url\":\"https:\/\/moreiramenezes.com.br\/\",\"name\":\"Moreira Menezes Martins\",\"description\":\"Moreira Menezes Martins - Advogados\",\"potentialAction\":[{\"@type\":\"SearchAction\",\"target\":{\"@type\":\"EntryPoint\",\"urlTemplate\":\"https:\/\/moreiramenezes.com.br\/?s={search_term_string}\"},\"query-input\":{\"@type\":\"PropertyValueSpecification\",\"valueRequired\":true,\"valueName\":\"search_term_string\"}}],\"inLanguage\":\"en-US\"},{\"@type\":\"Person\",\"@id\":\"https:\/\/moreiramenezes.com.br\/#\/schema\/person\/d525376b6c67f0d68e4dfc4475c65d78\",\"name\":\"mmm\",\"image\":{\"@type\":\"ImageObject\",\"inLanguage\":\"en-US\",\"@id\":\"https:\/\/moreiramenezes.com.br\/#\/schema\/person\/image\/\",\"url\":\"https:\/\/secure.gravatar.com\/avatar\/b16ca84b829f7fb3fcc92f2393d367798a989833972255f9a2b76b056e135746?s=96&d=mm&r=g\",\"contentUrl\":\"https:\/\/secure.gravatar.com\/avatar\/b16ca84b829f7fb3fcc92f2393d367798a989833972255f9a2b76b056e135746?s=96&d=mm&r=g\",\"caption\":\"mmm\"},\"sameAs\":[\"https:\/\/moreiramenezes.com\"],\"url\":\"https:\/\/moreiramenezes.com.br\/en\/author\/mmm\/\"}]}<\/script>\n<!-- \/ Yoast SEO plugin. -->","yoast_head_json":{"title":"A advogada s\u00eanior Isamara Campos passa a integrar a equipe de Moreira Menezes, Martins Advogados - Moreira Menezes Martins","robots":{"index":"index","follow":"follow","max-snippet":"max-snippet:-1","max-image-preview":"max-image-preview:large","max-video-preview":"max-video-preview:-1"},"canonical":"https:\/\/moreiramenezes.com.br\/en\/a-advogada-senior-isamara-campos-passa-a-integrar-a-equipe-de-moreira-menezes-martins-advogados\/","og_locale":"en_US","og_type":"article","og_title":"A advogada s\u00eanior Isamara Campos passa a integrar a equipe de Moreira Menezes, Martins Advogados - Moreira Menezes Martins","og_description":"Graduada em Direito pela Universidade Federal da\u00a0Bahia, especialista em Direito Tribut\u00e1rio pelo Instituto Brasileiro de Estudos Tribut\u00e1rios \u2013 IBET e em Direito Empresarial pela Funda\u00e7\u00e3o Get\u00falio Vargas \u2013 FGV\/RJ, Isamara contribuir\u00e1 com sua experi\u00eancia e conhecimento nas \u00e1reas de Infraestrutura, Imobili\u00e1rio, Contratos, Societ\u00e1rio e Contencioso Estrat\u00e9gico. Com mais de treze anos de experi\u00eancia em direito [&hellip;]","og_url":"https:\/\/moreiramenezes.com.br\/en\/a-advogada-senior-isamara-campos-passa-a-integrar-a-equipe-de-moreira-menezes-martins-advogados\/","og_site_name":"Moreira Menezes Martins","article_published_time":"2019-11-18T19:56:38+00:00","author":"mmm","twitter_card":"summary_large_image","twitter_misc":{"Written by":"mmm","Est. reading time":"1 minute"},"schema":{"@context":"https:\/\/schema.org","@graph":[{"@type":"Article","@id":"https:\/\/moreiramenezes.com.br\/a-advogada-senior-isamara-campos-passa-a-integrar-a-equipe-de-moreira-menezes-martins-advogados\/#article","isPartOf":{"@id":"https:\/\/moreiramenezes.com.br\/a-advogada-senior-isamara-campos-passa-a-integrar-a-equipe-de-moreira-menezes-martins-advogados\/"},"author":{"name":"mmm","@id":"https:\/\/moreiramenezes.com.br\/#\/schema\/person\/d525376b6c67f0d68e4dfc4475c65d78"},"headline":"A advogada s\u00eanior Isamara Campos passa a integrar a equipe de Moreira Menezes, Martins Advogados","datePublished":"2019-11-18T19:56:38+00:00","mainEntityOfPage":{"@id":"https:\/\/moreiramenezes.com.br\/a-advogada-senior-isamara-campos-passa-a-integrar-a-equipe-de-moreira-menezes-martins-advogados\/"},"wordCount":147,"articleSection":["Not\u00edcias"],"inLanguage":"en-US"},{"@type":"WebPage","@id":"https:\/\/moreiramenezes.com.br\/a-advogada-senior-isamara-campos-passa-a-integrar-a-equipe-de-moreira-menezes-martins-advogados\/","url":"https:\/\/moreiramenezes.com.br\/a-advogada-senior-isamara-campos-passa-a-integrar-a-equipe-de-moreira-menezes-martins-advogados\/","name":"A advogada s\u00eanior Isamara Campos passa a integrar a equipe de Moreira Menezes, Martins Advogados - Moreira Menezes Martins","isPartOf":{"@id":"https:\/\/moreiramenezes.com.br\/#website"},"datePublished":"2019-11-18T19:56:38+00:00","author":{"@id":"https:\/\/moreiramenezes.com.br\/#\/schema\/person\/d525376b6c67f0d68e4dfc4475c65d78"},"breadcrumb":{"@id":"https:\/\/moreiramenezes.com.br\/a-advogada-senior-isamara-campos-passa-a-integrar-a-equipe-de-moreira-menezes-martins-advogados\/#breadcrumb"},"inLanguage":"en-US","potentialAction":[{"@type":"ReadAction","target":["https:\/\/moreiramenezes.com.br\/a-advogada-senior-isamara-campos-passa-a-integrar-a-equipe-de-moreira-menezes-martins-advogados\/"]}]},{"@type":"BreadcrumbList","@id":"https:\/\/moreiramenezes.com.br\/a-advogada-senior-isamara-campos-passa-a-integrar-a-equipe-de-moreira-menezes-martins-advogados\/#breadcrumb","itemListElement":[{"@type":"ListItem","position":1,"name":"In\u00edcio","item":"https:\/\/moreiramenezes.com.br\/"},{"@type":"ListItem","position":2,"name":"Not\u00edcias","item":"https:\/\/moreiramenezes.com.br\/categorias\/noticias\/"},{"@type":"ListItem","position":3,"name":"A advogada s\u00eanior Isamara Campos passa a integrar a equipe de Moreira Menezes, Martins Advogados"}]},{"@type":"WebSite","@id":"https:\/\/moreiramenezes.com.br\/#website","url":"https:\/\/moreiramenezes.com.br\/","name":"Moreira Menezes Martins","description":"Moreira Menezes Martins - Advogados","potentialAction":[{"@type":"SearchAction","target":{"@type":"EntryPoint","urlTemplate":"https:\/\/moreiramenezes.com.br\/?s={search_term_string}"},"query-input":{"@type":"PropertyValueSpecification","valueRequired":true,"valueName":"search_term_string"}}],"inLanguage":"en-US"},{"@type":"Person","@id":"https:\/\/moreiramenezes.com.br\/#\/schema\/person\/d525376b6c67f0d68e4dfc4475c65d78","name":"mmm","image":{"@type":"ImageObject","inLanguage":"en-US","@id":"https:\/\/moreiramenezes.com.br\/#\/schema\/person\/image\/","url":"https:\/\/secure.gravatar.com\/avatar\/b16ca84b829f7fb3fcc92f2393d367798a989833972255f9a2b76b056e135746?s=96&d=mm&r=g","contentUrl":"https:\/\/secure.gravatar.com\/avatar\/b16ca84b829f7fb3fcc92f2393d367798a989833972255f9a2b76b056e135746?s=96&d=mm&r=g","caption":"mmm"},"sameAs":["https:\/\/moreiramenezes.com"],"url":"https:\/\/moreiramenezes.com.br\/en\/author\/mmm\/"}]}},"_links":{"self":[{"href":"https:\/\/moreiramenezes.com.br\/en\/wp-json\/wp\/v2\/posts\/1510","targetHints":{"allow":["GET"]}}],"collection":[{"href":"https:\/\/moreiramenezes.com.br\/en\/wp-json\/wp\/v2\/posts"}],"about":[{"href":"https:\/\/moreiramenezes.com.br\/en\/wp-json\/wp\/v2\/types\/post"}],"author":[{"embeddable":true,"href":"https:\/\/moreiramenezes.com.br\/en\/wp-json\/wp\/v2\/users\/1"}],"replies":[{"embeddable":true,"href":"https:\/\/moreiramenezes.com.br\/en\/wp-json\/wp\/v2\/comments?post=1510"}],"version-history":[{"count":0,"href":"https:\/\/moreiramenezes.com.br\/en\/wp-json\/wp\/v2\/posts\/1510\/revisions"}],"wp:attachment":[{"href":"https:\/\/moreiramenezes.com.br\/en\/wp-json\/wp\/v2\/media?parent=1510"}],"wp:term":[{"taxonomy":"category","embeddable":true,"href":"https:\/\/moreiramenezes.com.br\/en\/wp-json\/wp\/v2\/categories?post=1510"},{"taxonomy":"post_tag","embeddable":true,"href":"https:\/\/moreiramenezes.com.br\/en\/wp-json\/wp\/v2\/tags?post=1510"}],"curies":[{"name":"wp","href":"https:\/\/api.w.org\/{rel}","templated":true}]}}