{"id":1329,"date":"2018-10-25T15:25:07","date_gmt":"2018-10-25T18:25:07","guid":{"rendered":"http:\/\/www.moreiramenezes.com.br\/?post_type=publicacoes&amp;p=1329"},"modified":"2018-10-25T15:25:07","modified_gmt":"2018-10-25T18:25:07","slug":"comissao-organizadora-do-congresso-brasileiro-de-direito-comercial-reune-se-com-o-presidente-do-tribunal-de-justica-de-sao-paulo","status":"publish","type":"post","link":"https:\/\/moreiramenezes.com.br\/en\/comissao-organizadora-do-congresso-brasileiro-de-direito-comercial-reune-se-com-o-presidente-do-tribunal-de-justica-de-sao-paulo\/","title":{"rendered":"Comiss\u00e3o Organizadora do Congresso Brasileiro de Direito Comercial re\u00fane-se com o Presidente do Tribunal de Justi\u00e7a de S\u00e3o Paulo"},"content":{"rendered":"<p><a href=\"https:\/\/moreiramenezes.com.br\/wp-content\/uploads\/2018\/10\/Congresso-TJSP.jpeg\"><img fetchpriority=\"high\" decoding=\"async\" class=\"aligncenter wp-image-1330 size-full\" src=\"https:\/\/moreiramenezes.com.br\/wp-content\/uploads\/2018\/10\/Congresso-TJSP.jpeg\" alt=\"\" width=\"1280\" height=\"622\" \/><\/a><\/p>\n<p>A Comiss\u00e3o Organizadora do Congresso Brasileiro de Direito Comercial reuniu-se em 24 de outubro, no Pal\u00e1cio da Justi\u00e7a de S\u00e3o Paulo, com o Desembargador Manoel de Queiroz Pereira Cal\u00e7as, Presidente do Tribunal de Justi\u00e7a do Estado de S\u00e3o Paulo e Professor de Direito Comercial da Universidade de S\u00e3o Paulo. Estiveram presentes o s\u00f3cio do escrit\u00f3rio e Professor Titular da UERJ, Mauricio Moreira Menezes, al\u00e9m dos professores Fabio Ulhoa Coelho (PUC-SP), Sergio Campinho (UERJ) e Rodrigo Castro (Mackenzie-IDSA).<\/p>\n<p>O objetivo da reuni\u00e3o foi formalizar convite ao Des. Pereira Cal\u00e7as para participar, como comercialista homenageado, do IX Congresso Brasileiro de Direito Comercial, a ser realizado nos dias 16 e 17 de maio de 2019. Al\u00e9m de magistrado, o Des. Pereira Cal\u00e7as vem prestando relevantes servi\u00e7os \u00e0 academia, o que inclui a not\u00e1vel qualidade de sua produ\u00e7\u00e3o intelectual e o empenho institucional para a cria\u00e7\u00e3o das varas empresariais em S\u00e3o Paulo, em resposta \u00e0 reivindica\u00e7\u00e3o de empres\u00e1rios e da advocacia especializada, manifestada em edi\u00e7\u00f5es passadas do Congresso Brasileiro de Direito Comercial.<\/p>\n<p>No rol dos comercialistas homenageados encontram-se profissionais e acad\u00eamicos que contribu\u00edram para o desenvolvimento da ci\u00eancia, dentre os quais o Ministro Jo\u00e3o Ot\u00e1vio de Noronha (atual Presidente do Superior Tribunal de Justi\u00e7a), Ministro Luis Felipe Salom\u00e3o (STJ), Fabio Konder Comparato e Modesto Carvalhosa.<\/p>\n<p>Confira no link adiante a not\u00edcia divulgada no site do TJSP: <a href=\"http:\/\/www.tjsp.jus.br\/Noticias\/Noticia?codigoNoticia=53858\" target=\"_blank\" rel=\"noopener noreferrer\" data-saferedirecturl=\"https:\/\/www.google.com\/url?q=http:\/\/www.tjsp.jus.br\/Noticias\/Noticia?codigoNoticia%3D53858&amp;source=gmail&amp;ust=1540574391001000&amp;usg=AFQjCNHqOE-22i-2FU8uXwf9ySBgtSK-tg\">http:\/\/www.tjsp.jus.br\/<wbr \/>Noticias\/Noticia?<wbr \/>codigoNoticia=53858<\/a>, bem como o link do site do Congresso (<a href=\"https:\/\/www.congressodireitocomercial.org.br\/site\/\" target=\"_blank\" rel=\"noopener noreferrer\" data-saferedirecturl=\"https:\/\/www.google.com\/url?q=https:\/\/www.congressodireitocomercial.org.br\/site\/&amp;source=gmail&amp;ust=1540574391001000&amp;usg=AFQjCNFIcOtV7eVnp-vX9IxyhtSw9A5IkQ\">https:\/\/www.<wbr \/>congressodireitocomercial.org.<wbr \/>br\/site\/<\/a>).<\/p>","protected":false},"excerpt":{"rendered":"<p>A Comiss\u00e3o Organizadora do Congresso Brasileiro de Direito Comercial reuniu-se em 24 de outubro, no Pal\u00e1cio da Justi\u00e7a de S\u00e3o Paulo, com o Desembargador Manoel de Queiroz Pereira Cal\u00e7as, Presidente do Tribunal de Justi\u00e7a do Estado de S\u00e3o Paulo e Professor de Direito Comercial da Universidade de S\u00e3o Paulo. Estiveram presentes o s\u00f3cio do escrit\u00f3rio [&hellip;]<\/p>","protected":false},"author":1,"featured_media":0,"comment_status":"closed","ping_status":"closed","sticky":false,"template":"","format":"standard","meta":{"footnotes":""},"categories":[5],"tags":[],"class_list":["post-1329","post","type-post","status-publish","format-standard","hentry","category-noticias"],"yoast_head":"<!-- This site is optimized with the Yoast SEO plugin v26.9 - https:\/\/yoast.com\/product\/yoast-seo-wordpress\/ -->\n<title>Comiss\u00e3o Organizadora do Congresso Brasileiro de Direito Comercial re\u00fane-se com o Presidente do Tribunal de Justi\u00e7a de S\u00e3o Paulo - Moreira Menezes Martins<\/title>\n<meta name=\"robots\" content=\"index, follow, max-snippet:-1, max-image-preview:large, max-video-preview:-1\" \/>\n<link rel=\"canonical\" href=\"https:\/\/moreiramenezes.com.br\/en\/comissao-organizadora-do-congresso-brasileiro-de-direito-comercial-reune-se-com-o-presidente-do-tribunal-de-justica-de-sao-paulo\/\" \/>\n<meta property=\"og:locale\" content=\"en_US\" \/>\n<meta property=\"og:type\" content=\"article\" \/>\n<meta property=\"og:title\" content=\"Comiss\u00e3o Organizadora do Congresso Brasileiro de Direito Comercial re\u00fane-se com o Presidente do Tribunal de Justi\u00e7a de S\u00e3o Paulo - Moreira Menezes Martins\" \/>\n<meta property=\"og:description\" content=\"A Comiss\u00e3o Organizadora do Congresso Brasileiro de Direito Comercial reuniu-se em 24 de outubro, no Pal\u00e1cio da Justi\u00e7a de S\u00e3o Paulo, com o Desembargador Manoel de Queiroz Pereira Cal\u00e7as, Presidente do Tribunal de Justi\u00e7a do Estado de S\u00e3o Paulo e Professor de Direito Comercial da Universidade de S\u00e3o Paulo. Estiveram presentes o s\u00f3cio do escrit\u00f3rio [&hellip;]\" \/>\n<meta property=\"og:url\" content=\"https:\/\/moreiramenezes.com.br\/en\/comissao-organizadora-do-congresso-brasileiro-de-direito-comercial-reune-se-com-o-presidente-do-tribunal-de-justica-de-sao-paulo\/\" \/>\n<meta property=\"og:site_name\" content=\"Moreira Menezes Martins\" \/>\n<meta property=\"article:published_time\" content=\"2018-10-25T18:25:07+00:00\" \/>\n<meta property=\"og:image\" content=\"https:\/\/moreiramenezes.com.br\/wp-content\/uploads\/2018\/10\/Congresso-TJSP.jpeg\" \/>\n<meta name=\"author\" content=\"mmm\" \/>\n<meta name=\"twitter:card\" content=\"summary_large_image\" \/>\n<meta name=\"twitter:label1\" content=\"Written by\" \/>\n\t<meta name=\"twitter:data1\" content=\"mmm\" \/>\n\t<meta name=\"twitter:label2\" content=\"Est. reading time\" \/>\n\t<meta name=\"twitter:data2\" content=\"1 minute\" \/>\n<script type=\"application\/ld+json\" class=\"yoast-schema-graph\">{\"@context\":\"https:\/\/schema.org\",\"@graph\":[{\"@type\":\"Article\",\"@id\":\"https:\/\/moreiramenezes.com.br\/comissao-organizadora-do-congresso-brasileiro-de-direito-comercial-reune-se-com-o-presidente-do-tribunal-de-justica-de-sao-paulo\/#article\",\"isPartOf\":{\"@id\":\"https:\/\/moreiramenezes.com.br\/comissao-organizadora-do-congresso-brasileiro-de-direito-comercial-reune-se-com-o-presidente-do-tribunal-de-justica-de-sao-paulo\/\"},\"author\":{\"name\":\"mmm\",\"@id\":\"https:\/\/moreiramenezes.com.br\/#\/schema\/person\/d525376b6c67f0d68e4dfc4475c65d78\"},\"headline\":\"Comiss\u00e3o Organizadora do Congresso Brasileiro de Direito Comercial re\u00fane-se com o Presidente do Tribunal de Justi\u00e7a de S\u00e3o Paulo\",\"datePublished\":\"2018-10-25T18:25:07+00:00\",\"mainEntityOfPage\":{\"@id\":\"https:\/\/moreiramenezes.com.br\/comissao-organizadora-do-congresso-brasileiro-de-direito-comercial-reune-se-com-o-presidente-do-tribunal-de-justica-de-sao-paulo\/\"},\"wordCount\":292,\"image\":{\"@id\":\"https:\/\/moreiramenezes.com.br\/comissao-organizadora-do-congresso-brasileiro-de-direito-comercial-reune-se-com-o-presidente-do-tribunal-de-justica-de-sao-paulo\/#primaryimage\"},\"thumbnailUrl\":\"https:\/\/moreiramenezes.com.br\/wp-content\/uploads\/2018\/10\/Congresso-TJSP.jpeg\",\"articleSection\":[\"Not\u00edcias\"],\"inLanguage\":\"en-US\"},{\"@type\":\"WebPage\",\"@id\":\"https:\/\/moreiramenezes.com.br\/comissao-organizadora-do-congresso-brasileiro-de-direito-comercial-reune-se-com-o-presidente-do-tribunal-de-justica-de-sao-paulo\/\",\"url\":\"https:\/\/moreiramenezes.com.br\/comissao-organizadora-do-congresso-brasileiro-de-direito-comercial-reune-se-com-o-presidente-do-tribunal-de-justica-de-sao-paulo\/\",\"name\":\"Comiss\u00e3o Organizadora do Congresso Brasileiro de Direito Comercial re\u00fane-se com o Presidente do Tribunal de Justi\u00e7a de S\u00e3o Paulo - Moreira Menezes Martins\",\"isPartOf\":{\"@id\":\"https:\/\/moreiramenezes.com.br\/#website\"},\"primaryImageOfPage\":{\"@id\":\"https:\/\/moreiramenezes.com.br\/comissao-organizadora-do-congresso-brasileiro-de-direito-comercial-reune-se-com-o-presidente-do-tribunal-de-justica-de-sao-paulo\/#primaryimage\"},\"image\":{\"@id\":\"https:\/\/moreiramenezes.com.br\/comissao-organizadora-do-congresso-brasileiro-de-direito-comercial-reune-se-com-o-presidente-do-tribunal-de-justica-de-sao-paulo\/#primaryimage\"},\"thumbnailUrl\":\"https:\/\/moreiramenezes.com.br\/wp-content\/uploads\/2018\/10\/Congresso-TJSP.jpeg\",\"datePublished\":\"2018-10-25T18:25:07+00:00\",\"author\":{\"@id\":\"https:\/\/moreiramenezes.com.br\/#\/schema\/person\/d525376b6c67f0d68e4dfc4475c65d78\"},\"breadcrumb\":{\"@id\":\"https:\/\/moreiramenezes.com.br\/comissao-organizadora-do-congresso-brasileiro-de-direito-comercial-reune-se-com-o-presidente-do-tribunal-de-justica-de-sao-paulo\/#breadcrumb\"},\"inLanguage\":\"en-US\",\"potentialAction\":[{\"@type\":\"ReadAction\",\"target\":[\"https:\/\/moreiramenezes.com.br\/comissao-organizadora-do-congresso-brasileiro-de-direito-comercial-reune-se-com-o-presidente-do-tribunal-de-justica-de-sao-paulo\/\"]}]},{\"@type\":\"ImageObject\",\"inLanguage\":\"en-US\",\"@id\":\"https:\/\/moreiramenezes.com.br\/comissao-organizadora-do-congresso-brasileiro-de-direito-comercial-reune-se-com-o-presidente-do-tribunal-de-justica-de-sao-paulo\/#primaryimage\",\"url\":\"https:\/\/moreiramenezes.com.br\/wp-content\/uploads\/2018\/10\/Congresso-TJSP.jpeg\",\"contentUrl\":\"https:\/\/moreiramenezes.com.br\/wp-content\/uploads\/2018\/10\/Congresso-TJSP.jpeg\"},{\"@type\":\"BreadcrumbList\",\"@id\":\"https:\/\/moreiramenezes.com.br\/comissao-organizadora-do-congresso-brasileiro-de-direito-comercial-reune-se-com-o-presidente-do-tribunal-de-justica-de-sao-paulo\/#breadcrumb\",\"itemListElement\":[{\"@type\":\"ListItem\",\"position\":1,\"name\":\"In\u00edcio\",\"item\":\"https:\/\/moreiramenezes.com.br\/\"},{\"@type\":\"ListItem\",\"position\":2,\"name\":\"Not\u00edcias\",\"item\":\"https:\/\/moreiramenezes.com.br\/categorias\/noticias\/\"},{\"@type\":\"ListItem\",\"position\":3,\"name\":\"Comiss\u00e3o Organizadora do Congresso Brasileiro de Direito Comercial re\u00fane-se com o Presidente do Tribunal de Justi\u00e7a de S\u00e3o Paulo\"}]},{\"@type\":\"WebSite\",\"@id\":\"https:\/\/moreiramenezes.com.br\/#website\",\"url\":\"https:\/\/moreiramenezes.com.br\/\",\"name\":\"Moreira Menezes Martins\",\"description\":\"Moreira Menezes Martins - Advogados\",\"potentialAction\":[{\"@type\":\"SearchAction\",\"target\":{\"@type\":\"EntryPoint\",\"urlTemplate\":\"https:\/\/moreiramenezes.com.br\/?s={search_term_string}\"},\"query-input\":{\"@type\":\"PropertyValueSpecification\",\"valueRequired\":true,\"valueName\":\"search_term_string\"}}],\"inLanguage\":\"en-US\"},{\"@type\":\"Person\",\"@id\":\"https:\/\/moreiramenezes.com.br\/#\/schema\/person\/d525376b6c67f0d68e4dfc4475c65d78\",\"name\":\"mmm\",\"image\":{\"@type\":\"ImageObject\",\"inLanguage\":\"en-US\",\"@id\":\"https:\/\/moreiramenezes.com.br\/#\/schema\/person\/image\/\",\"url\":\"https:\/\/secure.gravatar.com\/avatar\/b16ca84b829f7fb3fcc92f2393d367798a989833972255f9a2b76b056e135746?s=96&d=mm&r=g\",\"contentUrl\":\"https:\/\/secure.gravatar.com\/avatar\/b16ca84b829f7fb3fcc92f2393d367798a989833972255f9a2b76b056e135746?s=96&d=mm&r=g\",\"caption\":\"mmm\"},\"sameAs\":[\"https:\/\/moreiramenezes.com\"],\"url\":\"https:\/\/moreiramenezes.com.br\/en\/author\/mmm\/\"}]}<\/script>\n<!-- \/ Yoast SEO plugin. -->","yoast_head_json":{"title":"Comiss\u00e3o Organizadora do Congresso Brasileiro de Direito Comercial re\u00fane-se com o Presidente do Tribunal de Justi\u00e7a de S\u00e3o Paulo - Moreira Menezes Martins","robots":{"index":"index","follow":"follow","max-snippet":"max-snippet:-1","max-image-preview":"max-image-preview:large","max-video-preview":"max-video-preview:-1"},"canonical":"https:\/\/moreiramenezes.com.br\/en\/comissao-organizadora-do-congresso-brasileiro-de-direito-comercial-reune-se-com-o-presidente-do-tribunal-de-justica-de-sao-paulo\/","og_locale":"en_US","og_type":"article","og_title":"Comiss\u00e3o Organizadora do Congresso Brasileiro de Direito Comercial re\u00fane-se com o Presidente do Tribunal de Justi\u00e7a de S\u00e3o Paulo - Moreira Menezes Martins","og_description":"A Comiss\u00e3o Organizadora do Congresso Brasileiro de Direito Comercial reuniu-se em 24 de outubro, no Pal\u00e1cio da Justi\u00e7a de S\u00e3o Paulo, com o Desembargador Manoel de Queiroz Pereira Cal\u00e7as, Presidente do Tribunal de Justi\u00e7a do Estado de S\u00e3o Paulo e Professor de Direito Comercial da Universidade de S\u00e3o Paulo. Estiveram presentes o s\u00f3cio do escrit\u00f3rio [&hellip;]","og_url":"https:\/\/moreiramenezes.com.br\/en\/comissao-organizadora-do-congresso-brasileiro-de-direito-comercial-reune-se-com-o-presidente-do-tribunal-de-justica-de-sao-paulo\/","og_site_name":"Moreira Menezes Martins","article_published_time":"2018-10-25T18:25:07+00:00","og_image":[{"url":"https:\/\/moreiramenezes.com.br\/wp-content\/uploads\/2018\/10\/Congresso-TJSP.jpeg","type":"","width":"","height":""}],"author":"mmm","twitter_card":"summary_large_image","twitter_misc":{"Written by":"mmm","Est. reading time":"1 minute"},"schema":{"@context":"https:\/\/schema.org","@graph":[{"@type":"Article","@id":"https:\/\/moreiramenezes.com.br\/comissao-organizadora-do-congresso-brasileiro-de-direito-comercial-reune-se-com-o-presidente-do-tribunal-de-justica-de-sao-paulo\/#article","isPartOf":{"@id":"https:\/\/moreiramenezes.com.br\/comissao-organizadora-do-congresso-brasileiro-de-direito-comercial-reune-se-com-o-presidente-do-tribunal-de-justica-de-sao-paulo\/"},"author":{"name":"mmm","@id":"https:\/\/moreiramenezes.com.br\/#\/schema\/person\/d525376b6c67f0d68e4dfc4475c65d78"},"headline":"Comiss\u00e3o Organizadora do Congresso Brasileiro de Direito Comercial re\u00fane-se com o Presidente do Tribunal de Justi\u00e7a de S\u00e3o Paulo","datePublished":"2018-10-25T18:25:07+00:00","mainEntityOfPage":{"@id":"https:\/\/moreiramenezes.com.br\/comissao-organizadora-do-congresso-brasileiro-de-direito-comercial-reune-se-com-o-presidente-do-tribunal-de-justica-de-sao-paulo\/"},"wordCount":292,"image":{"@id":"https:\/\/moreiramenezes.com.br\/comissao-organizadora-do-congresso-brasileiro-de-direito-comercial-reune-se-com-o-presidente-do-tribunal-de-justica-de-sao-paulo\/#primaryimage"},"thumbnailUrl":"https:\/\/moreiramenezes.com.br\/wp-content\/uploads\/2018\/10\/Congresso-TJSP.jpeg","articleSection":["Not\u00edcias"],"inLanguage":"en-US"},{"@type":"WebPage","@id":"https:\/\/moreiramenezes.com.br\/comissao-organizadora-do-congresso-brasileiro-de-direito-comercial-reune-se-com-o-presidente-do-tribunal-de-justica-de-sao-paulo\/","url":"https:\/\/moreiramenezes.com.br\/comissao-organizadora-do-congresso-brasileiro-de-direito-comercial-reune-se-com-o-presidente-do-tribunal-de-justica-de-sao-paulo\/","name":"Comiss\u00e3o Organizadora do Congresso Brasileiro de Direito Comercial re\u00fane-se com o Presidente do Tribunal de Justi\u00e7a de S\u00e3o Paulo - Moreira Menezes Martins","isPartOf":{"@id":"https:\/\/moreiramenezes.com.br\/#website"},"primaryImageOfPage":{"@id":"https:\/\/moreiramenezes.com.br\/comissao-organizadora-do-congresso-brasileiro-de-direito-comercial-reune-se-com-o-presidente-do-tribunal-de-justica-de-sao-paulo\/#primaryimage"},"image":{"@id":"https:\/\/moreiramenezes.com.br\/comissao-organizadora-do-congresso-brasileiro-de-direito-comercial-reune-se-com-o-presidente-do-tribunal-de-justica-de-sao-paulo\/#primaryimage"},"thumbnailUrl":"https:\/\/moreiramenezes.com.br\/wp-content\/uploads\/2018\/10\/Congresso-TJSP.jpeg","datePublished":"2018-10-25T18:25:07+00:00","author":{"@id":"https:\/\/moreiramenezes.com.br\/#\/schema\/person\/d525376b6c67f0d68e4dfc4475c65d78"},"breadcrumb":{"@id":"https:\/\/moreiramenezes.com.br\/comissao-organizadora-do-congresso-brasileiro-de-direito-comercial-reune-se-com-o-presidente-do-tribunal-de-justica-de-sao-paulo\/#breadcrumb"},"inLanguage":"en-US","potentialAction":[{"@type":"ReadAction","target":["https:\/\/moreiramenezes.com.br\/comissao-organizadora-do-congresso-brasileiro-de-direito-comercial-reune-se-com-o-presidente-do-tribunal-de-justica-de-sao-paulo\/"]}]},{"@type":"ImageObject","inLanguage":"en-US","@id":"https:\/\/moreiramenezes.com.br\/comissao-organizadora-do-congresso-brasileiro-de-direito-comercial-reune-se-com-o-presidente-do-tribunal-de-justica-de-sao-paulo\/#primaryimage","url":"https:\/\/moreiramenezes.com.br\/wp-content\/uploads\/2018\/10\/Congresso-TJSP.jpeg","contentUrl":"https:\/\/moreiramenezes.com.br\/wp-content\/uploads\/2018\/10\/Congresso-TJSP.jpeg"},{"@type":"BreadcrumbList","@id":"https:\/\/moreiramenezes.com.br\/comissao-organizadora-do-congresso-brasileiro-de-direito-comercial-reune-se-com-o-presidente-do-tribunal-de-justica-de-sao-paulo\/#breadcrumb","itemListElement":[{"@type":"ListItem","position":1,"name":"In\u00edcio","item":"https:\/\/moreiramenezes.com.br\/"},{"@type":"ListItem","position":2,"name":"Not\u00edcias","item":"https:\/\/moreiramenezes.com.br\/categorias\/noticias\/"},{"@type":"ListItem","position":3,"name":"Comiss\u00e3o Organizadora do Congresso Brasileiro de Direito Comercial re\u00fane-se com o Presidente do Tribunal de Justi\u00e7a de S\u00e3o Paulo"}]},{"@type":"WebSite","@id":"https:\/\/moreiramenezes.com.br\/#website","url":"https:\/\/moreiramenezes.com.br\/","name":"Moreira Menezes Martins","description":"Moreira Menezes Martins - Advogados","potentialAction":[{"@type":"SearchAction","target":{"@type":"EntryPoint","urlTemplate":"https:\/\/moreiramenezes.com.br\/?s={search_term_string}"},"query-input":{"@type":"PropertyValueSpecification","valueRequired":true,"valueName":"search_term_string"}}],"inLanguage":"en-US"},{"@type":"Person","@id":"https:\/\/moreiramenezes.com.br\/#\/schema\/person\/d525376b6c67f0d68e4dfc4475c65d78","name":"mmm","image":{"@type":"ImageObject","inLanguage":"en-US","@id":"https:\/\/moreiramenezes.com.br\/#\/schema\/person\/image\/","url":"https:\/\/secure.gravatar.com\/avatar\/b16ca84b829f7fb3fcc92f2393d367798a989833972255f9a2b76b056e135746?s=96&d=mm&r=g","contentUrl":"https:\/\/secure.gravatar.com\/avatar\/b16ca84b829f7fb3fcc92f2393d367798a989833972255f9a2b76b056e135746?s=96&d=mm&r=g","caption":"mmm"},"sameAs":["https:\/\/moreiramenezes.com"],"url":"https:\/\/moreiramenezes.com.br\/en\/author\/mmm\/"}]}},"_links":{"self":[{"href":"https:\/\/moreiramenezes.com.br\/en\/wp-json\/wp\/v2\/posts\/1329","targetHints":{"allow":["GET"]}}],"collection":[{"href":"https:\/\/moreiramenezes.com.br\/en\/wp-json\/wp\/v2\/posts"}],"about":[{"href":"https:\/\/moreiramenezes.com.br\/en\/wp-json\/wp\/v2\/types\/post"}],"author":[{"embeddable":true,"href":"https:\/\/moreiramenezes.com.br\/en\/wp-json\/wp\/v2\/users\/1"}],"replies":[{"embeddable":true,"href":"https:\/\/moreiramenezes.com.br\/en\/wp-json\/wp\/v2\/comments?post=1329"}],"version-history":[{"count":0,"href":"https:\/\/moreiramenezes.com.br\/en\/wp-json\/wp\/v2\/posts\/1329\/revisions"}],"wp:attachment":[{"href":"https:\/\/moreiramenezes.com.br\/en\/wp-json\/wp\/v2\/media?parent=1329"}],"wp:term":[{"taxonomy":"category","embeddable":true,"href":"https:\/\/moreiramenezes.com.br\/en\/wp-json\/wp\/v2\/categories?post=1329"},{"taxonomy":"post_tag","embeddable":true,"href":"https:\/\/moreiramenezes.com.br\/en\/wp-json\/wp\/v2\/tags?post=1329"}],"curies":[{"name":"wp","href":"https:\/\/api.w.org\/{rel}","templated":true}]}}