{"id":1320,"date":"2018-09-11T15:55:59","date_gmt":"2018-09-11T18:55:59","guid":{"rendered":"http:\/\/www.moreiramenezes.com.br\/?post_type=publicacoes&amp;p=1320"},"modified":"2018-09-11T15:55:59","modified_gmt":"2018-09-11T18:55:59","slug":"mauricio-menezes-participa-do-iv-seminario-de-direito-das-empresas-em-dificuldade","status":"publish","type":"post","link":"https:\/\/moreiramenezes.com.br\/en\/mauricio-menezes-participa-do-iv-seminario-de-direito-das-empresas-em-dificuldade\/","title":{"rendered":"Mauricio Menezes participa do &#8220;IV Semin\u00e1rio de direito das empresas em dificuldade&#8221;"},"content":{"rendered":"<p>&nbsp;<\/p>\n<p style=\"font-weight: 400;\"><a href=\"https:\/\/moreiramenezes.com.br\/wp-content\/uploads\/2018\/09\/41493061_1840047696115663_1890048372044201984_o.png\"><img fetchpriority=\"high\" decoding=\"async\" class=\"alignleft wp-image-1321 size-full\" src=\"https:\/\/moreiramenezes.com.br\/wp-content\/uploads\/2018\/09\/41493061_1840047696115663_1890048372044201984_o.png\" alt=\"\" width=\"1200\" height=\"1000\" \/><\/a>O s\u00f3cio Maur\u00edcio Menezes participar\u00e1, no dia 28 de setembro, do &#8220;IV Semin\u00e1rio de direito das empresas em dificuldade&#8221;, promovido pela Comiss\u00e3o Especial de Recupera\u00e7\u00e3o Judicial, Extrajudicial e Fal\u00eancia (CRJEF) &#8211; OAB\/RJ.<\/p>\n<p style=\"font-weight: 400;\">No semin\u00e1rio, o advogado ministrar\u00e1 a palestra \u201cIniciativa e delibera\u00e7\u00e3o pelo ingresso com a recupera\u00e7\u00e3o judicial\u201d. Outros nomes importantes do Direito tamb\u00e9m participar\u00e3o do evento, \u00a0como\u00a0os ministros Luis Felipe Salom\u00e3o, Jo\u00e3o Ot\u00e1vio de Noronha e Paulo de Tarso Sanseverino.<\/p>\n<p style=\"font-weight: 400;\"><a href=\"http:\/\/www.alfacredenciamento.com.br\/semina\u2026\/programacao.pdf.\" target=\"_blank\" rel=\"noopener noreferrer\">Veja a programa\u00e7\u00e3o completa<\/a><\/p>\n<p style=\"font-weight: 400;\">Inscri\u00e7\u00f5es pelo link:<\/p>\n<p style=\"font-weight: 400;\"><a href=\"http:\/\/www.alfacredenciamento.com.br\/seminario\" data-saferedirecturl=\"https:\/\/www.google.com\/url?q=http:\/\/www.alfacredenciamento.com.br\/seminario&amp;source=gmail&amp;ust=1538246349767000&amp;usg=AFQjCNE4LQLwUYDDuhHjEL0vEp8IHZ0EEg\">http:\/\/www.alfacredenciamento.com.br\/seminario<\/a>.<\/p>\n<p>&nbsp;<\/p>","protected":false},"excerpt":{"rendered":"<p>&nbsp; O s\u00f3cio Maur\u00edcio Menezes participar\u00e1, no dia 28 de setembro, do &#8220;IV Semin\u00e1rio de direito das empresas em dificuldade&#8221;, promovido pela Comiss\u00e3o Especial de Recupera\u00e7\u00e3o Judicial, Extrajudicial e Fal\u00eancia (CRJEF) &#8211; OAB\/RJ. No semin\u00e1rio, o advogado ministrar\u00e1 a palestra \u201cIniciativa e delibera\u00e7\u00e3o pelo ingresso com a recupera\u00e7\u00e3o judicial\u201d. Outros nomes importantes do Direito tamb\u00e9m [&hellip;]<\/p>","protected":false},"author":1,"featured_media":0,"comment_status":"closed","ping_status":"closed","sticky":false,"template":"","format":"standard","meta":{"footnotes":""},"categories":[5],"tags":[],"class_list":["post-1320","post","type-post","status-publish","format-standard","hentry","category-noticias"],"yoast_head":"<!-- This site is optimized with the Yoast SEO plugin v26.9 - https:\/\/yoast.com\/product\/yoast-seo-wordpress\/ -->\n<title>Mauricio Menezes participa do &quot;IV Semin\u00e1rio de direito das empresas em dificuldade&quot; - Moreira Menezes Martins<\/title>\n<meta name=\"robots\" content=\"index, follow, max-snippet:-1, max-image-preview:large, max-video-preview:-1\" \/>\n<link rel=\"canonical\" href=\"https:\/\/moreiramenezes.com.br\/en\/mauricio-menezes-participa-do-iv-seminario-de-direito-das-empresas-em-dificuldade\/\" \/>\n<meta property=\"og:locale\" content=\"en_US\" \/>\n<meta property=\"og:type\" content=\"article\" \/>\n<meta property=\"og:title\" content=\"Mauricio Menezes participa do &quot;IV Semin\u00e1rio de direito das empresas em dificuldade&quot; - Moreira Menezes Martins\" \/>\n<meta property=\"og:description\" content=\"&nbsp; O s\u00f3cio Maur\u00edcio Menezes participar\u00e1, no dia 28 de setembro, do &#8220;IV Semin\u00e1rio de direito das empresas em dificuldade&#8221;, promovido pela Comiss\u00e3o Especial de Recupera\u00e7\u00e3o Judicial, Extrajudicial e Fal\u00eancia (CRJEF) &#8211; OAB\/RJ. No semin\u00e1rio, o advogado ministrar\u00e1 a palestra \u201cIniciativa e delibera\u00e7\u00e3o pelo ingresso com a recupera\u00e7\u00e3o judicial\u201d. Outros nomes importantes do Direito tamb\u00e9m [&hellip;]\" \/>\n<meta property=\"og:url\" content=\"https:\/\/moreiramenezes.com.br\/en\/mauricio-menezes-participa-do-iv-seminario-de-direito-das-empresas-em-dificuldade\/\" \/>\n<meta property=\"og:site_name\" content=\"Moreira Menezes Martins\" \/>\n<meta property=\"article:published_time\" content=\"2018-09-11T18:55:59+00:00\" \/>\n<meta property=\"og:image\" content=\"https:\/\/moreiramenezes.com.br\/wp-content\/uploads\/2018\/09\/41493061_1840047696115663_1890048372044201984_o.png\" \/>\n<meta name=\"author\" content=\"mmm\" \/>\n<meta name=\"twitter:card\" content=\"summary_large_image\" \/>\n<meta name=\"twitter:label1\" content=\"Written by\" \/>\n\t<meta name=\"twitter:data1\" content=\"mmm\" \/>\n\t<meta name=\"twitter:label2\" content=\"Est. reading time\" \/>\n\t<meta name=\"twitter:data2\" content=\"1 minute\" \/>\n<script type=\"application\/ld+json\" class=\"yoast-schema-graph\">{\"@context\":\"https:\/\/schema.org\",\"@graph\":[{\"@type\":\"Article\",\"@id\":\"https:\/\/moreiramenezes.com.br\/mauricio-menezes-participa-do-iv-seminario-de-direito-das-empresas-em-dificuldade\/#article\",\"isPartOf\":{\"@id\":\"https:\/\/moreiramenezes.com.br\/mauricio-menezes-participa-do-iv-seminario-de-direito-das-empresas-em-dificuldade\/\"},\"author\":{\"name\":\"mmm\",\"@id\":\"https:\/\/moreiramenezes.com.br\/#\/schema\/person\/d525376b6c67f0d68e4dfc4475c65d78\"},\"headline\":\"Mauricio Menezes participa do &#8220;IV Semin\u00e1rio de direito das empresas em dificuldade&#8221;\",\"datePublished\":\"2018-09-11T18:55:59+00:00\",\"mainEntityOfPage\":{\"@id\":\"https:\/\/moreiramenezes.com.br\/mauricio-menezes-participa-do-iv-seminario-de-direito-das-empresas-em-dificuldade\/\"},\"wordCount\":116,\"image\":{\"@id\":\"https:\/\/moreiramenezes.com.br\/mauricio-menezes-participa-do-iv-seminario-de-direito-das-empresas-em-dificuldade\/#primaryimage\"},\"thumbnailUrl\":\"https:\/\/moreiramenezes.com.br\/wp-content\/uploads\/2018\/09\/41493061_1840047696115663_1890048372044201984_o.png\",\"articleSection\":[\"Not\u00edcias\"],\"inLanguage\":\"en-US\"},{\"@type\":\"WebPage\",\"@id\":\"https:\/\/moreiramenezes.com.br\/mauricio-menezes-participa-do-iv-seminario-de-direito-das-empresas-em-dificuldade\/\",\"url\":\"https:\/\/moreiramenezes.com.br\/mauricio-menezes-participa-do-iv-seminario-de-direito-das-empresas-em-dificuldade\/\",\"name\":\"Mauricio Menezes participa do \\\"IV Semin\u00e1rio de direito das empresas em dificuldade\\\" - Moreira Menezes Martins\",\"isPartOf\":{\"@id\":\"https:\/\/moreiramenezes.com.br\/#website\"},\"primaryImageOfPage\":{\"@id\":\"https:\/\/moreiramenezes.com.br\/mauricio-menezes-participa-do-iv-seminario-de-direito-das-empresas-em-dificuldade\/#primaryimage\"},\"image\":{\"@id\":\"https:\/\/moreiramenezes.com.br\/mauricio-menezes-participa-do-iv-seminario-de-direito-das-empresas-em-dificuldade\/#primaryimage\"},\"thumbnailUrl\":\"https:\/\/moreiramenezes.com.br\/wp-content\/uploads\/2018\/09\/41493061_1840047696115663_1890048372044201984_o.png\",\"datePublished\":\"2018-09-11T18:55:59+00:00\",\"author\":{\"@id\":\"https:\/\/moreiramenezes.com.br\/#\/schema\/person\/d525376b6c67f0d68e4dfc4475c65d78\"},\"breadcrumb\":{\"@id\":\"https:\/\/moreiramenezes.com.br\/mauricio-menezes-participa-do-iv-seminario-de-direito-das-empresas-em-dificuldade\/#breadcrumb\"},\"inLanguage\":\"en-US\",\"potentialAction\":[{\"@type\":\"ReadAction\",\"target\":[\"https:\/\/moreiramenezes.com.br\/mauricio-menezes-participa-do-iv-seminario-de-direito-das-empresas-em-dificuldade\/\"]}]},{\"@type\":\"ImageObject\",\"inLanguage\":\"en-US\",\"@id\":\"https:\/\/moreiramenezes.com.br\/mauricio-menezes-participa-do-iv-seminario-de-direito-das-empresas-em-dificuldade\/#primaryimage\",\"url\":\"https:\/\/moreiramenezes.com.br\/wp-content\/uploads\/2018\/09\/41493061_1840047696115663_1890048372044201984_o.png\",\"contentUrl\":\"https:\/\/moreiramenezes.com.br\/wp-content\/uploads\/2018\/09\/41493061_1840047696115663_1890048372044201984_o.png\"},{\"@type\":\"BreadcrumbList\",\"@id\":\"https:\/\/moreiramenezes.com.br\/mauricio-menezes-participa-do-iv-seminario-de-direito-das-empresas-em-dificuldade\/#breadcrumb\",\"itemListElement\":[{\"@type\":\"ListItem\",\"position\":1,\"name\":\"In\u00edcio\",\"item\":\"https:\/\/moreiramenezes.com.br\/\"},{\"@type\":\"ListItem\",\"position\":2,\"name\":\"Not\u00edcias\",\"item\":\"https:\/\/moreiramenezes.com.br\/categorias\/noticias\/\"},{\"@type\":\"ListItem\",\"position\":3,\"name\":\"Mauricio Menezes participa do &#8220;IV Semin\u00e1rio de direito das empresas em dificuldade&#8221;\"}]},{\"@type\":\"WebSite\",\"@id\":\"https:\/\/moreiramenezes.com.br\/#website\",\"url\":\"https:\/\/moreiramenezes.com.br\/\",\"name\":\"Moreira Menezes Martins\",\"description\":\"Moreira Menezes Martins - Advogados\",\"potentialAction\":[{\"@type\":\"SearchAction\",\"target\":{\"@type\":\"EntryPoint\",\"urlTemplate\":\"https:\/\/moreiramenezes.com.br\/?s={search_term_string}\"},\"query-input\":{\"@type\":\"PropertyValueSpecification\",\"valueRequired\":true,\"valueName\":\"search_term_string\"}}],\"inLanguage\":\"en-US\"},{\"@type\":\"Person\",\"@id\":\"https:\/\/moreiramenezes.com.br\/#\/schema\/person\/d525376b6c67f0d68e4dfc4475c65d78\",\"name\":\"mmm\",\"image\":{\"@type\":\"ImageObject\",\"inLanguage\":\"en-US\",\"@id\":\"https:\/\/moreiramenezes.com.br\/#\/schema\/person\/image\/\",\"url\":\"https:\/\/secure.gravatar.com\/avatar\/b16ca84b829f7fb3fcc92f2393d367798a989833972255f9a2b76b056e135746?s=96&d=mm&r=g\",\"contentUrl\":\"https:\/\/secure.gravatar.com\/avatar\/b16ca84b829f7fb3fcc92f2393d367798a989833972255f9a2b76b056e135746?s=96&d=mm&r=g\",\"caption\":\"mmm\"},\"sameAs\":[\"https:\/\/moreiramenezes.com\"],\"url\":\"https:\/\/moreiramenezes.com.br\/en\/author\/mmm\/\"}]}<\/script>\n<!-- \/ Yoast SEO plugin. -->","yoast_head_json":{"title":"Mauricio Menezes participa do \"IV Semin\u00e1rio de direito das empresas em dificuldade\" - Moreira Menezes Martins","robots":{"index":"index","follow":"follow","max-snippet":"max-snippet:-1","max-image-preview":"max-image-preview:large","max-video-preview":"max-video-preview:-1"},"canonical":"https:\/\/moreiramenezes.com.br\/en\/mauricio-menezes-participa-do-iv-seminario-de-direito-das-empresas-em-dificuldade\/","og_locale":"en_US","og_type":"article","og_title":"Mauricio Menezes participa do \"IV Semin\u00e1rio de direito das empresas em dificuldade\" - Moreira Menezes Martins","og_description":"&nbsp; O s\u00f3cio Maur\u00edcio Menezes participar\u00e1, no dia 28 de setembro, do &#8220;IV Semin\u00e1rio de direito das empresas em dificuldade&#8221;, promovido pela Comiss\u00e3o Especial de Recupera\u00e7\u00e3o Judicial, Extrajudicial e Fal\u00eancia (CRJEF) &#8211; OAB\/RJ. No semin\u00e1rio, o advogado ministrar\u00e1 a palestra \u201cIniciativa e delibera\u00e7\u00e3o pelo ingresso com a recupera\u00e7\u00e3o judicial\u201d. Outros nomes importantes do Direito tamb\u00e9m [&hellip;]","og_url":"https:\/\/moreiramenezes.com.br\/en\/mauricio-menezes-participa-do-iv-seminario-de-direito-das-empresas-em-dificuldade\/","og_site_name":"Moreira Menezes Martins","article_published_time":"2018-09-11T18:55:59+00:00","og_image":[{"url":"https:\/\/moreiramenezes.com.br\/wp-content\/uploads\/2018\/09\/41493061_1840047696115663_1890048372044201984_o.png","type":"","width":"","height":""}],"author":"mmm","twitter_card":"summary_large_image","twitter_misc":{"Written by":"mmm","Est. reading time":"1 minute"},"schema":{"@context":"https:\/\/schema.org","@graph":[{"@type":"Article","@id":"https:\/\/moreiramenezes.com.br\/mauricio-menezes-participa-do-iv-seminario-de-direito-das-empresas-em-dificuldade\/#article","isPartOf":{"@id":"https:\/\/moreiramenezes.com.br\/mauricio-menezes-participa-do-iv-seminario-de-direito-das-empresas-em-dificuldade\/"},"author":{"name":"mmm","@id":"https:\/\/moreiramenezes.com.br\/#\/schema\/person\/d525376b6c67f0d68e4dfc4475c65d78"},"headline":"Mauricio Menezes participa do &#8220;IV Semin\u00e1rio de direito das empresas em dificuldade&#8221;","datePublished":"2018-09-11T18:55:59+00:00","mainEntityOfPage":{"@id":"https:\/\/moreiramenezes.com.br\/mauricio-menezes-participa-do-iv-seminario-de-direito-das-empresas-em-dificuldade\/"},"wordCount":116,"image":{"@id":"https:\/\/moreiramenezes.com.br\/mauricio-menezes-participa-do-iv-seminario-de-direito-das-empresas-em-dificuldade\/#primaryimage"},"thumbnailUrl":"https:\/\/moreiramenezes.com.br\/wp-content\/uploads\/2018\/09\/41493061_1840047696115663_1890048372044201984_o.png","articleSection":["Not\u00edcias"],"inLanguage":"en-US"},{"@type":"WebPage","@id":"https:\/\/moreiramenezes.com.br\/mauricio-menezes-participa-do-iv-seminario-de-direito-das-empresas-em-dificuldade\/","url":"https:\/\/moreiramenezes.com.br\/mauricio-menezes-participa-do-iv-seminario-de-direito-das-empresas-em-dificuldade\/","name":"Mauricio Menezes participa do \"IV Semin\u00e1rio de direito das empresas em dificuldade\" - Moreira Menezes Martins","isPartOf":{"@id":"https:\/\/moreiramenezes.com.br\/#website"},"primaryImageOfPage":{"@id":"https:\/\/moreiramenezes.com.br\/mauricio-menezes-participa-do-iv-seminario-de-direito-das-empresas-em-dificuldade\/#primaryimage"},"image":{"@id":"https:\/\/moreiramenezes.com.br\/mauricio-menezes-participa-do-iv-seminario-de-direito-das-empresas-em-dificuldade\/#primaryimage"},"thumbnailUrl":"https:\/\/moreiramenezes.com.br\/wp-content\/uploads\/2018\/09\/41493061_1840047696115663_1890048372044201984_o.png","datePublished":"2018-09-11T18:55:59+00:00","author":{"@id":"https:\/\/moreiramenezes.com.br\/#\/schema\/person\/d525376b6c67f0d68e4dfc4475c65d78"},"breadcrumb":{"@id":"https:\/\/moreiramenezes.com.br\/mauricio-menezes-participa-do-iv-seminario-de-direito-das-empresas-em-dificuldade\/#breadcrumb"},"inLanguage":"en-US","potentialAction":[{"@type":"ReadAction","target":["https:\/\/moreiramenezes.com.br\/mauricio-menezes-participa-do-iv-seminario-de-direito-das-empresas-em-dificuldade\/"]}]},{"@type":"ImageObject","inLanguage":"en-US","@id":"https:\/\/moreiramenezes.com.br\/mauricio-menezes-participa-do-iv-seminario-de-direito-das-empresas-em-dificuldade\/#primaryimage","url":"https:\/\/moreiramenezes.com.br\/wp-content\/uploads\/2018\/09\/41493061_1840047696115663_1890048372044201984_o.png","contentUrl":"https:\/\/moreiramenezes.com.br\/wp-content\/uploads\/2018\/09\/41493061_1840047696115663_1890048372044201984_o.png"},{"@type":"BreadcrumbList","@id":"https:\/\/moreiramenezes.com.br\/mauricio-menezes-participa-do-iv-seminario-de-direito-das-empresas-em-dificuldade\/#breadcrumb","itemListElement":[{"@type":"ListItem","position":1,"name":"In\u00edcio","item":"https:\/\/moreiramenezes.com.br\/"},{"@type":"ListItem","position":2,"name":"Not\u00edcias","item":"https:\/\/moreiramenezes.com.br\/categorias\/noticias\/"},{"@type":"ListItem","position":3,"name":"Mauricio Menezes participa do &#8220;IV Semin\u00e1rio de direito das empresas em dificuldade&#8221;"}]},{"@type":"WebSite","@id":"https:\/\/moreiramenezes.com.br\/#website","url":"https:\/\/moreiramenezes.com.br\/","name":"Moreira Menezes Martins","description":"Moreira Menezes Martins - Advogados","potentialAction":[{"@type":"SearchAction","target":{"@type":"EntryPoint","urlTemplate":"https:\/\/moreiramenezes.com.br\/?s={search_term_string}"},"query-input":{"@type":"PropertyValueSpecification","valueRequired":true,"valueName":"search_term_string"}}],"inLanguage":"en-US"},{"@type":"Person","@id":"https:\/\/moreiramenezes.com.br\/#\/schema\/person\/d525376b6c67f0d68e4dfc4475c65d78","name":"mmm","image":{"@type":"ImageObject","inLanguage":"en-US","@id":"https:\/\/moreiramenezes.com.br\/#\/schema\/person\/image\/","url":"https:\/\/secure.gravatar.com\/avatar\/b16ca84b829f7fb3fcc92f2393d367798a989833972255f9a2b76b056e135746?s=96&d=mm&r=g","contentUrl":"https:\/\/secure.gravatar.com\/avatar\/b16ca84b829f7fb3fcc92f2393d367798a989833972255f9a2b76b056e135746?s=96&d=mm&r=g","caption":"mmm"},"sameAs":["https:\/\/moreiramenezes.com"],"url":"https:\/\/moreiramenezes.com.br\/en\/author\/mmm\/"}]}},"_links":{"self":[{"href":"https:\/\/moreiramenezes.com.br\/en\/wp-json\/wp\/v2\/posts\/1320","targetHints":{"allow":["GET"]}}],"collection":[{"href":"https:\/\/moreiramenezes.com.br\/en\/wp-json\/wp\/v2\/posts"}],"about":[{"href":"https:\/\/moreiramenezes.com.br\/en\/wp-json\/wp\/v2\/types\/post"}],"author":[{"embeddable":true,"href":"https:\/\/moreiramenezes.com.br\/en\/wp-json\/wp\/v2\/users\/1"}],"replies":[{"embeddable":true,"href":"https:\/\/moreiramenezes.com.br\/en\/wp-json\/wp\/v2\/comments?post=1320"}],"version-history":[{"count":0,"href":"https:\/\/moreiramenezes.com.br\/en\/wp-json\/wp\/v2\/posts\/1320\/revisions"}],"wp:attachment":[{"href":"https:\/\/moreiramenezes.com.br\/en\/wp-json\/wp\/v2\/media?parent=1320"}],"wp:term":[{"taxonomy":"category","embeddable":true,"href":"https:\/\/moreiramenezes.com.br\/en\/wp-json\/wp\/v2\/categories?post=1320"},{"taxonomy":"post_tag","embeddable":true,"href":"https:\/\/moreiramenezes.com.br\/en\/wp-json\/wp\/v2\/tags?post=1320"}],"curies":[{"name":"wp","href":"https:\/\/api.w.org\/{rel}","templated":true}]}}