{"id":1318,"date":"2018-09-05T15:50:40","date_gmt":"2018-09-05T18:50:40","guid":{"rendered":"http:\/\/www.moreiramenezes.com.br\/?post_type=publicacoes&amp;p=1318"},"modified":"2018-09-05T15:50:40","modified_gmt":"2018-09-05T18:50:40","slug":"mauricio-moreira-menezes-socio-participa-da-obra-coletiva-processo-societario-iii","status":"publish","type":"post","link":"https:\/\/moreiramenezes.com.br\/en\/mauricio-moreira-menezes-socio-participa-da-obra-coletiva-processo-societario-iii\/","title":{"rendered":"Maur\u00edcio Moreira Menezes, s\u00f3cio, participa da obra coletiva &#8220;Processo societ\u00e1rio III&#8221;"},"content":{"rendered":"<p style=\"font-weight: 400;\">\n<img fetchpriority=\"high\" decoding=\"async\" class=\"wp-image-1317 alignleft\" src=\"https:\/\/moreiramenezes.com.br\/wp-content\/uploads\/2018\/09\/41085404_1832947890158977_1263276759382491136_o.jpg\" alt=\"\" width=\"461\" height=\"435\" \/><\/p>\n<p>&nbsp;<\/p>\n<p style=\"font-weight: 400;\">No dia 11 de setembro, o s\u00f3cio Maur\u00edcio Moreira Menezes participou do lan\u00e7amento do livro \u201cProcesso Societ\u00e1rio III\u201d, na Sede da APAMAGIS \u2013 Associa\u00e7\u00e3o Paulista de Magistrados, em S\u00e3o Paulo.<\/p>\n<p style=\"font-weight: 400;\">O advogado contribuiu para a obra com o artigo \u201cReflex\u00f5es sobre a exclus\u00e3o de s\u00f3cio da sociedade limitada por justa causa\u201d.<\/p>","protected":false},"excerpt":{"rendered":"<p>&nbsp; No dia 11 de setembro, o s\u00f3cio Maur\u00edcio Moreira Menezes participou do lan\u00e7amento do livro \u201cProcesso Societ\u00e1rio III\u201d, na Sede da APAMAGIS \u2013 Associa\u00e7\u00e3o Paulista de Magistrados, em S\u00e3o Paulo. O advogado contribuiu para a obra com o artigo \u201cReflex\u00f5es sobre a exclus\u00e3o de s\u00f3cio da sociedade limitada por justa causa\u201d.<\/p>","protected":false},"author":1,"featured_media":0,"comment_status":"closed","ping_status":"closed","sticky":false,"template":"","format":"standard","meta":{"footnotes":""},"categories":[5],"tags":[],"class_list":["post-1318","post","type-post","status-publish","format-standard","hentry","category-noticias"],"yoast_head":"<!-- This site is optimized with the Yoast SEO plugin v26.9 - https:\/\/yoast.com\/product\/yoast-seo-wordpress\/ -->\n<title>Maur\u00edcio Moreira Menezes, s\u00f3cio, participa da obra coletiva &quot;Processo societ\u00e1rio III&quot; - Moreira Menezes Martins<\/title>\n<meta name=\"robots\" content=\"index, follow, max-snippet:-1, max-image-preview:large, max-video-preview:-1\" \/>\n<link rel=\"canonical\" href=\"https:\/\/moreiramenezes.com.br\/en\/mauricio-moreira-menezes-socio-participa-da-obra-coletiva-processo-societario-iii\/\" \/>\n<meta property=\"og:locale\" content=\"en_US\" \/>\n<meta property=\"og:type\" content=\"article\" \/>\n<meta property=\"og:title\" content=\"Maur\u00edcio Moreira Menezes, s\u00f3cio, participa da obra coletiva &quot;Processo societ\u00e1rio III&quot; - Moreira Menezes Martins\" \/>\n<meta property=\"og:description\" content=\"&nbsp; No dia 11 de setembro, o s\u00f3cio Maur\u00edcio Moreira Menezes participou do lan\u00e7amento do livro \u201cProcesso Societ\u00e1rio III\u201d, na Sede da APAMAGIS \u2013 Associa\u00e7\u00e3o Paulista de Magistrados, em S\u00e3o Paulo. O advogado contribuiu para a obra com o artigo \u201cReflex\u00f5es sobre a exclus\u00e3o de s\u00f3cio da sociedade limitada por justa causa\u201d.\" \/>\n<meta property=\"og:url\" content=\"https:\/\/moreiramenezes.com.br\/en\/mauricio-moreira-menezes-socio-participa-da-obra-coletiva-processo-societario-iii\/\" \/>\n<meta property=\"og:site_name\" content=\"Moreira Menezes Martins\" \/>\n<meta property=\"article:published_time\" content=\"2018-09-05T18:50:40+00:00\" \/>\n<meta property=\"og:image\" content=\"https:\/\/moreiramenezes.com.br\/wp-content\/uploads\/2018\/09\/41085404_1832947890158977_1263276759382491136_o.jpg\" \/>\n<meta name=\"author\" content=\"mmm\" \/>\n<meta name=\"twitter:card\" content=\"summary_large_image\" \/>\n<meta name=\"twitter:label1\" content=\"Written by\" \/>\n\t<meta name=\"twitter:data1\" content=\"mmm\" \/>\n<script type=\"application\/ld+json\" class=\"yoast-schema-graph\">{\"@context\":\"https:\/\/schema.org\",\"@graph\":[{\"@type\":\"Article\",\"@id\":\"https:\/\/moreiramenezes.com.br\/mauricio-moreira-menezes-socio-participa-da-obra-coletiva-processo-societario-iii\/#article\",\"isPartOf\":{\"@id\":\"https:\/\/moreiramenezes.com.br\/mauricio-moreira-menezes-socio-participa-da-obra-coletiva-processo-societario-iii\/\"},\"author\":{\"name\":\"mmm\",\"@id\":\"https:\/\/moreiramenezes.com.br\/#\/schema\/person\/d525376b6c67f0d68e4dfc4475c65d78\"},\"headline\":\"Maur\u00edcio Moreira Menezes, s\u00f3cio, participa da obra coletiva &#8220;Processo societ\u00e1rio III&#8221;\",\"datePublished\":\"2018-09-05T18:50:40+00:00\",\"mainEntityOfPage\":{\"@id\":\"https:\/\/moreiramenezes.com.br\/mauricio-moreira-menezes-socio-participa-da-obra-coletiva-processo-societario-iii\/\"},\"wordCount\":73,\"image\":{\"@id\":\"https:\/\/moreiramenezes.com.br\/mauricio-moreira-menezes-socio-participa-da-obra-coletiva-processo-societario-iii\/#primaryimage\"},\"thumbnailUrl\":\"https:\/\/moreiramenezes.com.br\/wp-content\/uploads\/2018\/09\/41085404_1832947890158977_1263276759382491136_o.jpg\",\"articleSection\":[\"Not\u00edcias\"],\"inLanguage\":\"en-US\"},{\"@type\":\"WebPage\",\"@id\":\"https:\/\/moreiramenezes.com.br\/mauricio-moreira-menezes-socio-participa-da-obra-coletiva-processo-societario-iii\/\",\"url\":\"https:\/\/moreiramenezes.com.br\/mauricio-moreira-menezes-socio-participa-da-obra-coletiva-processo-societario-iii\/\",\"name\":\"Maur\u00edcio Moreira Menezes, s\u00f3cio, participa da obra coletiva \\\"Processo societ\u00e1rio III\\\" - Moreira Menezes Martins\",\"isPartOf\":{\"@id\":\"https:\/\/moreiramenezes.com.br\/#website\"},\"primaryImageOfPage\":{\"@id\":\"https:\/\/moreiramenezes.com.br\/mauricio-moreira-menezes-socio-participa-da-obra-coletiva-processo-societario-iii\/#primaryimage\"},\"image\":{\"@id\":\"https:\/\/moreiramenezes.com.br\/mauricio-moreira-menezes-socio-participa-da-obra-coletiva-processo-societario-iii\/#primaryimage\"},\"thumbnailUrl\":\"https:\/\/moreiramenezes.com.br\/wp-content\/uploads\/2018\/09\/41085404_1832947890158977_1263276759382491136_o.jpg\",\"datePublished\":\"2018-09-05T18:50:40+00:00\",\"author\":{\"@id\":\"https:\/\/moreiramenezes.com.br\/#\/schema\/person\/d525376b6c67f0d68e4dfc4475c65d78\"},\"breadcrumb\":{\"@id\":\"https:\/\/moreiramenezes.com.br\/mauricio-moreira-menezes-socio-participa-da-obra-coletiva-processo-societario-iii\/#breadcrumb\"},\"inLanguage\":\"en-US\",\"potentialAction\":[{\"@type\":\"ReadAction\",\"target\":[\"https:\/\/moreiramenezes.com.br\/mauricio-moreira-menezes-socio-participa-da-obra-coletiva-processo-societario-iii\/\"]}]},{\"@type\":\"ImageObject\",\"inLanguage\":\"en-US\",\"@id\":\"https:\/\/moreiramenezes.com.br\/mauricio-moreira-menezes-socio-participa-da-obra-coletiva-processo-societario-iii\/#primaryimage\",\"url\":\"https:\/\/moreiramenezes.com.br\/wp-content\/uploads\/2018\/09\/41085404_1832947890158977_1263276759382491136_o.jpg\",\"contentUrl\":\"https:\/\/moreiramenezes.com.br\/wp-content\/uploads\/2018\/09\/41085404_1832947890158977_1263276759382491136_o.jpg\"},{\"@type\":\"BreadcrumbList\",\"@id\":\"https:\/\/moreiramenezes.com.br\/mauricio-moreira-menezes-socio-participa-da-obra-coletiva-processo-societario-iii\/#breadcrumb\",\"itemListElement\":[{\"@type\":\"ListItem\",\"position\":1,\"name\":\"In\u00edcio\",\"item\":\"https:\/\/moreiramenezes.com.br\/\"},{\"@type\":\"ListItem\",\"position\":2,\"name\":\"Not\u00edcias\",\"item\":\"https:\/\/moreiramenezes.com.br\/categorias\/noticias\/\"},{\"@type\":\"ListItem\",\"position\":3,\"name\":\"Maur\u00edcio Moreira Menezes, s\u00f3cio, participa da obra coletiva &#8220;Processo societ\u00e1rio III&#8221;\"}]},{\"@type\":\"WebSite\",\"@id\":\"https:\/\/moreiramenezes.com.br\/#website\",\"url\":\"https:\/\/moreiramenezes.com.br\/\",\"name\":\"Moreira Menezes Martins\",\"description\":\"Moreira Menezes Martins - Advogados\",\"potentialAction\":[{\"@type\":\"SearchAction\",\"target\":{\"@type\":\"EntryPoint\",\"urlTemplate\":\"https:\/\/moreiramenezes.com.br\/?s={search_term_string}\"},\"query-input\":{\"@type\":\"PropertyValueSpecification\",\"valueRequired\":true,\"valueName\":\"search_term_string\"}}],\"inLanguage\":\"en-US\"},{\"@type\":\"Person\",\"@id\":\"https:\/\/moreiramenezes.com.br\/#\/schema\/person\/d525376b6c67f0d68e4dfc4475c65d78\",\"name\":\"mmm\",\"image\":{\"@type\":\"ImageObject\",\"inLanguage\":\"en-US\",\"@id\":\"https:\/\/moreiramenezes.com.br\/#\/schema\/person\/image\/\",\"url\":\"https:\/\/secure.gravatar.com\/avatar\/b16ca84b829f7fb3fcc92f2393d367798a989833972255f9a2b76b056e135746?s=96&d=mm&r=g\",\"contentUrl\":\"https:\/\/secure.gravatar.com\/avatar\/b16ca84b829f7fb3fcc92f2393d367798a989833972255f9a2b76b056e135746?s=96&d=mm&r=g\",\"caption\":\"mmm\"},\"sameAs\":[\"https:\/\/moreiramenezes.com\"],\"url\":\"https:\/\/moreiramenezes.com.br\/en\/author\/mmm\/\"}]}<\/script>\n<!-- \/ Yoast SEO plugin. -->","yoast_head_json":{"title":"Maur\u00edcio Moreira Menezes, s\u00f3cio, participa da obra coletiva \"Processo societ\u00e1rio III\" - Moreira Menezes Martins","robots":{"index":"index","follow":"follow","max-snippet":"max-snippet:-1","max-image-preview":"max-image-preview:large","max-video-preview":"max-video-preview:-1"},"canonical":"https:\/\/moreiramenezes.com.br\/en\/mauricio-moreira-menezes-socio-participa-da-obra-coletiva-processo-societario-iii\/","og_locale":"en_US","og_type":"article","og_title":"Maur\u00edcio Moreira Menezes, s\u00f3cio, participa da obra coletiva \"Processo societ\u00e1rio III\" - Moreira Menezes Martins","og_description":"&nbsp; No dia 11 de setembro, o s\u00f3cio Maur\u00edcio Moreira Menezes participou do lan\u00e7amento do livro \u201cProcesso Societ\u00e1rio III\u201d, na Sede da APAMAGIS \u2013 Associa\u00e7\u00e3o Paulista de Magistrados, em S\u00e3o Paulo. O advogado contribuiu para a obra com o artigo \u201cReflex\u00f5es sobre a exclus\u00e3o de s\u00f3cio da sociedade limitada por justa causa\u201d.","og_url":"https:\/\/moreiramenezes.com.br\/en\/mauricio-moreira-menezes-socio-participa-da-obra-coletiva-processo-societario-iii\/","og_site_name":"Moreira Menezes Martins","article_published_time":"2018-09-05T18:50:40+00:00","og_image":[{"url":"https:\/\/moreiramenezes.com.br\/wp-content\/uploads\/2018\/09\/41085404_1832947890158977_1263276759382491136_o.jpg","type":"","width":"","height":""}],"author":"mmm","twitter_card":"summary_large_image","twitter_misc":{"Written by":"mmm"},"schema":{"@context":"https:\/\/schema.org","@graph":[{"@type":"Article","@id":"https:\/\/moreiramenezes.com.br\/mauricio-moreira-menezes-socio-participa-da-obra-coletiva-processo-societario-iii\/#article","isPartOf":{"@id":"https:\/\/moreiramenezes.com.br\/mauricio-moreira-menezes-socio-participa-da-obra-coletiva-processo-societario-iii\/"},"author":{"name":"mmm","@id":"https:\/\/moreiramenezes.com.br\/#\/schema\/person\/d525376b6c67f0d68e4dfc4475c65d78"},"headline":"Maur\u00edcio Moreira Menezes, s\u00f3cio, participa da obra coletiva &#8220;Processo societ\u00e1rio III&#8221;","datePublished":"2018-09-05T18:50:40+00:00","mainEntityOfPage":{"@id":"https:\/\/moreiramenezes.com.br\/mauricio-moreira-menezes-socio-participa-da-obra-coletiva-processo-societario-iii\/"},"wordCount":73,"image":{"@id":"https:\/\/moreiramenezes.com.br\/mauricio-moreira-menezes-socio-participa-da-obra-coletiva-processo-societario-iii\/#primaryimage"},"thumbnailUrl":"https:\/\/moreiramenezes.com.br\/wp-content\/uploads\/2018\/09\/41085404_1832947890158977_1263276759382491136_o.jpg","articleSection":["Not\u00edcias"],"inLanguage":"en-US"},{"@type":"WebPage","@id":"https:\/\/moreiramenezes.com.br\/mauricio-moreira-menezes-socio-participa-da-obra-coletiva-processo-societario-iii\/","url":"https:\/\/moreiramenezes.com.br\/mauricio-moreira-menezes-socio-participa-da-obra-coletiva-processo-societario-iii\/","name":"Maur\u00edcio Moreira Menezes, s\u00f3cio, participa da obra coletiva \"Processo societ\u00e1rio III\" - Moreira Menezes Martins","isPartOf":{"@id":"https:\/\/moreiramenezes.com.br\/#website"},"primaryImageOfPage":{"@id":"https:\/\/moreiramenezes.com.br\/mauricio-moreira-menezes-socio-participa-da-obra-coletiva-processo-societario-iii\/#primaryimage"},"image":{"@id":"https:\/\/moreiramenezes.com.br\/mauricio-moreira-menezes-socio-participa-da-obra-coletiva-processo-societario-iii\/#primaryimage"},"thumbnailUrl":"https:\/\/moreiramenezes.com.br\/wp-content\/uploads\/2018\/09\/41085404_1832947890158977_1263276759382491136_o.jpg","datePublished":"2018-09-05T18:50:40+00:00","author":{"@id":"https:\/\/moreiramenezes.com.br\/#\/schema\/person\/d525376b6c67f0d68e4dfc4475c65d78"},"breadcrumb":{"@id":"https:\/\/moreiramenezes.com.br\/mauricio-moreira-menezes-socio-participa-da-obra-coletiva-processo-societario-iii\/#breadcrumb"},"inLanguage":"en-US","potentialAction":[{"@type":"ReadAction","target":["https:\/\/moreiramenezes.com.br\/mauricio-moreira-menezes-socio-participa-da-obra-coletiva-processo-societario-iii\/"]}]},{"@type":"ImageObject","inLanguage":"en-US","@id":"https:\/\/moreiramenezes.com.br\/mauricio-moreira-menezes-socio-participa-da-obra-coletiva-processo-societario-iii\/#primaryimage","url":"https:\/\/moreiramenezes.com.br\/wp-content\/uploads\/2018\/09\/41085404_1832947890158977_1263276759382491136_o.jpg","contentUrl":"https:\/\/moreiramenezes.com.br\/wp-content\/uploads\/2018\/09\/41085404_1832947890158977_1263276759382491136_o.jpg"},{"@type":"BreadcrumbList","@id":"https:\/\/moreiramenezes.com.br\/mauricio-moreira-menezes-socio-participa-da-obra-coletiva-processo-societario-iii\/#breadcrumb","itemListElement":[{"@type":"ListItem","position":1,"name":"In\u00edcio","item":"https:\/\/moreiramenezes.com.br\/"},{"@type":"ListItem","position":2,"name":"Not\u00edcias","item":"https:\/\/moreiramenezes.com.br\/categorias\/noticias\/"},{"@type":"ListItem","position":3,"name":"Maur\u00edcio Moreira Menezes, s\u00f3cio, participa da obra coletiva &#8220;Processo societ\u00e1rio III&#8221;"}]},{"@type":"WebSite","@id":"https:\/\/moreiramenezes.com.br\/#website","url":"https:\/\/moreiramenezes.com.br\/","name":"Moreira Menezes Martins","description":"Moreira Menezes Martins - Advogados","potentialAction":[{"@type":"SearchAction","target":{"@type":"EntryPoint","urlTemplate":"https:\/\/moreiramenezes.com.br\/?s={search_term_string}"},"query-input":{"@type":"PropertyValueSpecification","valueRequired":true,"valueName":"search_term_string"}}],"inLanguage":"en-US"},{"@type":"Person","@id":"https:\/\/moreiramenezes.com.br\/#\/schema\/person\/d525376b6c67f0d68e4dfc4475c65d78","name":"mmm","image":{"@type":"ImageObject","inLanguage":"en-US","@id":"https:\/\/moreiramenezes.com.br\/#\/schema\/person\/image\/","url":"https:\/\/secure.gravatar.com\/avatar\/b16ca84b829f7fb3fcc92f2393d367798a989833972255f9a2b76b056e135746?s=96&d=mm&r=g","contentUrl":"https:\/\/secure.gravatar.com\/avatar\/b16ca84b829f7fb3fcc92f2393d367798a989833972255f9a2b76b056e135746?s=96&d=mm&r=g","caption":"mmm"},"sameAs":["https:\/\/moreiramenezes.com"],"url":"https:\/\/moreiramenezes.com.br\/en\/author\/mmm\/"}]}},"_links":{"self":[{"href":"https:\/\/moreiramenezes.com.br\/en\/wp-json\/wp\/v2\/posts\/1318","targetHints":{"allow":["GET"]}}],"collection":[{"href":"https:\/\/moreiramenezes.com.br\/en\/wp-json\/wp\/v2\/posts"}],"about":[{"href":"https:\/\/moreiramenezes.com.br\/en\/wp-json\/wp\/v2\/types\/post"}],"author":[{"embeddable":true,"href":"https:\/\/moreiramenezes.com.br\/en\/wp-json\/wp\/v2\/users\/1"}],"replies":[{"embeddable":true,"href":"https:\/\/moreiramenezes.com.br\/en\/wp-json\/wp\/v2\/comments?post=1318"}],"version-history":[{"count":0,"href":"https:\/\/moreiramenezes.com.br\/en\/wp-json\/wp\/v2\/posts\/1318\/revisions"}],"wp:attachment":[{"href":"https:\/\/moreiramenezes.com.br\/en\/wp-json\/wp\/v2\/media?parent=1318"}],"wp:term":[{"taxonomy":"category","embeddable":true,"href":"https:\/\/moreiramenezes.com.br\/en\/wp-json\/wp\/v2\/categories?post=1318"},{"taxonomy":"post_tag","embeddable":true,"href":"https:\/\/moreiramenezes.com.br\/en\/wp-json\/wp\/v2\/tags?post=1318"}],"curies":[{"name":"wp","href":"https:\/\/api.w.org\/{rel}","templated":true}]}}