{"id":1262,"date":"2018-06-28T15:37:50","date_gmt":"2018-06-28T18:37:50","guid":{"rendered":"http:\/\/www.moreiramenezes.com.br\/?post_type=publicacoes&amp;p=1262"},"modified":"2018-06-28T15:37:50","modified_gmt":"2018-06-28T18:37:50","slug":"carla-caroli-e-a-nova-socia-do-moreira-menezes-martins-miranda-advogados","status":"publish","type":"post","link":"https:\/\/moreiramenezes.com.br\/en\/carla-caroli-e-a-nova-socia-do-moreira-menezes-martins-miranda-advogados\/","title":{"rendered":"Carla Caroli \u00e9 a nova s\u00f3cia do Moreira Menezes, Martins Advogados"},"content":{"rendered":"<p>\u00c9 com grande satisfa\u00e7\u00e3o que anunciamos o ingresso de Carla Caroli em nossa sociedade.<\/p>\n<p>Carla passa a integrar Moreira Menezes, Martins Advogados ap\u00f3s retornar de uma experi\u00eancia de tr\u00eas anos em Londres, onde se habilitou como <em>Solicitor<\/em> e trabalhou em renomado escrit\u00f3rio assessorando a estrutura\u00e7\u00e3o de neg\u00f3cios inovadores.<\/p>\n<p>Com mais de 10 anos de experi\u00eancia como advogada na \u00e1rea do Direito Empresarial em relevantes sociedades empres\u00e1rias e escrit\u00f3rios de advocacia no Brasil e no exterior, a nova s\u00f3cia contribuir\u00e1 para a expans\u00e3o internacional do Escrit\u00f3rio.<\/p>\n<figure id=\"attachment_1263\" aria-describedby=\"caption-attachment-1263\" style=\"width: 260px\" class=\"wp-caption alignleft\"><img fetchpriority=\"high\" decoding=\"async\" class=\"wp-image-1263\" src=\"https:\/\/moreiramenezes.com.br\/wp-content\/uploads\/2018\/06\/imagem.png\" alt=\"Carla Caroli | carla@moreiramenezes.com.br\" width=\"260\" height=\"332\" \/><figcaption id=\"caption-attachment-1263\" class=\"wp-caption-text\">Carla Caroli | E-mail: carla@moreiramenezes.com.br<\/figcaption><\/figure>\n<p>&nbsp;<\/p>\n<p>Carla compartilha dos valores de Moreira Menezes, Martins Advogados, possuindo mentalidade empresarial e esp\u00edrito empreendedor focados em oferecer solu\u00e7\u00f5es jur\u00eddicas seguras, eficientes e inovadoras para nossos clientes.<\/p>\n<p><u>Perfil<\/u>: Licenciada para advogar na Inglaterra (2016) LL.M em Direito Empresarial \u2013 Universidade de Cambridge (2010). MBA em Gest\u00e3o nos Neg\u00f3cios de Explora\u00e7\u00e3o e Produ\u00e7\u00e3o de Petr\u00f3leo e G\u00e1s \u2013 Instituto Brasileiro de Petr\u00f3leo, G\u00e1s e Biocombust\u00edveis (2007). International Commercial Law Seminar on Contracts and Dispute Resolution \u2013 University of California (2007). Graduada em Direito pela Universidade do Estado do Rio de Janeiro \u2013 UERJ (2006).<\/p>\n<p>Carla \u00e9 fluente em ingl\u00eas e possui conhecimento razo\u00e1vel de espanhol e alem\u00e3o.<\/p>\n<p>&nbsp;<\/p>\n<p>&nbsp;<\/p>\n<p>&nbsp;<\/p>","protected":false},"excerpt":{"rendered":"<p>Com mais de 10 anos de experi\u00eancia como advogada na \u00e1rea do Direito Empresarial em relevantes sociedades empres\u00e1rias e escrit\u00f3rios de advocacia no Brasil e no exterior, a nova s\u00f3cia contribuir\u00e1 para a expans\u00e3o internacional do Escrit\u00f3rio.<\/p>","protected":false},"author":1,"featured_media":0,"comment_status":"closed","ping_status":"closed","sticky":false,"template":"","format":"standard","meta":{"footnotes":""},"categories":[5],"tags":[],"class_list":["post-1262","post","type-post","status-publish","format-standard","hentry","category-noticias"],"yoast_head":"<!-- This site is optimized with the Yoast SEO plugin v26.9 - https:\/\/yoast.com\/product\/yoast-seo-wordpress\/ -->\n<title>Carla Caroli \u00e9 a nova s\u00f3cia do Moreira Menezes, Martins Advogados - Moreira Menezes Martins<\/title>\n<meta name=\"robots\" content=\"index, follow, max-snippet:-1, max-image-preview:large, max-video-preview:-1\" \/>\n<link rel=\"canonical\" href=\"https:\/\/moreiramenezes.com.br\/en\/carla-caroli-e-a-nova-socia-do-moreira-menezes-martins-miranda-advogados\/\" \/>\n<meta property=\"og:locale\" content=\"en_US\" \/>\n<meta property=\"og:type\" content=\"article\" \/>\n<meta property=\"og:title\" content=\"Carla Caroli \u00e9 a nova s\u00f3cia do Moreira Menezes, Martins Advogados - Moreira Menezes Martins\" \/>\n<meta property=\"og:description\" content=\"Com mais de 10 anos de experi\u00eancia como advogada na \u00e1rea do Direito Empresarial em relevantes sociedades empres\u00e1rias e escrit\u00f3rios de advocacia no Brasil e no exterior, a nova s\u00f3cia contribuir\u00e1 para a expans\u00e3o internacional do Escrit\u00f3rio.\" \/>\n<meta property=\"og:url\" content=\"https:\/\/moreiramenezes.com.br\/en\/carla-caroli-e-a-nova-socia-do-moreira-menezes-martins-miranda-advogados\/\" \/>\n<meta property=\"og:site_name\" content=\"Moreira Menezes Martins\" \/>\n<meta property=\"article:published_time\" content=\"2018-06-28T18:37:50+00:00\" \/>\n<meta property=\"og:image\" content=\"https:\/\/moreiramenezes.com.br\/wp-content\/uploads\/2018\/06\/imagem.png\" \/>\n<meta name=\"author\" content=\"mmm\" \/>\n<meta name=\"twitter:card\" content=\"summary_large_image\" \/>\n<meta name=\"twitter:label1\" content=\"Written by\" \/>\n\t<meta name=\"twitter:data1\" content=\"mmm\" \/>\n\t<meta name=\"twitter:label2\" content=\"Est. reading time\" \/>\n\t<meta name=\"twitter:data2\" content=\"1 minute\" \/>\n<script type=\"application\/ld+json\" class=\"yoast-schema-graph\">{\"@context\":\"https:\/\/schema.org\",\"@graph\":[{\"@type\":\"Article\",\"@id\":\"https:\/\/moreiramenezes.com.br\/carla-caroli-e-a-nova-socia-do-moreira-menezes-martins-miranda-advogados\/#article\",\"isPartOf\":{\"@id\":\"https:\/\/moreiramenezes.com.br\/carla-caroli-e-a-nova-socia-do-moreira-menezes-martins-miranda-advogados\/\"},\"author\":{\"name\":\"mmm\",\"@id\":\"https:\/\/moreiramenezes.com.br\/#\/schema\/person\/d525376b6c67f0d68e4dfc4475c65d78\"},\"headline\":\"Carla Caroli \u00e9 a nova s\u00f3cia do Moreira Menezes, Martins Advogados\",\"datePublished\":\"2018-06-28T18:37:50+00:00\",\"mainEntityOfPage\":{\"@id\":\"https:\/\/moreiramenezes.com.br\/carla-caroli-e-a-nova-socia-do-moreira-menezes-martins-miranda-advogados\/\"},\"wordCount\":237,\"image\":{\"@id\":\"https:\/\/moreiramenezes.com.br\/carla-caroli-e-a-nova-socia-do-moreira-menezes-martins-miranda-advogados\/#primaryimage\"},\"thumbnailUrl\":\"https:\/\/moreiramenezes.com.br\/wp-content\/uploads\/2018\/06\/imagem.png\",\"articleSection\":[\"Not\u00edcias\"],\"inLanguage\":\"en-US\"},{\"@type\":\"WebPage\",\"@id\":\"https:\/\/moreiramenezes.com.br\/carla-caroli-e-a-nova-socia-do-moreira-menezes-martins-miranda-advogados\/\",\"url\":\"https:\/\/moreiramenezes.com.br\/carla-caroli-e-a-nova-socia-do-moreira-menezes-martins-miranda-advogados\/\",\"name\":\"Carla Caroli \u00e9 a nova s\u00f3cia do Moreira Menezes, Martins Advogados - Moreira Menezes Martins\",\"isPartOf\":{\"@id\":\"https:\/\/moreiramenezes.com.br\/#website\"},\"primaryImageOfPage\":{\"@id\":\"https:\/\/moreiramenezes.com.br\/carla-caroli-e-a-nova-socia-do-moreira-menezes-martins-miranda-advogados\/#primaryimage\"},\"image\":{\"@id\":\"https:\/\/moreiramenezes.com.br\/carla-caroli-e-a-nova-socia-do-moreira-menezes-martins-miranda-advogados\/#primaryimage\"},\"thumbnailUrl\":\"https:\/\/moreiramenezes.com.br\/wp-content\/uploads\/2018\/06\/imagem.png\",\"datePublished\":\"2018-06-28T18:37:50+00:00\",\"author\":{\"@id\":\"https:\/\/moreiramenezes.com.br\/#\/schema\/person\/d525376b6c67f0d68e4dfc4475c65d78\"},\"breadcrumb\":{\"@id\":\"https:\/\/moreiramenezes.com.br\/carla-caroli-e-a-nova-socia-do-moreira-menezes-martins-miranda-advogados\/#breadcrumb\"},\"inLanguage\":\"en-US\",\"potentialAction\":[{\"@type\":\"ReadAction\",\"target\":[\"https:\/\/moreiramenezes.com.br\/carla-caroli-e-a-nova-socia-do-moreira-menezes-martins-miranda-advogados\/\"]}]},{\"@type\":\"ImageObject\",\"inLanguage\":\"en-US\",\"@id\":\"https:\/\/moreiramenezes.com.br\/carla-caroli-e-a-nova-socia-do-moreira-menezes-martins-miranda-advogados\/#primaryimage\",\"url\":\"https:\/\/moreiramenezes.com.br\/wp-content\/uploads\/2018\/06\/imagem.png\",\"contentUrl\":\"https:\/\/moreiramenezes.com.br\/wp-content\/uploads\/2018\/06\/imagem.png\"},{\"@type\":\"BreadcrumbList\",\"@id\":\"https:\/\/moreiramenezes.com.br\/carla-caroli-e-a-nova-socia-do-moreira-menezes-martins-miranda-advogados\/#breadcrumb\",\"itemListElement\":[{\"@type\":\"ListItem\",\"position\":1,\"name\":\"In\u00edcio\",\"item\":\"https:\/\/moreiramenezes.com.br\/\"},{\"@type\":\"ListItem\",\"position\":2,\"name\":\"Not\u00edcias\",\"item\":\"https:\/\/moreiramenezes.com.br\/categorias\/noticias\/\"},{\"@type\":\"ListItem\",\"position\":3,\"name\":\"Carla Caroli \u00e9 a nova s\u00f3cia do Moreira Menezes, Martins Advogados\"}]},{\"@type\":\"WebSite\",\"@id\":\"https:\/\/moreiramenezes.com.br\/#website\",\"url\":\"https:\/\/moreiramenezes.com.br\/\",\"name\":\"Moreira Menezes Martins\",\"description\":\"Moreira Menezes Martins - Advogados\",\"potentialAction\":[{\"@type\":\"SearchAction\",\"target\":{\"@type\":\"EntryPoint\",\"urlTemplate\":\"https:\/\/moreiramenezes.com.br\/?s={search_term_string}\"},\"query-input\":{\"@type\":\"PropertyValueSpecification\",\"valueRequired\":true,\"valueName\":\"search_term_string\"}}],\"inLanguage\":\"en-US\"},{\"@type\":\"Person\",\"@id\":\"https:\/\/moreiramenezes.com.br\/#\/schema\/person\/d525376b6c67f0d68e4dfc4475c65d78\",\"name\":\"mmm\",\"image\":{\"@type\":\"ImageObject\",\"inLanguage\":\"en-US\",\"@id\":\"https:\/\/moreiramenezes.com.br\/#\/schema\/person\/image\/\",\"url\":\"https:\/\/secure.gravatar.com\/avatar\/b16ca84b829f7fb3fcc92f2393d367798a989833972255f9a2b76b056e135746?s=96&d=mm&r=g\",\"contentUrl\":\"https:\/\/secure.gravatar.com\/avatar\/b16ca84b829f7fb3fcc92f2393d367798a989833972255f9a2b76b056e135746?s=96&d=mm&r=g\",\"caption\":\"mmm\"},\"sameAs\":[\"https:\/\/moreiramenezes.com\"],\"url\":\"https:\/\/moreiramenezes.com.br\/en\/author\/mmm\/\"}]}<\/script>\n<!-- \/ Yoast SEO plugin. -->","yoast_head_json":{"title":"Carla Caroli \u00e9 a nova s\u00f3cia do Moreira Menezes, Martins Advogados - Moreira Menezes Martins","robots":{"index":"index","follow":"follow","max-snippet":"max-snippet:-1","max-image-preview":"max-image-preview:large","max-video-preview":"max-video-preview:-1"},"canonical":"https:\/\/moreiramenezes.com.br\/en\/carla-caroli-e-a-nova-socia-do-moreira-menezes-martins-miranda-advogados\/","og_locale":"en_US","og_type":"article","og_title":"Carla Caroli \u00e9 a nova s\u00f3cia do Moreira Menezes, Martins Advogados - Moreira Menezes Martins","og_description":"Com mais de 10 anos de experi\u00eancia como advogada na \u00e1rea do Direito Empresarial em relevantes sociedades empres\u00e1rias e escrit\u00f3rios de advocacia no Brasil e no exterior, a nova s\u00f3cia contribuir\u00e1 para a expans\u00e3o internacional do Escrit\u00f3rio.","og_url":"https:\/\/moreiramenezes.com.br\/en\/carla-caroli-e-a-nova-socia-do-moreira-menezes-martins-miranda-advogados\/","og_site_name":"Moreira Menezes Martins","article_published_time":"2018-06-28T18:37:50+00:00","og_image":[{"url":"https:\/\/moreiramenezes.com.br\/wp-content\/uploads\/2018\/06\/imagem.png","type":"","width":"","height":""}],"author":"mmm","twitter_card":"summary_large_image","twitter_misc":{"Written by":"mmm","Est. reading time":"1 minute"},"schema":{"@context":"https:\/\/schema.org","@graph":[{"@type":"Article","@id":"https:\/\/moreiramenezes.com.br\/carla-caroli-e-a-nova-socia-do-moreira-menezes-martins-miranda-advogados\/#article","isPartOf":{"@id":"https:\/\/moreiramenezes.com.br\/carla-caroli-e-a-nova-socia-do-moreira-menezes-martins-miranda-advogados\/"},"author":{"name":"mmm","@id":"https:\/\/moreiramenezes.com.br\/#\/schema\/person\/d525376b6c67f0d68e4dfc4475c65d78"},"headline":"Carla Caroli \u00e9 a nova s\u00f3cia do Moreira Menezes, Martins Advogados","datePublished":"2018-06-28T18:37:50+00:00","mainEntityOfPage":{"@id":"https:\/\/moreiramenezes.com.br\/carla-caroli-e-a-nova-socia-do-moreira-menezes-martins-miranda-advogados\/"},"wordCount":237,"image":{"@id":"https:\/\/moreiramenezes.com.br\/carla-caroli-e-a-nova-socia-do-moreira-menezes-martins-miranda-advogados\/#primaryimage"},"thumbnailUrl":"https:\/\/moreiramenezes.com.br\/wp-content\/uploads\/2018\/06\/imagem.png","articleSection":["Not\u00edcias"],"inLanguage":"en-US"},{"@type":"WebPage","@id":"https:\/\/moreiramenezes.com.br\/carla-caroli-e-a-nova-socia-do-moreira-menezes-martins-miranda-advogados\/","url":"https:\/\/moreiramenezes.com.br\/carla-caroli-e-a-nova-socia-do-moreira-menezes-martins-miranda-advogados\/","name":"Carla Caroli \u00e9 a nova s\u00f3cia do Moreira Menezes, Martins Advogados - Moreira Menezes Martins","isPartOf":{"@id":"https:\/\/moreiramenezes.com.br\/#website"},"primaryImageOfPage":{"@id":"https:\/\/moreiramenezes.com.br\/carla-caroli-e-a-nova-socia-do-moreira-menezes-martins-miranda-advogados\/#primaryimage"},"image":{"@id":"https:\/\/moreiramenezes.com.br\/carla-caroli-e-a-nova-socia-do-moreira-menezes-martins-miranda-advogados\/#primaryimage"},"thumbnailUrl":"https:\/\/moreiramenezes.com.br\/wp-content\/uploads\/2018\/06\/imagem.png","datePublished":"2018-06-28T18:37:50+00:00","author":{"@id":"https:\/\/moreiramenezes.com.br\/#\/schema\/person\/d525376b6c67f0d68e4dfc4475c65d78"},"breadcrumb":{"@id":"https:\/\/moreiramenezes.com.br\/carla-caroli-e-a-nova-socia-do-moreira-menezes-martins-miranda-advogados\/#breadcrumb"},"inLanguage":"en-US","potentialAction":[{"@type":"ReadAction","target":["https:\/\/moreiramenezes.com.br\/carla-caroli-e-a-nova-socia-do-moreira-menezes-martins-miranda-advogados\/"]}]},{"@type":"ImageObject","inLanguage":"en-US","@id":"https:\/\/moreiramenezes.com.br\/carla-caroli-e-a-nova-socia-do-moreira-menezes-martins-miranda-advogados\/#primaryimage","url":"https:\/\/moreiramenezes.com.br\/wp-content\/uploads\/2018\/06\/imagem.png","contentUrl":"https:\/\/moreiramenezes.com.br\/wp-content\/uploads\/2018\/06\/imagem.png"},{"@type":"BreadcrumbList","@id":"https:\/\/moreiramenezes.com.br\/carla-caroli-e-a-nova-socia-do-moreira-menezes-martins-miranda-advogados\/#breadcrumb","itemListElement":[{"@type":"ListItem","position":1,"name":"In\u00edcio","item":"https:\/\/moreiramenezes.com.br\/"},{"@type":"ListItem","position":2,"name":"Not\u00edcias","item":"https:\/\/moreiramenezes.com.br\/categorias\/noticias\/"},{"@type":"ListItem","position":3,"name":"Carla Caroli \u00e9 a nova s\u00f3cia do Moreira Menezes, Martins Advogados"}]},{"@type":"WebSite","@id":"https:\/\/moreiramenezes.com.br\/#website","url":"https:\/\/moreiramenezes.com.br\/","name":"Moreira Menezes Martins","description":"Moreira Menezes Martins - Advogados","potentialAction":[{"@type":"SearchAction","target":{"@type":"EntryPoint","urlTemplate":"https:\/\/moreiramenezes.com.br\/?s={search_term_string}"},"query-input":{"@type":"PropertyValueSpecification","valueRequired":true,"valueName":"search_term_string"}}],"inLanguage":"en-US"},{"@type":"Person","@id":"https:\/\/moreiramenezes.com.br\/#\/schema\/person\/d525376b6c67f0d68e4dfc4475c65d78","name":"mmm","image":{"@type":"ImageObject","inLanguage":"en-US","@id":"https:\/\/moreiramenezes.com.br\/#\/schema\/person\/image\/","url":"https:\/\/secure.gravatar.com\/avatar\/b16ca84b829f7fb3fcc92f2393d367798a989833972255f9a2b76b056e135746?s=96&d=mm&r=g","contentUrl":"https:\/\/secure.gravatar.com\/avatar\/b16ca84b829f7fb3fcc92f2393d367798a989833972255f9a2b76b056e135746?s=96&d=mm&r=g","caption":"mmm"},"sameAs":["https:\/\/moreiramenezes.com"],"url":"https:\/\/moreiramenezes.com.br\/en\/author\/mmm\/"}]}},"_links":{"self":[{"href":"https:\/\/moreiramenezes.com.br\/en\/wp-json\/wp\/v2\/posts\/1262","targetHints":{"allow":["GET"]}}],"collection":[{"href":"https:\/\/moreiramenezes.com.br\/en\/wp-json\/wp\/v2\/posts"}],"about":[{"href":"https:\/\/moreiramenezes.com.br\/en\/wp-json\/wp\/v2\/types\/post"}],"author":[{"embeddable":true,"href":"https:\/\/moreiramenezes.com.br\/en\/wp-json\/wp\/v2\/users\/1"}],"replies":[{"embeddable":true,"href":"https:\/\/moreiramenezes.com.br\/en\/wp-json\/wp\/v2\/comments?post=1262"}],"version-history":[{"count":0,"href":"https:\/\/moreiramenezes.com.br\/en\/wp-json\/wp\/v2\/posts\/1262\/revisions"}],"wp:attachment":[{"href":"https:\/\/moreiramenezes.com.br\/en\/wp-json\/wp\/v2\/media?parent=1262"}],"wp:term":[{"taxonomy":"category","embeddable":true,"href":"https:\/\/moreiramenezes.com.br\/en\/wp-json\/wp\/v2\/categories?post=1262"},{"taxonomy":"post_tag","embeddable":true,"href":"https:\/\/moreiramenezes.com.br\/en\/wp-json\/wp\/v2\/tags?post=1262"}],"curies":[{"name":"wp","href":"https:\/\/api.w.org\/{rel}","templated":true}]}}