{"id":1255,"date":"2018-06-21T12:22:14","date_gmt":"2018-06-21T15:22:14","guid":{"rendered":"http:\/\/www.moreiramenezes.com.br\/?post_type=publicacoes&amp;p=1255"},"modified":"2018-06-21T12:22:14","modified_gmt":"2018-06-21T15:22:14","slug":"mauricio-menezes-participa-do-seminario-compliance-corporativo-a-resposta-para-o-cenario-politico-e-economico-no-brasil-realizado-em-recife","status":"publish","type":"post","link":"https:\/\/moreiramenezes.com.br\/en\/mauricio-menezes-participa-do-seminario-compliance-corporativo-a-resposta-para-o-cenario-politico-e-economico-no-brasil-realizado-em-recife\/","title":{"rendered":"Mauricio Moreira Menezes participa do semin\u00e1rio &#8220;Compliance Corporativo: a resposta para o cen\u00e1rio pol\u00edtico e econ\u00f4mico no Brasil&#8221;, realizado em Recife"},"content":{"rendered":"<p>No dia 11 de junho, Mauricio Moreira Menezes, s\u00f3cio do Moreira Menezes, Martins, Advogados, esteve presente no evento Compliance Summit 2018, que ocorreu na cidade de Recife. O tema principal, \u201cCompliance Corporativo\u201d, foi intensamente discutido pelo audit\u00f3rio, composto majoritariamente por empres\u00e1rios atentos \u00e0 necessidade de adapta\u00e7\u00e3o de suas organiza\u00e7\u00f5es \u00e0s novas exig\u00eancias trazidas pela Lei n\u00ba 12.846\/2013 (\u201cLei Anticorrup\u00e7\u00e3o\u201d).<\/p>\n<p>O evento teve como objetivo evidenciar a import\u00e2ncia da implanta\u00e7\u00e3o e cont\u00ednua melhoria dos programas de compliance, sempre em conformidade com a \u00a0realidade da empresa, al\u00e9m de identificar os riscos inerente as atividades de cada uma e, com isso, prestar aux\u00edlio na preven\u00e7\u00e3o e controle desses riscos.<\/p>\n<p>Dentro desse contexto, Maur\u00edcio Menezes, que \u00e9 professor titular de Direito Comercial da Universidade do Estado do Rio de Janeiro (UERJ), \u00a0centrou sua exposi\u00e7\u00e3o na fun\u00e7\u00e3o promocional da \u00a0responsabilidade objetiva anticorrup\u00e7\u00e3o, no sentido de incentivar constantes aperfei\u00e7oamentos dos programas de compliance, a fim de preservar sua efetividade.<\/p>","protected":false},"excerpt":{"rendered":"<p>O tema principal, \u201cCompliance Corporativo\u201d, foi intensamente discutido pelo audit\u00f3rio, composto majoritariamente por empres\u00e1rios atentos \u00e0 necessidade de adapta\u00e7\u00e3o de suas organiza\u00e7\u00f5es \u00e0s novas exig\u00eancias trazidas pela Lei n\u00ba 12.846\/2013 (\u201cLei Anticorrup\u00e7\u00e3o\u201d).<\/p>","protected":false},"author":1,"featured_media":0,"comment_status":"closed","ping_status":"closed","sticky":false,"template":"","format":"standard","meta":{"footnotes":""},"categories":[5],"tags":[],"class_list":["post-1255","post","type-post","status-publish","format-standard","hentry","category-noticias"],"yoast_head":"<!-- This site is optimized with the Yoast SEO plugin v26.9 - https:\/\/yoast.com\/product\/yoast-seo-wordpress\/ -->\n<title>Mauricio Moreira Menezes participa do semin\u00e1rio &quot;Compliance Corporativo: a resposta para o cen\u00e1rio pol\u00edtico e econ\u00f4mico no Brasil&quot;, realizado em Recife - Moreira Menezes Martins<\/title>\n<meta name=\"robots\" content=\"index, follow, max-snippet:-1, max-image-preview:large, max-video-preview:-1\" \/>\n<link rel=\"canonical\" href=\"https:\/\/moreiramenezes.com.br\/en\/mauricio-menezes-participa-do-seminario-compliance-corporativo-a-resposta-para-o-cenario-politico-e-economico-no-brasil-realizado-em-recife\/\" \/>\n<meta property=\"og:locale\" content=\"en_US\" \/>\n<meta property=\"og:type\" content=\"article\" \/>\n<meta property=\"og:title\" content=\"Mauricio Moreira Menezes participa do semin\u00e1rio &quot;Compliance Corporativo: a resposta para o cen\u00e1rio pol\u00edtico e econ\u00f4mico no Brasil&quot;, realizado em Recife - Moreira Menezes Martins\" \/>\n<meta property=\"og:description\" content=\"O tema principal, \u201cCompliance Corporativo\u201d, foi intensamente discutido pelo audit\u00f3rio, composto majoritariamente por empres\u00e1rios atentos \u00e0 necessidade de adapta\u00e7\u00e3o de suas organiza\u00e7\u00f5es \u00e0s novas exig\u00eancias trazidas pela Lei n\u00ba 12.846\/2013 (\u201cLei Anticorrup\u00e7\u00e3o\u201d).\" \/>\n<meta property=\"og:url\" content=\"https:\/\/moreiramenezes.com.br\/en\/mauricio-menezes-participa-do-seminario-compliance-corporativo-a-resposta-para-o-cenario-politico-e-economico-no-brasil-realizado-em-recife\/\" \/>\n<meta property=\"og:site_name\" content=\"Moreira Menezes Martins\" \/>\n<meta property=\"article:published_time\" content=\"2018-06-21T15:22:14+00:00\" \/>\n<meta name=\"author\" content=\"mmm\" \/>\n<meta name=\"twitter:card\" content=\"summary_large_image\" \/>\n<meta name=\"twitter:label1\" content=\"Written by\" \/>\n\t<meta name=\"twitter:data1\" content=\"mmm\" \/>\n\t<meta name=\"twitter:label2\" content=\"Est. reading time\" \/>\n\t<meta name=\"twitter:data2\" content=\"1 minute\" \/>\n<script type=\"application\/ld+json\" class=\"yoast-schema-graph\">{\"@context\":\"https:\/\/schema.org\",\"@graph\":[{\"@type\":\"Article\",\"@id\":\"https:\/\/moreiramenezes.com.br\/mauricio-menezes-participa-do-seminario-compliance-corporativo-a-resposta-para-o-cenario-politico-e-economico-no-brasil-realizado-em-recife\/#article\",\"isPartOf\":{\"@id\":\"https:\/\/moreiramenezes.com.br\/mauricio-menezes-participa-do-seminario-compliance-corporativo-a-resposta-para-o-cenario-politico-e-economico-no-brasil-realizado-em-recife\/\"},\"author\":{\"name\":\"mmm\",\"@id\":\"https:\/\/moreiramenezes.com.br\/#\/schema\/person\/d525376b6c67f0d68e4dfc4475c65d78\"},\"headline\":\"Mauricio Moreira Menezes participa do semin\u00e1rio &#8220;Compliance Corporativo: a resposta para o cen\u00e1rio pol\u00edtico e econ\u00f4mico no Brasil&#8221;, realizado em Recife\",\"datePublished\":\"2018-06-21T15:22:14+00:00\",\"mainEntityOfPage\":{\"@id\":\"https:\/\/moreiramenezes.com.br\/mauricio-menezes-participa-do-seminario-compliance-corporativo-a-resposta-para-o-cenario-politico-e-economico-no-brasil-realizado-em-recife\/\"},\"wordCount\":191,\"articleSection\":[\"Not\u00edcias\"],\"inLanguage\":\"en-US\"},{\"@type\":\"WebPage\",\"@id\":\"https:\/\/moreiramenezes.com.br\/mauricio-menezes-participa-do-seminario-compliance-corporativo-a-resposta-para-o-cenario-politico-e-economico-no-brasil-realizado-em-recife\/\",\"url\":\"https:\/\/moreiramenezes.com.br\/mauricio-menezes-participa-do-seminario-compliance-corporativo-a-resposta-para-o-cenario-politico-e-economico-no-brasil-realizado-em-recife\/\",\"name\":\"Mauricio Moreira Menezes participa do semin\u00e1rio \\\"Compliance Corporativo: a resposta para o cen\u00e1rio pol\u00edtico e econ\u00f4mico no Brasil\\\", realizado em Recife - Moreira Menezes Martins\",\"isPartOf\":{\"@id\":\"https:\/\/moreiramenezes.com.br\/#website\"},\"datePublished\":\"2018-06-21T15:22:14+00:00\",\"author\":{\"@id\":\"https:\/\/moreiramenezes.com.br\/#\/schema\/person\/d525376b6c67f0d68e4dfc4475c65d78\"},\"breadcrumb\":{\"@id\":\"https:\/\/moreiramenezes.com.br\/mauricio-menezes-participa-do-seminario-compliance-corporativo-a-resposta-para-o-cenario-politico-e-economico-no-brasil-realizado-em-recife\/#breadcrumb\"},\"inLanguage\":\"en-US\",\"potentialAction\":[{\"@type\":\"ReadAction\",\"target\":[\"https:\/\/moreiramenezes.com.br\/mauricio-menezes-participa-do-seminario-compliance-corporativo-a-resposta-para-o-cenario-politico-e-economico-no-brasil-realizado-em-recife\/\"]}]},{\"@type\":\"BreadcrumbList\",\"@id\":\"https:\/\/moreiramenezes.com.br\/mauricio-menezes-participa-do-seminario-compliance-corporativo-a-resposta-para-o-cenario-politico-e-economico-no-brasil-realizado-em-recife\/#breadcrumb\",\"itemListElement\":[{\"@type\":\"ListItem\",\"position\":1,\"name\":\"In\u00edcio\",\"item\":\"https:\/\/moreiramenezes.com.br\/\"},{\"@type\":\"ListItem\",\"position\":2,\"name\":\"Not\u00edcias\",\"item\":\"https:\/\/moreiramenezes.com.br\/categorias\/noticias\/\"},{\"@type\":\"ListItem\",\"position\":3,\"name\":\"Mauricio Moreira Menezes participa do semin\u00e1rio &#8220;Compliance Corporativo: a resposta para o cen\u00e1rio pol\u00edtico e econ\u00f4mico no Brasil&#8221;, realizado em Recife\"}]},{\"@type\":\"WebSite\",\"@id\":\"https:\/\/moreiramenezes.com.br\/#website\",\"url\":\"https:\/\/moreiramenezes.com.br\/\",\"name\":\"Moreira Menezes Martins\",\"description\":\"Moreira Menezes Martins - Advogados\",\"potentialAction\":[{\"@type\":\"SearchAction\",\"target\":{\"@type\":\"EntryPoint\",\"urlTemplate\":\"https:\/\/moreiramenezes.com.br\/?s={search_term_string}\"},\"query-input\":{\"@type\":\"PropertyValueSpecification\",\"valueRequired\":true,\"valueName\":\"search_term_string\"}}],\"inLanguage\":\"en-US\"},{\"@type\":\"Person\",\"@id\":\"https:\/\/moreiramenezes.com.br\/#\/schema\/person\/d525376b6c67f0d68e4dfc4475c65d78\",\"name\":\"mmm\",\"image\":{\"@type\":\"ImageObject\",\"inLanguage\":\"en-US\",\"@id\":\"https:\/\/moreiramenezes.com.br\/#\/schema\/person\/image\/\",\"url\":\"https:\/\/secure.gravatar.com\/avatar\/b16ca84b829f7fb3fcc92f2393d367798a989833972255f9a2b76b056e135746?s=96&d=mm&r=g\",\"contentUrl\":\"https:\/\/secure.gravatar.com\/avatar\/b16ca84b829f7fb3fcc92f2393d367798a989833972255f9a2b76b056e135746?s=96&d=mm&r=g\",\"caption\":\"mmm\"},\"sameAs\":[\"https:\/\/moreiramenezes.com\"],\"url\":\"https:\/\/moreiramenezes.com.br\/en\/author\/mmm\/\"}]}<\/script>\n<!-- \/ Yoast SEO plugin. -->","yoast_head_json":{"title":"Mauricio Moreira Menezes participa do semin\u00e1rio \"Compliance Corporativo: a resposta para o cen\u00e1rio pol\u00edtico e econ\u00f4mico no Brasil\", realizado em Recife - Moreira Menezes Martins","robots":{"index":"index","follow":"follow","max-snippet":"max-snippet:-1","max-image-preview":"max-image-preview:large","max-video-preview":"max-video-preview:-1"},"canonical":"https:\/\/moreiramenezes.com.br\/en\/mauricio-menezes-participa-do-seminario-compliance-corporativo-a-resposta-para-o-cenario-politico-e-economico-no-brasil-realizado-em-recife\/","og_locale":"en_US","og_type":"article","og_title":"Mauricio Moreira Menezes participa do semin\u00e1rio \"Compliance Corporativo: a resposta para o cen\u00e1rio pol\u00edtico e econ\u00f4mico no Brasil\", realizado em Recife - Moreira Menezes Martins","og_description":"O tema principal, \u201cCompliance Corporativo\u201d, foi intensamente discutido pelo audit\u00f3rio, composto majoritariamente por empres\u00e1rios atentos \u00e0 necessidade de adapta\u00e7\u00e3o de suas organiza\u00e7\u00f5es \u00e0s novas exig\u00eancias trazidas pela Lei n\u00ba 12.846\/2013 (\u201cLei Anticorrup\u00e7\u00e3o\u201d).","og_url":"https:\/\/moreiramenezes.com.br\/en\/mauricio-menezes-participa-do-seminario-compliance-corporativo-a-resposta-para-o-cenario-politico-e-economico-no-brasil-realizado-em-recife\/","og_site_name":"Moreira Menezes Martins","article_published_time":"2018-06-21T15:22:14+00:00","author":"mmm","twitter_card":"summary_large_image","twitter_misc":{"Written by":"mmm","Est. reading time":"1 minute"},"schema":{"@context":"https:\/\/schema.org","@graph":[{"@type":"Article","@id":"https:\/\/moreiramenezes.com.br\/mauricio-menezes-participa-do-seminario-compliance-corporativo-a-resposta-para-o-cenario-politico-e-economico-no-brasil-realizado-em-recife\/#article","isPartOf":{"@id":"https:\/\/moreiramenezes.com.br\/mauricio-menezes-participa-do-seminario-compliance-corporativo-a-resposta-para-o-cenario-politico-e-economico-no-brasil-realizado-em-recife\/"},"author":{"name":"mmm","@id":"https:\/\/moreiramenezes.com.br\/#\/schema\/person\/d525376b6c67f0d68e4dfc4475c65d78"},"headline":"Mauricio Moreira Menezes participa do semin\u00e1rio &#8220;Compliance Corporativo: a resposta para o cen\u00e1rio pol\u00edtico e econ\u00f4mico no Brasil&#8221;, realizado em Recife","datePublished":"2018-06-21T15:22:14+00:00","mainEntityOfPage":{"@id":"https:\/\/moreiramenezes.com.br\/mauricio-menezes-participa-do-seminario-compliance-corporativo-a-resposta-para-o-cenario-politico-e-economico-no-brasil-realizado-em-recife\/"},"wordCount":191,"articleSection":["Not\u00edcias"],"inLanguage":"en-US"},{"@type":"WebPage","@id":"https:\/\/moreiramenezes.com.br\/mauricio-menezes-participa-do-seminario-compliance-corporativo-a-resposta-para-o-cenario-politico-e-economico-no-brasil-realizado-em-recife\/","url":"https:\/\/moreiramenezes.com.br\/mauricio-menezes-participa-do-seminario-compliance-corporativo-a-resposta-para-o-cenario-politico-e-economico-no-brasil-realizado-em-recife\/","name":"Mauricio Moreira Menezes participa do semin\u00e1rio \"Compliance Corporativo: a resposta para o cen\u00e1rio pol\u00edtico e econ\u00f4mico no Brasil\", realizado em Recife - Moreira Menezes Martins","isPartOf":{"@id":"https:\/\/moreiramenezes.com.br\/#website"},"datePublished":"2018-06-21T15:22:14+00:00","author":{"@id":"https:\/\/moreiramenezes.com.br\/#\/schema\/person\/d525376b6c67f0d68e4dfc4475c65d78"},"breadcrumb":{"@id":"https:\/\/moreiramenezes.com.br\/mauricio-menezes-participa-do-seminario-compliance-corporativo-a-resposta-para-o-cenario-politico-e-economico-no-brasil-realizado-em-recife\/#breadcrumb"},"inLanguage":"en-US","potentialAction":[{"@type":"ReadAction","target":["https:\/\/moreiramenezes.com.br\/mauricio-menezes-participa-do-seminario-compliance-corporativo-a-resposta-para-o-cenario-politico-e-economico-no-brasil-realizado-em-recife\/"]}]},{"@type":"BreadcrumbList","@id":"https:\/\/moreiramenezes.com.br\/mauricio-menezes-participa-do-seminario-compliance-corporativo-a-resposta-para-o-cenario-politico-e-economico-no-brasil-realizado-em-recife\/#breadcrumb","itemListElement":[{"@type":"ListItem","position":1,"name":"In\u00edcio","item":"https:\/\/moreiramenezes.com.br\/"},{"@type":"ListItem","position":2,"name":"Not\u00edcias","item":"https:\/\/moreiramenezes.com.br\/categorias\/noticias\/"},{"@type":"ListItem","position":3,"name":"Mauricio Moreira Menezes participa do semin\u00e1rio &#8220;Compliance Corporativo: a resposta para o cen\u00e1rio pol\u00edtico e econ\u00f4mico no Brasil&#8221;, realizado em Recife"}]},{"@type":"WebSite","@id":"https:\/\/moreiramenezes.com.br\/#website","url":"https:\/\/moreiramenezes.com.br\/","name":"Moreira Menezes Martins","description":"Moreira Menezes Martins - Advogados","potentialAction":[{"@type":"SearchAction","target":{"@type":"EntryPoint","urlTemplate":"https:\/\/moreiramenezes.com.br\/?s={search_term_string}"},"query-input":{"@type":"PropertyValueSpecification","valueRequired":true,"valueName":"search_term_string"}}],"inLanguage":"en-US"},{"@type":"Person","@id":"https:\/\/moreiramenezes.com.br\/#\/schema\/person\/d525376b6c67f0d68e4dfc4475c65d78","name":"mmm","image":{"@type":"ImageObject","inLanguage":"en-US","@id":"https:\/\/moreiramenezes.com.br\/#\/schema\/person\/image\/","url":"https:\/\/secure.gravatar.com\/avatar\/b16ca84b829f7fb3fcc92f2393d367798a989833972255f9a2b76b056e135746?s=96&d=mm&r=g","contentUrl":"https:\/\/secure.gravatar.com\/avatar\/b16ca84b829f7fb3fcc92f2393d367798a989833972255f9a2b76b056e135746?s=96&d=mm&r=g","caption":"mmm"},"sameAs":["https:\/\/moreiramenezes.com"],"url":"https:\/\/moreiramenezes.com.br\/en\/author\/mmm\/"}]}},"_links":{"self":[{"href":"https:\/\/moreiramenezes.com.br\/en\/wp-json\/wp\/v2\/posts\/1255","targetHints":{"allow":["GET"]}}],"collection":[{"href":"https:\/\/moreiramenezes.com.br\/en\/wp-json\/wp\/v2\/posts"}],"about":[{"href":"https:\/\/moreiramenezes.com.br\/en\/wp-json\/wp\/v2\/types\/post"}],"author":[{"embeddable":true,"href":"https:\/\/moreiramenezes.com.br\/en\/wp-json\/wp\/v2\/users\/1"}],"replies":[{"embeddable":true,"href":"https:\/\/moreiramenezes.com.br\/en\/wp-json\/wp\/v2\/comments?post=1255"}],"version-history":[{"count":0,"href":"https:\/\/moreiramenezes.com.br\/en\/wp-json\/wp\/v2\/posts\/1255\/revisions"}],"wp:attachment":[{"href":"https:\/\/moreiramenezes.com.br\/en\/wp-json\/wp\/v2\/media?parent=1255"}],"wp:term":[{"taxonomy":"category","embeddable":true,"href":"https:\/\/moreiramenezes.com.br\/en\/wp-json\/wp\/v2\/categories?post=1255"},{"taxonomy":"post_tag","embeddable":true,"href":"https:\/\/moreiramenezes.com.br\/en\/wp-json\/wp\/v2\/tags?post=1255"}],"curies":[{"name":"wp","href":"https:\/\/api.w.org\/{rel}","templated":true}]}}