{"id":1251,"date":"2018-05-17T10:21:09","date_gmt":"2018-05-17T13:21:09","guid":{"rendered":"http:\/\/www.moreiramenezes.com.br\/?post_type=publicacoes&amp;p=1251"},"modified":"2018-05-17T10:21:09","modified_gmt":"2018-05-17T13:21:09","slug":"moreira-menezes-martins-miranda-advogados-colaborara-para-a-realizacao-da-conferencia-icc-international-compliance-2","status":"publish","type":"post","link":"https:\/\/moreiramenezes.com.br\/en\/moreira-menezes-martins-miranda-advogados-colaborara-para-a-realizacao-da-conferencia-icc-international-compliance-2\/","title":{"rendered":"Moreira Menezes, Martins Advogados colaborar\u00e1 para a realiza\u00e7\u00e3o da confer\u00eancia \u201cICC International Compliance\u201d"},"content":{"rendered":"<p>No dia\u00a0<a href=\"x-apple-data-detectors:\/\/0\">28 de maio de 2018<\/a>,\u00a0\u00a0ser\u00e1 realizada em S\u00e3o Paulo a confer\u00eancia\u00a0\u201cICC International Compliance\u201d, organizada pelo ICC Brasil, que ter\u00e1 como tema central \u201cPrevention Against Transnational Corruption\u201d.<\/p>\n<p>Moreira Menezes, Martins Advogados colaborar\u00e1 como um dos patrocinadores do evento, recomendado a profissionais que lidam com os desafios de reforma da estrutura de controles internos das empresas brasileiras.<\/p>\n<p>Mais uma iniciativa para o desenvolvimento da cultura anticorrup\u00e7\u00e3o no Brasil, de fundamental import\u00e2ncia para a melhoria de nosso ambiente de neg\u00f3cios.<\/p>\n<p>Maiores informa\u00e7\u00f5es sobre o evento podem ser obtidas no banner de divulga\u00e7\u00e3o abaixo reproduzido:<\/p>\n<p><a href=\"https:\/\/moreiramenezes.com.br\/wp-content\/uploads\/2018\/05\/image001-002.jpg\"><img fetchpriority=\"high\" decoding=\"async\" class=\"alignleft wp-image-1252\" src=\"https:\/\/moreiramenezes.com.br\/wp-content\/uploads\/2018\/05\/image001-002-156x300.jpg\" alt=\"\" width=\"177\" height=\"340\" \/><\/a><\/p>\n<div id=\"websigner_softplan_com_br\" class=\"websigner_softplan_com_br\" style=\"display: none;\"><\/div>\n<div id=\"websigner_softplan_com_br\" class=\"websigner_softplan_com_br\" style=\"display: none;\"><\/div>","protected":false},"excerpt":{"rendered":"<p>No dia\u00a028 de maio de 2018,\u00a0\u00a0ser\u00e1 realizada em S\u00e3o Paulo a confer\u00eancia\u00a0\u201cICC International Compliance\u201d, organizada pelo ICC Brasil, que ter\u00e1 como tema central \u201cPrevention Against Transnational Corruption\u201d. Moreira Menezes, Martins Advogados colaborar\u00e1 como um dos patrocinadores do evento, recomendado a profissionais que lidam com os desafios de reforma da estrutura de controles internos das empresas [&hellip;]<\/p>","protected":false},"author":1,"featured_media":0,"comment_status":"closed","ping_status":"closed","sticky":false,"template":"","format":"standard","meta":{"footnotes":""},"categories":[5],"tags":[],"class_list":["post-1251","post","type-post","status-publish","format-standard","hentry","category-noticias"],"yoast_head":"<!-- This site is optimized with the Yoast SEO plugin v26.9 - https:\/\/yoast.com\/product\/yoast-seo-wordpress\/ -->\n<title>Moreira Menezes, Martins Advogados colaborar\u00e1 para a realiza\u00e7\u00e3o da confer\u00eancia \u201cICC International Compliance\u201d - Moreira Menezes Martins<\/title>\n<meta name=\"robots\" content=\"index, follow, max-snippet:-1, max-image-preview:large, max-video-preview:-1\" \/>\n<link rel=\"canonical\" href=\"https:\/\/moreiramenezes.com.br\/en\/moreira-menezes-martins-miranda-advogados-colaborara-para-a-realizacao-da-conferencia-icc-international-compliance-2\/\" \/>\n<meta property=\"og:locale\" content=\"en_US\" \/>\n<meta property=\"og:type\" content=\"article\" \/>\n<meta property=\"og:title\" content=\"Moreira Menezes, Martins Advogados colaborar\u00e1 para a realiza\u00e7\u00e3o da confer\u00eancia \u201cICC International Compliance\u201d - Moreira Menezes Martins\" \/>\n<meta property=\"og:description\" content=\"No dia\u00a028 de maio de 2018,\u00a0\u00a0ser\u00e1 realizada em S\u00e3o Paulo a confer\u00eancia\u00a0\u201cICC International Compliance\u201d, organizada pelo ICC Brasil, que ter\u00e1 como tema central \u201cPrevention Against Transnational Corruption\u201d. Moreira Menezes, Martins Advogados colaborar\u00e1 como um dos patrocinadores do evento, recomendado a profissionais que lidam com os desafios de reforma da estrutura de controles internos das empresas [&hellip;]\" \/>\n<meta property=\"og:url\" content=\"https:\/\/moreiramenezes.com.br\/en\/moreira-menezes-martins-miranda-advogados-colaborara-para-a-realizacao-da-conferencia-icc-international-compliance-2\/\" \/>\n<meta property=\"og:site_name\" content=\"Moreira Menezes Martins\" \/>\n<meta property=\"article:published_time\" content=\"2018-05-17T13:21:09+00:00\" \/>\n<meta property=\"og:image\" content=\"https:\/\/moreiramenezes.com.br\/wp-content\/uploads\/2018\/05\/image001-002-156x300.jpg\" \/>\n<meta name=\"author\" content=\"mmm\" \/>\n<meta name=\"twitter:card\" content=\"summary_large_image\" \/>\n<meta name=\"twitter:label1\" content=\"Written by\" \/>\n\t<meta name=\"twitter:data1\" content=\"mmm\" \/>\n\t<meta name=\"twitter:label2\" content=\"Est. reading time\" \/>\n\t<meta name=\"twitter:data2\" content=\"1 minute\" \/>\n<script type=\"application\/ld+json\" class=\"yoast-schema-graph\">{\"@context\":\"https:\/\/schema.org\",\"@graph\":[{\"@type\":\"Article\",\"@id\":\"https:\/\/moreiramenezes.com.br\/moreira-menezes-martins-miranda-advogados-colaborara-para-a-realizacao-da-conferencia-icc-international-compliance-2\/#article\",\"isPartOf\":{\"@id\":\"https:\/\/moreiramenezes.com.br\/moreira-menezes-martins-miranda-advogados-colaborara-para-a-realizacao-da-conferencia-icc-international-compliance-2\/\"},\"author\":{\"name\":\"mmm\",\"@id\":\"https:\/\/moreiramenezes.com.br\/#\/schema\/person\/d525376b6c67f0d68e4dfc4475c65d78\"},\"headline\":\"Moreira Menezes, Martins Advogados colaborar\u00e1 para a realiza\u00e7\u00e3o da confer\u00eancia \u201cICC International Compliance\u201d\",\"datePublished\":\"2018-05-17T13:21:09+00:00\",\"mainEntityOfPage\":{\"@id\":\"https:\/\/moreiramenezes.com.br\/moreira-menezes-martins-miranda-advogados-colaborara-para-a-realizacao-da-conferencia-icc-international-compliance-2\/\"},\"wordCount\":115,\"image\":{\"@id\":\"https:\/\/moreiramenezes.com.br\/moreira-menezes-martins-miranda-advogados-colaborara-para-a-realizacao-da-conferencia-icc-international-compliance-2\/#primaryimage\"},\"thumbnailUrl\":\"https:\/\/moreiramenezes.com.br\/wp-content\/uploads\/2018\/05\/image001-002-156x300.jpg\",\"articleSection\":[\"Not\u00edcias\"],\"inLanguage\":\"en-US\"},{\"@type\":\"WebPage\",\"@id\":\"https:\/\/moreiramenezes.com.br\/moreira-menezes-martins-miranda-advogados-colaborara-para-a-realizacao-da-conferencia-icc-international-compliance-2\/\",\"url\":\"https:\/\/moreiramenezes.com.br\/moreira-menezes-martins-miranda-advogados-colaborara-para-a-realizacao-da-conferencia-icc-international-compliance-2\/\",\"name\":\"Moreira Menezes, Martins Advogados colaborar\u00e1 para a realiza\u00e7\u00e3o da confer\u00eancia \u201cICC International Compliance\u201d - Moreira Menezes Martins\",\"isPartOf\":{\"@id\":\"https:\/\/moreiramenezes.com.br\/#website\"},\"primaryImageOfPage\":{\"@id\":\"https:\/\/moreiramenezes.com.br\/moreira-menezes-martins-miranda-advogados-colaborara-para-a-realizacao-da-conferencia-icc-international-compliance-2\/#primaryimage\"},\"image\":{\"@id\":\"https:\/\/moreiramenezes.com.br\/moreira-menezes-martins-miranda-advogados-colaborara-para-a-realizacao-da-conferencia-icc-international-compliance-2\/#primaryimage\"},\"thumbnailUrl\":\"https:\/\/moreiramenezes.com.br\/wp-content\/uploads\/2018\/05\/image001-002-156x300.jpg\",\"datePublished\":\"2018-05-17T13:21:09+00:00\",\"author\":{\"@id\":\"https:\/\/moreiramenezes.com.br\/#\/schema\/person\/d525376b6c67f0d68e4dfc4475c65d78\"},\"breadcrumb\":{\"@id\":\"https:\/\/moreiramenezes.com.br\/moreira-menezes-martins-miranda-advogados-colaborara-para-a-realizacao-da-conferencia-icc-international-compliance-2\/#breadcrumb\"},\"inLanguage\":\"en-US\",\"potentialAction\":[{\"@type\":\"ReadAction\",\"target\":[\"https:\/\/moreiramenezes.com.br\/moreira-menezes-martins-miranda-advogados-colaborara-para-a-realizacao-da-conferencia-icc-international-compliance-2\/\"]}]},{\"@type\":\"ImageObject\",\"inLanguage\":\"en-US\",\"@id\":\"https:\/\/moreiramenezes.com.br\/moreira-menezes-martins-miranda-advogados-colaborara-para-a-realizacao-da-conferencia-icc-international-compliance-2\/#primaryimage\",\"url\":\"https:\/\/moreiramenezes.com.br\/wp-content\/uploads\/2018\/05\/image001-002-156x300.jpg\",\"contentUrl\":\"https:\/\/moreiramenezes.com.br\/wp-content\/uploads\/2018\/05\/image001-002-156x300.jpg\"},{\"@type\":\"BreadcrumbList\",\"@id\":\"https:\/\/moreiramenezes.com.br\/moreira-menezes-martins-miranda-advogados-colaborara-para-a-realizacao-da-conferencia-icc-international-compliance-2\/#breadcrumb\",\"itemListElement\":[{\"@type\":\"ListItem\",\"position\":1,\"name\":\"In\u00edcio\",\"item\":\"https:\/\/moreiramenezes.com.br\/\"},{\"@type\":\"ListItem\",\"position\":2,\"name\":\"Not\u00edcias\",\"item\":\"https:\/\/moreiramenezes.com.br\/categorias\/noticias\/\"},{\"@type\":\"ListItem\",\"position\":3,\"name\":\"Moreira Menezes, Martins Advogados colaborar\u00e1 para a realiza\u00e7\u00e3o da confer\u00eancia \u201cICC International Compliance\u201d\"}]},{\"@type\":\"WebSite\",\"@id\":\"https:\/\/moreiramenezes.com.br\/#website\",\"url\":\"https:\/\/moreiramenezes.com.br\/\",\"name\":\"Moreira Menezes Martins\",\"description\":\"Moreira Menezes Martins - Advogados\",\"potentialAction\":[{\"@type\":\"SearchAction\",\"target\":{\"@type\":\"EntryPoint\",\"urlTemplate\":\"https:\/\/moreiramenezes.com.br\/?s={search_term_string}\"},\"query-input\":{\"@type\":\"PropertyValueSpecification\",\"valueRequired\":true,\"valueName\":\"search_term_string\"}}],\"inLanguage\":\"en-US\"},{\"@type\":\"Person\",\"@id\":\"https:\/\/moreiramenezes.com.br\/#\/schema\/person\/d525376b6c67f0d68e4dfc4475c65d78\",\"name\":\"mmm\",\"image\":{\"@type\":\"ImageObject\",\"inLanguage\":\"en-US\",\"@id\":\"https:\/\/moreiramenezes.com.br\/#\/schema\/person\/image\/\",\"url\":\"https:\/\/secure.gravatar.com\/avatar\/b16ca84b829f7fb3fcc92f2393d367798a989833972255f9a2b76b056e135746?s=96&d=mm&r=g\",\"contentUrl\":\"https:\/\/secure.gravatar.com\/avatar\/b16ca84b829f7fb3fcc92f2393d367798a989833972255f9a2b76b056e135746?s=96&d=mm&r=g\",\"caption\":\"mmm\"},\"sameAs\":[\"https:\/\/moreiramenezes.com\"],\"url\":\"https:\/\/moreiramenezes.com.br\/en\/author\/mmm\/\"}]}<\/script>\n<!-- \/ Yoast SEO plugin. -->","yoast_head_json":{"title":"Moreira Menezes, Martins Advogados colaborar\u00e1 para a realiza\u00e7\u00e3o da confer\u00eancia \u201cICC International Compliance\u201d - Moreira Menezes Martins","robots":{"index":"index","follow":"follow","max-snippet":"max-snippet:-1","max-image-preview":"max-image-preview:large","max-video-preview":"max-video-preview:-1"},"canonical":"https:\/\/moreiramenezes.com.br\/en\/moreira-menezes-martins-miranda-advogados-colaborara-para-a-realizacao-da-conferencia-icc-international-compliance-2\/","og_locale":"en_US","og_type":"article","og_title":"Moreira Menezes, Martins Advogados colaborar\u00e1 para a realiza\u00e7\u00e3o da confer\u00eancia \u201cICC International Compliance\u201d - Moreira Menezes Martins","og_description":"No dia\u00a028 de maio de 2018,\u00a0\u00a0ser\u00e1 realizada em S\u00e3o Paulo a confer\u00eancia\u00a0\u201cICC International Compliance\u201d, organizada pelo ICC Brasil, que ter\u00e1 como tema central \u201cPrevention Against Transnational Corruption\u201d. Moreira Menezes, Martins Advogados colaborar\u00e1 como um dos patrocinadores do evento, recomendado a profissionais que lidam com os desafios de reforma da estrutura de controles internos das empresas [&hellip;]","og_url":"https:\/\/moreiramenezes.com.br\/en\/moreira-menezes-martins-miranda-advogados-colaborara-para-a-realizacao-da-conferencia-icc-international-compliance-2\/","og_site_name":"Moreira Menezes Martins","article_published_time":"2018-05-17T13:21:09+00:00","og_image":[{"url":"https:\/\/moreiramenezes.com.br\/wp-content\/uploads\/2018\/05\/image001-002-156x300.jpg","type":"","width":"","height":""}],"author":"mmm","twitter_card":"summary_large_image","twitter_misc":{"Written by":"mmm","Est. reading time":"1 minute"},"schema":{"@context":"https:\/\/schema.org","@graph":[{"@type":"Article","@id":"https:\/\/moreiramenezes.com.br\/moreira-menezes-martins-miranda-advogados-colaborara-para-a-realizacao-da-conferencia-icc-international-compliance-2\/#article","isPartOf":{"@id":"https:\/\/moreiramenezes.com.br\/moreira-menezes-martins-miranda-advogados-colaborara-para-a-realizacao-da-conferencia-icc-international-compliance-2\/"},"author":{"name":"mmm","@id":"https:\/\/moreiramenezes.com.br\/#\/schema\/person\/d525376b6c67f0d68e4dfc4475c65d78"},"headline":"Moreira Menezes, Martins Advogados colaborar\u00e1 para a realiza\u00e7\u00e3o da confer\u00eancia \u201cICC International Compliance\u201d","datePublished":"2018-05-17T13:21:09+00:00","mainEntityOfPage":{"@id":"https:\/\/moreiramenezes.com.br\/moreira-menezes-martins-miranda-advogados-colaborara-para-a-realizacao-da-conferencia-icc-international-compliance-2\/"},"wordCount":115,"image":{"@id":"https:\/\/moreiramenezes.com.br\/moreira-menezes-martins-miranda-advogados-colaborara-para-a-realizacao-da-conferencia-icc-international-compliance-2\/#primaryimage"},"thumbnailUrl":"https:\/\/moreiramenezes.com.br\/wp-content\/uploads\/2018\/05\/image001-002-156x300.jpg","articleSection":["Not\u00edcias"],"inLanguage":"en-US"},{"@type":"WebPage","@id":"https:\/\/moreiramenezes.com.br\/moreira-menezes-martins-miranda-advogados-colaborara-para-a-realizacao-da-conferencia-icc-international-compliance-2\/","url":"https:\/\/moreiramenezes.com.br\/moreira-menezes-martins-miranda-advogados-colaborara-para-a-realizacao-da-conferencia-icc-international-compliance-2\/","name":"Moreira Menezes, Martins Advogados colaborar\u00e1 para a realiza\u00e7\u00e3o da confer\u00eancia \u201cICC International Compliance\u201d - Moreira Menezes Martins","isPartOf":{"@id":"https:\/\/moreiramenezes.com.br\/#website"},"primaryImageOfPage":{"@id":"https:\/\/moreiramenezes.com.br\/moreira-menezes-martins-miranda-advogados-colaborara-para-a-realizacao-da-conferencia-icc-international-compliance-2\/#primaryimage"},"image":{"@id":"https:\/\/moreiramenezes.com.br\/moreira-menezes-martins-miranda-advogados-colaborara-para-a-realizacao-da-conferencia-icc-international-compliance-2\/#primaryimage"},"thumbnailUrl":"https:\/\/moreiramenezes.com.br\/wp-content\/uploads\/2018\/05\/image001-002-156x300.jpg","datePublished":"2018-05-17T13:21:09+00:00","author":{"@id":"https:\/\/moreiramenezes.com.br\/#\/schema\/person\/d525376b6c67f0d68e4dfc4475c65d78"},"breadcrumb":{"@id":"https:\/\/moreiramenezes.com.br\/moreira-menezes-martins-miranda-advogados-colaborara-para-a-realizacao-da-conferencia-icc-international-compliance-2\/#breadcrumb"},"inLanguage":"en-US","potentialAction":[{"@type":"ReadAction","target":["https:\/\/moreiramenezes.com.br\/moreira-menezes-martins-miranda-advogados-colaborara-para-a-realizacao-da-conferencia-icc-international-compliance-2\/"]}]},{"@type":"ImageObject","inLanguage":"en-US","@id":"https:\/\/moreiramenezes.com.br\/moreira-menezes-martins-miranda-advogados-colaborara-para-a-realizacao-da-conferencia-icc-international-compliance-2\/#primaryimage","url":"https:\/\/moreiramenezes.com.br\/wp-content\/uploads\/2018\/05\/image001-002-156x300.jpg","contentUrl":"https:\/\/moreiramenezes.com.br\/wp-content\/uploads\/2018\/05\/image001-002-156x300.jpg"},{"@type":"BreadcrumbList","@id":"https:\/\/moreiramenezes.com.br\/moreira-menezes-martins-miranda-advogados-colaborara-para-a-realizacao-da-conferencia-icc-international-compliance-2\/#breadcrumb","itemListElement":[{"@type":"ListItem","position":1,"name":"In\u00edcio","item":"https:\/\/moreiramenezes.com.br\/"},{"@type":"ListItem","position":2,"name":"Not\u00edcias","item":"https:\/\/moreiramenezes.com.br\/categorias\/noticias\/"},{"@type":"ListItem","position":3,"name":"Moreira Menezes, Martins Advogados colaborar\u00e1 para a realiza\u00e7\u00e3o da confer\u00eancia \u201cICC International Compliance\u201d"}]},{"@type":"WebSite","@id":"https:\/\/moreiramenezes.com.br\/#website","url":"https:\/\/moreiramenezes.com.br\/","name":"Moreira Menezes Martins","description":"Moreira Menezes Martins - Advogados","potentialAction":[{"@type":"SearchAction","target":{"@type":"EntryPoint","urlTemplate":"https:\/\/moreiramenezes.com.br\/?s={search_term_string}"},"query-input":{"@type":"PropertyValueSpecification","valueRequired":true,"valueName":"search_term_string"}}],"inLanguage":"en-US"},{"@type":"Person","@id":"https:\/\/moreiramenezes.com.br\/#\/schema\/person\/d525376b6c67f0d68e4dfc4475c65d78","name":"mmm","image":{"@type":"ImageObject","inLanguage":"en-US","@id":"https:\/\/moreiramenezes.com.br\/#\/schema\/person\/image\/","url":"https:\/\/secure.gravatar.com\/avatar\/b16ca84b829f7fb3fcc92f2393d367798a989833972255f9a2b76b056e135746?s=96&d=mm&r=g","contentUrl":"https:\/\/secure.gravatar.com\/avatar\/b16ca84b829f7fb3fcc92f2393d367798a989833972255f9a2b76b056e135746?s=96&d=mm&r=g","caption":"mmm"},"sameAs":["https:\/\/moreiramenezes.com"],"url":"https:\/\/moreiramenezes.com.br\/en\/author\/mmm\/"}]}},"_links":{"self":[{"href":"https:\/\/moreiramenezes.com.br\/en\/wp-json\/wp\/v2\/posts\/1251","targetHints":{"allow":["GET"]}}],"collection":[{"href":"https:\/\/moreiramenezes.com.br\/en\/wp-json\/wp\/v2\/posts"}],"about":[{"href":"https:\/\/moreiramenezes.com.br\/en\/wp-json\/wp\/v2\/types\/post"}],"author":[{"embeddable":true,"href":"https:\/\/moreiramenezes.com.br\/en\/wp-json\/wp\/v2\/users\/1"}],"replies":[{"embeddable":true,"href":"https:\/\/moreiramenezes.com.br\/en\/wp-json\/wp\/v2\/comments?post=1251"}],"version-history":[{"count":0,"href":"https:\/\/moreiramenezes.com.br\/en\/wp-json\/wp\/v2\/posts\/1251\/revisions"}],"wp:attachment":[{"href":"https:\/\/moreiramenezes.com.br\/en\/wp-json\/wp\/v2\/media?parent=1251"}],"wp:term":[{"taxonomy":"category","embeddable":true,"href":"https:\/\/moreiramenezes.com.br\/en\/wp-json\/wp\/v2\/categories?post=1251"},{"taxonomy":"post_tag","embeddable":true,"href":"https:\/\/moreiramenezes.com.br\/en\/wp-json\/wp\/v2\/tags?post=1251"}],"curies":[{"name":"wp","href":"https:\/\/api.w.org\/{rel}","templated":true}]}}