{"id":102,"date":"2020-08-06T23:53:08","date_gmt":"2020-08-06T23:53:08","guid":{"rendered":"https:\/\/moreiramenezes.com\/?p=102"},"modified":"2020-09-21T14:34:37","modified_gmt":"2020-09-21T14:34:37","slug":"cvm-inicia-processo-de-consolidacao-e-revisao-de-atos-normativos","status":"publish","type":"post","link":"https:\/\/moreiramenezes.com.br\/en\/cvm-inicia-processo-de-consolidacao-e-revisao-de-atos-normativos\/","title":{"rendered":"CVM inicia processo de consolida\u00e7\u00e3o e revis\u00e3o de atos normativos"},"content":{"rendered":"<p class=\"p1\">O mencionado Decreto, editado no final de 2019, disp\u00f5e sobre a revis\u00e3o e consolida\u00e7\u00e3o de atos normativos infralegais por \u00f3rg\u00e3os e entidades da administra\u00e7\u00e3o p\u00fablica federal direta, aut\u00e1rquica e fundacional.<\/p>\n<p class=\"p1\">Na esteira do Decreto n\u00ba 10.139\/2019, a Resolu\u00e7\u00e3o CVM n\u00ba 01\/2020 estabelece que os atos normativos expedidos pela Autarquia passar\u00e3o a ter as seguintes nomenclaturas:<\/p>\n<ol>\n<li><span class=\"s1\">Resolu\u00e7\u00e3o<\/span>: para consubstanciar os atos editados pelo Colegiado para regulamenta\u00e7\u00e3o das mat\u00e9rias previstas na Lei n\u00ba 6.385\/1976 e na Lei n\u00ba 6.404\/1976, assim como no exerc\u00edcio de outras compet\u00eancias normativas;<\/li>\n<li><span class=\"s1\">Portaria<\/span>: para consubstanciar os atos editados por uma ou mais autoridades singulares, no exerc\u00edcio de sua compet\u00eancia normativa; e<\/li>\n<li><span class=\"s1\">Instru\u00e7\u00e3o Normativa<\/span>: para consubstanciar os atos que, sem inovar, orientem a execu\u00e7\u00e3o das normas vigentes e cujo n\u00e3o atendimento implique aos destinat\u00e1rios consequ\u00eancias jur\u00eddicas, efetivas ou potenciais.<\/li>\n<\/ol>\n<p class=\"p1\">J\u00e1 os atos da CVM sem car\u00e1ter normativo passar\u00e3o a ser identificados da seguinte forma:<\/p>\n<ol>\n<li><span class=\"s1\">Delibera\u00e7\u00e3o<\/span>: para consubstanciar os atos: (a) destinados \u00e0 pessoa natural ou jur\u00eddica nominalmente identificada, determinando a\u00e7\u00f5es ou absten\u00e7\u00f5es espec\u00edficas; (b) de delega\u00e7\u00e3o de compet\u00eancias internas; e (c) outros atos editados no exerc\u00edcio de compet\u00eancia espec\u00edfica, nos termos do Regimento Interno da CVM;<\/li>\n<li><span class=\"s1\">Parecer de Orienta\u00e7\u00e3o<\/span>: para consubstanciar os atos por meio dos quais o Colegiado da CVM, d\u00e1 orienta\u00e7\u00e3o sobre mat\u00e9ria que cabe \u00e0 Autarquia regular, servindo, tamb\u00e9m, para veicular as opini\u00f5es da CVM sobre interpreta\u00e7\u00e3o da Lei n\u00ba 6.385\/1976 e da Lei n\u00ba 6.404\/1976, no interesse do mercado de capitais;<\/li>\n<li><span class=\"s1\">Nota Explicativa<\/span>: para consubstanciar os atos: (a) que tornam p\u00fablicas as raz\u00f5es pelas quais o Colegiado da CVM aprovou determinada Resolu\u00e7\u00e3o ou prop\u00f4s, ao Conselho Monet\u00e1rio Nacional, mat\u00e9ria objeto de sua decis\u00e3o; e (b) que refletem o entendimento do Colegiado da CVM quanto a aspectos relacionados aos atos normativos editados pela CVM;<\/li>\n<li><span class=\"s1\">Of\u00edcio-Circular<\/span>: para consubstanciar os atos por meio dos quais as superintend\u00eancias da CVM d\u00e3o orienta\u00e7\u00f5es, recomenda\u00e7\u00f5es e diretrizes, cujo n\u00e3o atendimento n\u00e3o implique aos destinat\u00e1rios consequ\u00eancias jur\u00eddicas, efetivas ou potenciais, quanto \u00e0 forma de cumprir as obriga\u00e7\u00f5es impostas pela Lei n\u00ba 6.385\/1976, pela Lei n\u00ba 6.404\/1976, pelas Resolu\u00e7\u00f5es da CVM, bem como quanto \u00e0s orienta\u00e7\u00f5es contidas nas Instru\u00e7\u00f5es Normativas, observados os precedentes do Colegiado, se houver; e<\/li>\n<li><span class=\"s1\">Ato Declarat\u00f3rio<\/span>: para consubstanciar os atos: (a) por meio dos quais a CVM declara a exist\u00eancia de um direito, tendo em vista seu poder de credenciar ou autorizar o exerc\u00edcio de atividades; e (b) destinados a alertar os participantes do mercado de valores mobili\u00e1rios e o p\u00fablico em geral acerca da inexist\u00eancia de autoriza\u00e7\u00e3o para que determinada pessoa exer\u00e7a atividade sob a compet\u00eancia regulamentar da CVM.<\/li>\n<\/ol>\n<p class=\"p1\">Segundo informado pela CVM, os atos normativos atualmente em vigor sob a forma de Instru\u00e7\u00f5es ou Delibera\u00e7\u00f5es permanecer\u00e3o momentaneamente vigentes, com sua numera\u00e7\u00e3o original. O conte\u00fado dessas normas ser\u00e1 adaptado \u00e0s novas nomenclaturas previstas no Decreto n\u00ba 10.139\/2019 ao longo de trabalho de consolida\u00e7\u00e3o que ser\u00e1 realizado pela CVM at\u00e9 novembro de 2021.<\/p>\n<p class=\"p1\">Ao t\u00e9rmino desse trabalho de consolida\u00e7\u00e3o, a CVM possuir\u00e1 um conjunto de atos normativos significativamente menor e agrupados por blocos tem\u00e1ticos, tornando mais simples para os participantes do mercado conhecer as normas aplic\u00e1veis \u00e0s diversas atividades regulamentadas pela autarquia.<\/p>\n<p class=\"p1\">J\u00e1 no \u00e2mbito do referido trabalho de revis\u00e3o e consolida\u00e7\u00e3o, a Resolu\u00e7\u00e3o CVM n\u00ba 02\/2020 revoga atos normativos e outros atos sem car\u00e1ter normativo que, segundo esclarecido pela CVM, perderam aplica\u00e7\u00e3o pr\u00e1tica, foram revogados tacitamente ou, por outras raz\u00f5es, deixaram de ser relevantes para o adequado funcionamento do mercado de capitais.<\/p>\n<p class=\"p1\">Nesse sentido, foram revogadas 57 Instru\u00e7\u00f5es, 77 Delibera\u00e7\u00f5es e 50 Notas Explicativas. Al\u00e9m disso, a CVM declarou cancelado 24 pareceres de orienta\u00e7\u00e3o que n\u00e3o mais refletem o posicionamento do Colegiado.<\/p>\n<p class=\"p1\">A Resolu\u00e7\u00e3o CVM n\u00ba 1\/2020 entra em vigor a partir da presente data e a Resolu\u00e7\u00e3o CVM n\u00ba 2\/2020 entrar\u00e1 em vigor em 01.09.2020.<\/p>\n<p class=\"p1\">Maiores informa\u00e7\u00f5es, bem como a \u00edntegra das Resolu\u00e7\u00f5es CVM n\u00ba 01 e 02\/2020, podem ser encontrados no\u00a0<i>site<\/i>\u00a0da Comiss\u00e3o de Valores Mobili\u00e1rios (<a href=\"http:\/\/www.cvm.gov.br\/noticias\/arquivos\/2020\/20200806-1.html\">http:\/\/www.cvm.gov.br<\/a>).<\/p>","protected":false},"excerpt":{"rendered":"<p>A Comiss\u00e3o de Valores Mobili\u00e1rios (\u201cCVM\u201c) editou em 06.08.2020 as Resolu\u00e7\u00f5es CVM n\u00ba 01 e n\u00ba 02\/2020, iniciando as medidas necess\u00e1rias para adequa\u00e7\u00e3o das normas da autarquia ao disposto no Decreto n\u00ba 10.139\/2019.<\/p>","protected":false},"author":1,"featured_media":103,"comment_status":"open","ping_status":"open","sticky":false,"template":"","format":"standard","meta":{"footnotes":""},"categories":[5],"tags":[20],"class_list":["post-102","post","type-post","status-publish","format-standard","has-post-thumbnail","hentry","category-noticias","tag-newsletter71"],"yoast_head":"<!-- This site is optimized with the Yoast SEO plugin v26.9 - https:\/\/yoast.com\/product\/yoast-seo-wordpress\/ -->\n<title>CVM inicia processo de consolida\u00e7\u00e3o e revis\u00e3o de atos normativos - Moreira Menezes Martins<\/title>\n<meta name=\"robots\" content=\"index, follow, max-snippet:-1, max-image-preview:large, max-video-preview:-1\" \/>\n<link rel=\"canonical\" href=\"https:\/\/moreiramenezes.com.br\/en\/cvm-inicia-processo-de-consolidacao-e-revisao-de-atos-normativos\/\" \/>\n<meta property=\"og:locale\" content=\"en_US\" \/>\n<meta property=\"og:type\" content=\"article\" \/>\n<meta property=\"og:title\" content=\"CVM inicia processo de consolida\u00e7\u00e3o e revis\u00e3o de atos normativos - Moreira Menezes Martins\" \/>\n<meta property=\"og:description\" content=\"A Comiss\u00e3o de Valores Mobili\u00e1rios (\u201cCVM\u201c) editou em 06.08.2020 as Resolu\u00e7\u00f5es CVM n\u00ba 01 e n\u00ba 02\/2020, iniciando as medidas necess\u00e1rias para adequa\u00e7\u00e3o das normas da autarquia ao disposto no Decreto n\u00ba 10.139\/2019.\" \/>\n<meta property=\"og:url\" content=\"https:\/\/moreiramenezes.com.br\/en\/cvm-inicia-processo-de-consolidacao-e-revisao-de-atos-normativos\/\" \/>\n<meta property=\"og:site_name\" content=\"Moreira Menezes Martins\" \/>\n<meta property=\"article:published_time\" content=\"2020-08-06T23:53:08+00:00\" \/>\n<meta property=\"article:modified_time\" content=\"2020-09-21T14:34:37+00:00\" \/>\n<meta property=\"og:image\" content=\"https:\/\/moreiramenezes.com.br\/wp-content\/uploads\/2020\/08\/1463-min.jpg\" \/>\n\t<meta property=\"og:image:width\" content=\"1600\" \/>\n\t<meta property=\"og:image:height\" content=\"1067\" \/>\n\t<meta property=\"og:image:type\" content=\"image\/jpeg\" \/>\n<meta name=\"author\" content=\"mmm\" \/>\n<meta name=\"twitter:card\" content=\"summary_large_image\" \/>\n<meta name=\"twitter:label1\" content=\"Written by\" \/>\n\t<meta name=\"twitter:data1\" content=\"mmm\" \/>\n\t<meta name=\"twitter:label2\" content=\"Est. reading time\" \/>\n\t<meta name=\"twitter:data2\" content=\"4 minutes\" \/>\n<script type=\"application\/ld+json\" class=\"yoast-schema-graph\">{\"@context\":\"https:\/\/schema.org\",\"@graph\":[{\"@type\":\"Article\",\"@id\":\"https:\/\/moreiramenezes.com.br\/cvm-inicia-processo-de-consolidacao-e-revisao-de-atos-normativos\/#article\",\"isPartOf\":{\"@id\":\"https:\/\/moreiramenezes.com.br\/cvm-inicia-processo-de-consolidacao-e-revisao-de-atos-normativos\/\"},\"author\":{\"name\":\"mmm\",\"@id\":\"https:\/\/moreiramenezes.com.br\/#\/schema\/person\/d525376b6c67f0d68e4dfc4475c65d78\"},\"headline\":\"CVM inicia processo de consolida\u00e7\u00e3o e revis\u00e3o de atos normativos\",\"datePublished\":\"2020-08-06T23:53:08+00:00\",\"dateModified\":\"2020-09-21T14:34:37+00:00\",\"mainEntityOfPage\":{\"@id\":\"https:\/\/moreiramenezes.com.br\/cvm-inicia-processo-de-consolidacao-e-revisao-de-atos-normativos\/\"},\"wordCount\":733,\"commentCount\":0,\"image\":{\"@id\":\"https:\/\/moreiramenezes.com.br\/cvm-inicia-processo-de-consolidacao-e-revisao-de-atos-normativos\/#primaryimage\"},\"thumbnailUrl\":\"https:\/\/moreiramenezes.com.br\/wp-content\/uploads\/2020\/08\/1463-min.jpg\",\"keywords\":[\"newsletter71\"],\"articleSection\":[\"Not\u00edcias\"],\"inLanguage\":\"en-US\"},{\"@type\":\"WebPage\",\"@id\":\"https:\/\/moreiramenezes.com.br\/cvm-inicia-processo-de-consolidacao-e-revisao-de-atos-normativos\/\",\"url\":\"https:\/\/moreiramenezes.com.br\/cvm-inicia-processo-de-consolidacao-e-revisao-de-atos-normativos\/\",\"name\":\"CVM inicia processo de consolida\u00e7\u00e3o e revis\u00e3o de atos normativos - Moreira Menezes Martins\",\"isPartOf\":{\"@id\":\"https:\/\/moreiramenezes.com.br\/#website\"},\"primaryImageOfPage\":{\"@id\":\"https:\/\/moreiramenezes.com.br\/cvm-inicia-processo-de-consolidacao-e-revisao-de-atos-normativos\/#primaryimage\"},\"image\":{\"@id\":\"https:\/\/moreiramenezes.com.br\/cvm-inicia-processo-de-consolidacao-e-revisao-de-atos-normativos\/#primaryimage\"},\"thumbnailUrl\":\"https:\/\/moreiramenezes.com.br\/wp-content\/uploads\/2020\/08\/1463-min.jpg\",\"datePublished\":\"2020-08-06T23:53:08+00:00\",\"dateModified\":\"2020-09-21T14:34:37+00:00\",\"author\":{\"@id\":\"https:\/\/moreiramenezes.com.br\/#\/schema\/person\/d525376b6c67f0d68e4dfc4475c65d78\"},\"breadcrumb\":{\"@id\":\"https:\/\/moreiramenezes.com.br\/cvm-inicia-processo-de-consolidacao-e-revisao-de-atos-normativos\/#breadcrumb\"},\"inLanguage\":\"en-US\",\"potentialAction\":[{\"@type\":\"ReadAction\",\"target\":[\"https:\/\/moreiramenezes.com.br\/cvm-inicia-processo-de-consolidacao-e-revisao-de-atos-normativos\/\"]}]},{\"@type\":\"ImageObject\",\"inLanguage\":\"en-US\",\"@id\":\"https:\/\/moreiramenezes.com.br\/cvm-inicia-processo-de-consolidacao-e-revisao-de-atos-normativos\/#primaryimage\",\"url\":\"https:\/\/moreiramenezes.com.br\/wp-content\/uploads\/2020\/08\/1463-min.jpg\",\"contentUrl\":\"https:\/\/moreiramenezes.com.br\/wp-content\/uploads\/2020\/08\/1463-min.jpg\",\"width\":1600,\"height\":1067},{\"@type\":\"BreadcrumbList\",\"@id\":\"https:\/\/moreiramenezes.com.br\/cvm-inicia-processo-de-consolidacao-e-revisao-de-atos-normativos\/#breadcrumb\",\"itemListElement\":[{\"@type\":\"ListItem\",\"position\":1,\"name\":\"In\u00edcio\",\"item\":\"https:\/\/moreiramenezes.com.br\/\"},{\"@type\":\"ListItem\",\"position\":2,\"name\":\"Not\u00edcias\",\"item\":\"https:\/\/moreiramenezes.com.br\/categorias\/noticias\/\"},{\"@type\":\"ListItem\",\"position\":3,\"name\":\"CVM inicia processo de consolida\u00e7\u00e3o e revis\u00e3o de atos normativos\"}]},{\"@type\":\"WebSite\",\"@id\":\"https:\/\/moreiramenezes.com.br\/#website\",\"url\":\"https:\/\/moreiramenezes.com.br\/\",\"name\":\"Moreira Menezes Martins\",\"description\":\"Moreira Menezes Martins - Advogados\",\"potentialAction\":[{\"@type\":\"SearchAction\",\"target\":{\"@type\":\"EntryPoint\",\"urlTemplate\":\"https:\/\/moreiramenezes.com.br\/?s={search_term_string}\"},\"query-input\":{\"@type\":\"PropertyValueSpecification\",\"valueRequired\":true,\"valueName\":\"search_term_string\"}}],\"inLanguage\":\"en-US\"},{\"@type\":\"Person\",\"@id\":\"https:\/\/moreiramenezes.com.br\/#\/schema\/person\/d525376b6c67f0d68e4dfc4475c65d78\",\"name\":\"mmm\",\"image\":{\"@type\":\"ImageObject\",\"inLanguage\":\"en-US\",\"@id\":\"https:\/\/moreiramenezes.com.br\/#\/schema\/person\/image\/\",\"url\":\"https:\/\/secure.gravatar.com\/avatar\/b16ca84b829f7fb3fcc92f2393d367798a989833972255f9a2b76b056e135746?s=96&d=mm&r=g\",\"contentUrl\":\"https:\/\/secure.gravatar.com\/avatar\/b16ca84b829f7fb3fcc92f2393d367798a989833972255f9a2b76b056e135746?s=96&d=mm&r=g\",\"caption\":\"mmm\"},\"sameAs\":[\"https:\/\/moreiramenezes.com\"],\"url\":\"https:\/\/moreiramenezes.com.br\/en\/author\/mmm\/\"}]}<\/script>\n<!-- \/ Yoast SEO plugin. -->","yoast_head_json":{"title":"CVM inicia processo de consolida\u00e7\u00e3o e revis\u00e3o de atos normativos - Moreira Menezes Martins","robots":{"index":"index","follow":"follow","max-snippet":"max-snippet:-1","max-image-preview":"max-image-preview:large","max-video-preview":"max-video-preview:-1"},"canonical":"https:\/\/moreiramenezes.com.br\/en\/cvm-inicia-processo-de-consolidacao-e-revisao-de-atos-normativos\/","og_locale":"en_US","og_type":"article","og_title":"CVM inicia processo de consolida\u00e7\u00e3o e revis\u00e3o de atos normativos - Moreira Menezes Martins","og_description":"A Comiss\u00e3o de Valores Mobili\u00e1rios (\u201cCVM\u201c) editou em 06.08.2020 as Resolu\u00e7\u00f5es CVM n\u00ba 01 e n\u00ba 02\/2020, iniciando as medidas necess\u00e1rias para adequa\u00e7\u00e3o das normas da autarquia ao disposto no Decreto n\u00ba 10.139\/2019.","og_url":"https:\/\/moreiramenezes.com.br\/en\/cvm-inicia-processo-de-consolidacao-e-revisao-de-atos-normativos\/","og_site_name":"Moreira Menezes Martins","article_published_time":"2020-08-06T23:53:08+00:00","article_modified_time":"2020-09-21T14:34:37+00:00","og_image":[{"width":1600,"height":1067,"url":"https:\/\/moreiramenezes.com.br\/wp-content\/uploads\/2020\/08\/1463-min.jpg","type":"image\/jpeg"}],"author":"mmm","twitter_card":"summary_large_image","twitter_misc":{"Written by":"mmm","Est. reading time":"4 minutes"},"schema":{"@context":"https:\/\/schema.org","@graph":[{"@type":"Article","@id":"https:\/\/moreiramenezes.com.br\/cvm-inicia-processo-de-consolidacao-e-revisao-de-atos-normativos\/#article","isPartOf":{"@id":"https:\/\/moreiramenezes.com.br\/cvm-inicia-processo-de-consolidacao-e-revisao-de-atos-normativos\/"},"author":{"name":"mmm","@id":"https:\/\/moreiramenezes.com.br\/#\/schema\/person\/d525376b6c67f0d68e4dfc4475c65d78"},"headline":"CVM inicia processo de consolida\u00e7\u00e3o e revis\u00e3o de atos normativos","datePublished":"2020-08-06T23:53:08+00:00","dateModified":"2020-09-21T14:34:37+00:00","mainEntityOfPage":{"@id":"https:\/\/moreiramenezes.com.br\/cvm-inicia-processo-de-consolidacao-e-revisao-de-atos-normativos\/"},"wordCount":733,"commentCount":0,"image":{"@id":"https:\/\/moreiramenezes.com.br\/cvm-inicia-processo-de-consolidacao-e-revisao-de-atos-normativos\/#primaryimage"},"thumbnailUrl":"https:\/\/moreiramenezes.com.br\/wp-content\/uploads\/2020\/08\/1463-min.jpg","keywords":["newsletter71"],"articleSection":["Not\u00edcias"],"inLanguage":"en-US"},{"@type":"WebPage","@id":"https:\/\/moreiramenezes.com.br\/cvm-inicia-processo-de-consolidacao-e-revisao-de-atos-normativos\/","url":"https:\/\/moreiramenezes.com.br\/cvm-inicia-processo-de-consolidacao-e-revisao-de-atos-normativos\/","name":"CVM inicia processo de consolida\u00e7\u00e3o e revis\u00e3o de atos normativos - Moreira Menezes Martins","isPartOf":{"@id":"https:\/\/moreiramenezes.com.br\/#website"},"primaryImageOfPage":{"@id":"https:\/\/moreiramenezes.com.br\/cvm-inicia-processo-de-consolidacao-e-revisao-de-atos-normativos\/#primaryimage"},"image":{"@id":"https:\/\/moreiramenezes.com.br\/cvm-inicia-processo-de-consolidacao-e-revisao-de-atos-normativos\/#primaryimage"},"thumbnailUrl":"https:\/\/moreiramenezes.com.br\/wp-content\/uploads\/2020\/08\/1463-min.jpg","datePublished":"2020-08-06T23:53:08+00:00","dateModified":"2020-09-21T14:34:37+00:00","author":{"@id":"https:\/\/moreiramenezes.com.br\/#\/schema\/person\/d525376b6c67f0d68e4dfc4475c65d78"},"breadcrumb":{"@id":"https:\/\/moreiramenezes.com.br\/cvm-inicia-processo-de-consolidacao-e-revisao-de-atos-normativos\/#breadcrumb"},"inLanguage":"en-US","potentialAction":[{"@type":"ReadAction","target":["https:\/\/moreiramenezes.com.br\/cvm-inicia-processo-de-consolidacao-e-revisao-de-atos-normativos\/"]}]},{"@type":"ImageObject","inLanguage":"en-US","@id":"https:\/\/moreiramenezes.com.br\/cvm-inicia-processo-de-consolidacao-e-revisao-de-atos-normativos\/#primaryimage","url":"https:\/\/moreiramenezes.com.br\/wp-content\/uploads\/2020\/08\/1463-min.jpg","contentUrl":"https:\/\/moreiramenezes.com.br\/wp-content\/uploads\/2020\/08\/1463-min.jpg","width":1600,"height":1067},{"@type":"BreadcrumbList","@id":"https:\/\/moreiramenezes.com.br\/cvm-inicia-processo-de-consolidacao-e-revisao-de-atos-normativos\/#breadcrumb","itemListElement":[{"@type":"ListItem","position":1,"name":"In\u00edcio","item":"https:\/\/moreiramenezes.com.br\/"},{"@type":"ListItem","position":2,"name":"Not\u00edcias","item":"https:\/\/moreiramenezes.com.br\/categorias\/noticias\/"},{"@type":"ListItem","position":3,"name":"CVM inicia processo de consolida\u00e7\u00e3o e revis\u00e3o de atos normativos"}]},{"@type":"WebSite","@id":"https:\/\/moreiramenezes.com.br\/#website","url":"https:\/\/moreiramenezes.com.br\/","name":"Moreira Menezes Martins","description":"Moreira Menezes Martins - Advogados","potentialAction":[{"@type":"SearchAction","target":{"@type":"EntryPoint","urlTemplate":"https:\/\/moreiramenezes.com.br\/?s={search_term_string}"},"query-input":{"@type":"PropertyValueSpecification","valueRequired":true,"valueName":"search_term_string"}}],"inLanguage":"en-US"},{"@type":"Person","@id":"https:\/\/moreiramenezes.com.br\/#\/schema\/person\/d525376b6c67f0d68e4dfc4475c65d78","name":"mmm","image":{"@type":"ImageObject","inLanguage":"en-US","@id":"https:\/\/moreiramenezes.com.br\/#\/schema\/person\/image\/","url":"https:\/\/secure.gravatar.com\/avatar\/b16ca84b829f7fb3fcc92f2393d367798a989833972255f9a2b76b056e135746?s=96&d=mm&r=g","contentUrl":"https:\/\/secure.gravatar.com\/avatar\/b16ca84b829f7fb3fcc92f2393d367798a989833972255f9a2b76b056e135746?s=96&d=mm&r=g","caption":"mmm"},"sameAs":["https:\/\/moreiramenezes.com"],"url":"https:\/\/moreiramenezes.com.br\/en\/author\/mmm\/"}]}},"_links":{"self":[{"href":"https:\/\/moreiramenezes.com.br\/en\/wp-json\/wp\/v2\/posts\/102","targetHints":{"allow":["GET"]}}],"collection":[{"href":"https:\/\/moreiramenezes.com.br\/en\/wp-json\/wp\/v2\/posts"}],"about":[{"href":"https:\/\/moreiramenezes.com.br\/en\/wp-json\/wp\/v2\/types\/post"}],"author":[{"embeddable":true,"href":"https:\/\/moreiramenezes.com.br\/en\/wp-json\/wp\/v2\/users\/1"}],"replies":[{"embeddable":true,"href":"https:\/\/moreiramenezes.com.br\/en\/wp-json\/wp\/v2\/comments?post=102"}],"version-history":[{"count":0,"href":"https:\/\/moreiramenezes.com.br\/en\/wp-json\/wp\/v2\/posts\/102\/revisions"}],"wp:featuredmedia":[{"embeddable":true,"href":"https:\/\/moreiramenezes.com.br\/en\/wp-json\/wp\/v2\/media\/103"}],"wp:attachment":[{"href":"https:\/\/moreiramenezes.com.br\/en\/wp-json\/wp\/v2\/media?parent=102"}],"wp:term":[{"taxonomy":"category","embeddable":true,"href":"https:\/\/moreiramenezes.com.br\/en\/wp-json\/wp\/v2\/categories?post=102"},{"taxonomy":"post_tag","embeddable":true,"href":"https:\/\/moreiramenezes.com.br\/en\/wp-json\/wp\/v2\/tags?post=102"}],"curies":[{"name":"wp","href":"https:\/\/api.w.org\/{rel}","templated":true}]}}