{"id":10092,"date":"2026-04-17T17:49:41","date_gmt":"2026-04-17T17:49:41","guid":{"rendered":"https:\/\/moreiramenezes.com.br\/?p=10092"},"modified":"2026-04-17T17:55:50","modified_gmt":"2026-04-17T17:55:50","slug":"3o-congresso-brasileiro-de-direito-do-mercado-de-capitais","status":"publish","type":"post","link":"https:\/\/moreiramenezes.com.br\/en\/3o-congresso-brasileiro-de-direito-do-mercado-de-capitais\/","title":{"rendered":"3\u00ba Congresso Brasileiro de Direito do Mercado de Capitais"},"content":{"rendered":"<p><img fetchpriority=\"high\" decoding=\"async\" class=\"aligncenter wp-image-10093 size-large\" src=\"https:\/\/moreiramenezes.com.br\/wp-content\/uploads\/2026\/04\/IDMCap-por-A-Muda-Filmes-Clara-Sampaio-165-1024x684.jpg\" alt=\"\" width=\"800\" height=\"534\" srcset=\"https:\/\/moreiramenezes.com.br\/wp-content\/uploads\/2026\/04\/IDMCap-por-A-Muda-Filmes-Clara-Sampaio-165-1024x684.jpg 1024w, https:\/\/moreiramenezes.com.br\/wp-content\/uploads\/2026\/04\/IDMCap-por-A-Muda-Filmes-Clara-Sampaio-165-300x200.jpg 300w, https:\/\/moreiramenezes.com.br\/wp-content\/uploads\/2026\/04\/IDMCap-por-A-Muda-Filmes-Clara-Sampaio-165-768x513.jpg 768w, https:\/\/moreiramenezes.com.br\/wp-content\/uploads\/2026\/04\/IDMCap-por-A-Muda-Filmes-Clara-Sampaio-165-1536x1025.jpg 1536w, https:\/\/moreiramenezes.com.br\/wp-content\/uploads\/2026\/04\/IDMCap-por-A-Muda-Filmes-Clara-Sampaio-165-2048x1367.jpg 2048w, https:\/\/moreiramenezes.com.br\/wp-content\/uploads\/2026\/04\/IDMCap-por-A-Muda-Filmes-Clara-Sampaio-165-18x12.jpg 18w\" sizes=\"(max-width: 800px) 100vw, 800px\" \/><\/p>\n<p>O <strong>3\u00b0 Congresso Brasileiro de Direito do Mercado de Capitais<\/strong> j\u00e1 tem data definida. Organizado pelo <a href=\"https:\/\/idmcap.com.br\/\">IDMCap<\/a>, o Congresso acontecer\u00e1 nos dias 28 e 29 de maio, no Rio de Janeiro.\u200b\u200b<\/p>\n<p>O evento ser\u00e1 realizado no Centro Cultural Justi\u00e7a Federal, antiga sede do Supremo Tribunal Federal. \u200b\u200b<\/p>\n<p>As inscri\u00e7\u00f5es j\u00e1 est\u00e3o abertas e dispon\u00edveis neste<strong> <a href=\"https:\/\/www.sympla.com.br\/evento\/3-congresso-brasileiro-de-direito-do-mercado-de-capitais\/3381703?algoliaID=4a8d6b4996e9f10a40d7f06102a684ac&amp;share_id=copiarlink\">link<\/a>.<\/strong><\/p>\n<p>Para mais informa\u00e7\u00f5es, acesse: <a href=\"https:\/\/idmcap.com.br\/eventos\/3-congresso-brasileiro-de-direito-do-mercado-de-capitais\/\">https:\/\/idmcap.com.br\/eventos\/3-congresso-brasileiro-de-direito-do-mercado-de-capitais\/<\/a><\/p>","protected":false},"excerpt":{"rendered":"<p>O 3\u00b0 Congresso Brasileiro de Direito do Mercado de Capitais j\u00e1 tem data definida. Organizado pelo IDMCap, o Congresso acontecer\u00e1 nos dias 28 e 29 de maio, no Rio de Janeiro.\u200b\u200b O evento ser\u00e1 realizado no Centro Cultural Justi\u00e7a Federal, antiga sede do Supremo Tribunal Federal. \u200b\u200b As inscri\u00e7\u00f5es j\u00e1 est\u00e3o abertas e dispon\u00edveis neste [&hellip;]<\/p>","protected":false},"author":5,"featured_media":10094,"comment_status":"closed","ping_status":"closed","sticky":false,"template":"","format":"standard","meta":{"footnotes":""},"categories":[5],"tags":[],"class_list":["post-10092","post","type-post","status-publish","format-standard","has-post-thumbnail","hentry","category-noticias"],"yoast_head":"<!-- This site is optimized with the Yoast SEO plugin v26.9 - https:\/\/yoast.com\/product\/yoast-seo-wordpress\/ -->\n<title>3\u00ba Congresso Brasileiro de Direito do Mercado de Capitais - Moreira Menezes Martins<\/title>\n<meta name=\"robots\" content=\"index, follow, max-snippet:-1, max-image-preview:large, max-video-preview:-1\" \/>\n<link rel=\"canonical\" href=\"https:\/\/moreiramenezes.com.br\/en\/3o-congresso-brasileiro-de-direito-do-mercado-de-capitais\/\" \/>\n<meta property=\"og:locale\" content=\"en_US\" \/>\n<meta property=\"og:type\" content=\"article\" \/>\n<meta property=\"og:title\" content=\"3\u00ba Congresso Brasileiro de Direito do Mercado de Capitais - Moreira Menezes Martins\" \/>\n<meta property=\"og:description\" content=\"O 3\u00b0 Congresso Brasileiro de Direito do Mercado de Capitais j\u00e1 tem data definida. Organizado pelo IDMCap, o Congresso acontecer\u00e1 nos dias 28 e 29 de maio, no Rio de Janeiro.\u200b\u200b O evento ser\u00e1 realizado no Centro Cultural Justi\u00e7a Federal, antiga sede do Supremo Tribunal Federal. \u200b\u200b As inscri\u00e7\u00f5es j\u00e1 est\u00e3o abertas e dispon\u00edveis neste [&hellip;]\" \/>\n<meta property=\"og:url\" content=\"https:\/\/moreiramenezes.com.br\/en\/3o-congresso-brasileiro-de-direito-do-mercado-de-capitais\/\" \/>\n<meta property=\"og:site_name\" content=\"Moreira Menezes Martins\" \/>\n<meta property=\"article:published_time\" content=\"2026-04-17T17:49:41+00:00\" \/>\n<meta property=\"article:modified_time\" content=\"2026-04-17T17:55:50+00:00\" \/>\n<meta property=\"og:image\" content=\"https:\/\/moreiramenezes.com.br\/wp-content\/uploads\/2026\/04\/Evento_Site.jpg\" \/>\n\t<meta property=\"og:image:width\" content=\"1080\" \/>\n\t<meta property=\"og:image:height\" content=\"1080\" \/>\n\t<meta property=\"og:image:type\" content=\"image\/jpeg\" \/>\n<meta name=\"author\" content=\"Andreia Moore\" \/>\n<meta name=\"twitter:card\" content=\"summary_large_image\" \/>\n<meta name=\"twitter:label1\" content=\"Written by\" \/>\n\t<meta name=\"twitter:data1\" content=\"Andreia Moore\" \/>\n\t<meta name=\"twitter:label2\" content=\"Est. reading time\" \/>\n\t<meta name=\"twitter:data2\" content=\"1 minute\" \/>\n<script type=\"application\/ld+json\" class=\"yoast-schema-graph\">{\"@context\":\"https:\/\/schema.org\",\"@graph\":[{\"@type\":\"Article\",\"@id\":\"https:\/\/moreiramenezes.com.br\/3o-congresso-brasileiro-de-direito-do-mercado-de-capitais\/#article\",\"isPartOf\":{\"@id\":\"https:\/\/moreiramenezes.com.br\/3o-congresso-brasileiro-de-direito-do-mercado-de-capitais\/\"},\"author\":{\"name\":\"Andreia Moore\",\"@id\":\"https:\/\/moreiramenezes.com.br\/#\/schema\/person\/58e00d848e1f8fefad53cb236b24c277\"},\"headline\":\"3\u00ba Congresso Brasileiro de Direito do Mercado de Capitais\",\"datePublished\":\"2026-04-17T17:49:41+00:00\",\"dateModified\":\"2026-04-17T17:55:50+00:00\",\"mainEntityOfPage\":{\"@id\":\"https:\/\/moreiramenezes.com.br\/3o-congresso-brasileiro-de-direito-do-mercado-de-capitais\/\"},\"wordCount\":75,\"image\":{\"@id\":\"https:\/\/moreiramenezes.com.br\/3o-congresso-brasileiro-de-direito-do-mercado-de-capitais\/#primaryimage\"},\"thumbnailUrl\":\"https:\/\/moreiramenezes.com.br\/wp-content\/uploads\/2026\/04\/Evento_Site.jpg\",\"articleSection\":[\"Not\u00edcias\"],\"inLanguage\":\"en-US\"},{\"@type\":\"WebPage\",\"@id\":\"https:\/\/moreiramenezes.com.br\/3o-congresso-brasileiro-de-direito-do-mercado-de-capitais\/\",\"url\":\"https:\/\/moreiramenezes.com.br\/3o-congresso-brasileiro-de-direito-do-mercado-de-capitais\/\",\"name\":\"3\u00ba Congresso Brasileiro de Direito do Mercado de Capitais - Moreira Menezes Martins\",\"isPartOf\":{\"@id\":\"https:\/\/moreiramenezes.com.br\/#website\"},\"primaryImageOfPage\":{\"@id\":\"https:\/\/moreiramenezes.com.br\/3o-congresso-brasileiro-de-direito-do-mercado-de-capitais\/#primaryimage\"},\"image\":{\"@id\":\"https:\/\/moreiramenezes.com.br\/3o-congresso-brasileiro-de-direito-do-mercado-de-capitais\/#primaryimage\"},\"thumbnailUrl\":\"https:\/\/moreiramenezes.com.br\/wp-content\/uploads\/2026\/04\/Evento_Site.jpg\",\"datePublished\":\"2026-04-17T17:49:41+00:00\",\"dateModified\":\"2026-04-17T17:55:50+00:00\",\"author\":{\"@id\":\"https:\/\/moreiramenezes.com.br\/#\/schema\/person\/58e00d848e1f8fefad53cb236b24c277\"},\"breadcrumb\":{\"@id\":\"https:\/\/moreiramenezes.com.br\/3o-congresso-brasileiro-de-direito-do-mercado-de-capitais\/#breadcrumb\"},\"inLanguage\":\"en-US\",\"potentialAction\":[{\"@type\":\"ReadAction\",\"target\":[\"https:\/\/moreiramenezes.com.br\/3o-congresso-brasileiro-de-direito-do-mercado-de-capitais\/\"]}]},{\"@type\":\"ImageObject\",\"inLanguage\":\"en-US\",\"@id\":\"https:\/\/moreiramenezes.com.br\/3o-congresso-brasileiro-de-direito-do-mercado-de-capitais\/#primaryimage\",\"url\":\"https:\/\/moreiramenezes.com.br\/wp-content\/uploads\/2026\/04\/Evento_Site.jpg\",\"contentUrl\":\"https:\/\/moreiramenezes.com.br\/wp-content\/uploads\/2026\/04\/Evento_Site.jpg\",\"width\":1080,\"height\":1080},{\"@type\":\"BreadcrumbList\",\"@id\":\"https:\/\/moreiramenezes.com.br\/3o-congresso-brasileiro-de-direito-do-mercado-de-capitais\/#breadcrumb\",\"itemListElement\":[{\"@type\":\"ListItem\",\"position\":1,\"name\":\"In\u00edcio\",\"item\":\"https:\/\/moreiramenezes.com.br\/\"},{\"@type\":\"ListItem\",\"position\":2,\"name\":\"Not\u00edcias\",\"item\":\"https:\/\/moreiramenezes.com.br\/categorias\/noticias\/\"},{\"@type\":\"ListItem\",\"position\":3,\"name\":\"3\u00ba Congresso Brasileiro de Direito do Mercado de Capitais\"}]},{\"@type\":\"WebSite\",\"@id\":\"https:\/\/moreiramenezes.com.br\/#website\",\"url\":\"https:\/\/moreiramenezes.com.br\/\",\"name\":\"Moreira Menezes Martins\",\"description\":\"Moreira Menezes Martins - Advogados\",\"potentialAction\":[{\"@type\":\"SearchAction\",\"target\":{\"@type\":\"EntryPoint\",\"urlTemplate\":\"https:\/\/moreiramenezes.com.br\/?s={search_term_string}\"},\"query-input\":{\"@type\":\"PropertyValueSpecification\",\"valueRequired\":true,\"valueName\":\"search_term_string\"}}],\"inLanguage\":\"en-US\"},{\"@type\":\"Person\",\"@id\":\"https:\/\/moreiramenezes.com.br\/#\/schema\/person\/58e00d848e1f8fefad53cb236b24c277\",\"name\":\"Andreia Moore\",\"image\":{\"@type\":\"ImageObject\",\"inLanguage\":\"en-US\",\"@id\":\"https:\/\/moreiramenezes.com.br\/#\/schema\/person\/image\/\",\"url\":\"https:\/\/secure.gravatar.com\/avatar\/6751999e4e27a468acf0431b4c2903a0973ddd89faf3dd61dd6f85bae96afe2b?s=96&d=mm&r=g\",\"contentUrl\":\"https:\/\/secure.gravatar.com\/avatar\/6751999e4e27a468acf0431b4c2903a0973ddd89faf3dd61dd6f85bae96afe2b?s=96&d=mm&r=g\",\"caption\":\"Andreia Moore\"},\"url\":\"https:\/\/moreiramenezes.com.br\/en\/author\/andreia\/\"}]}<\/script>\n<!-- \/ Yoast SEO plugin. -->","yoast_head_json":{"title":"3\u00ba Congresso Brasileiro de Direito do Mercado de Capitais - Moreira Menezes Martins","robots":{"index":"index","follow":"follow","max-snippet":"max-snippet:-1","max-image-preview":"max-image-preview:large","max-video-preview":"max-video-preview:-1"},"canonical":"https:\/\/moreiramenezes.com.br\/en\/3o-congresso-brasileiro-de-direito-do-mercado-de-capitais\/","og_locale":"en_US","og_type":"article","og_title":"3\u00ba Congresso Brasileiro de Direito do Mercado de Capitais - Moreira Menezes Martins","og_description":"O 3\u00b0 Congresso Brasileiro de Direito do Mercado de Capitais j\u00e1 tem data definida. Organizado pelo IDMCap, o Congresso acontecer\u00e1 nos dias 28 e 29 de maio, no Rio de Janeiro.\u200b\u200b O evento ser\u00e1 realizado no Centro Cultural Justi\u00e7a Federal, antiga sede do Supremo Tribunal Federal. \u200b\u200b As inscri\u00e7\u00f5es j\u00e1 est\u00e3o abertas e dispon\u00edveis neste [&hellip;]","og_url":"https:\/\/moreiramenezes.com.br\/en\/3o-congresso-brasileiro-de-direito-do-mercado-de-capitais\/","og_site_name":"Moreira Menezes Martins","article_published_time":"2026-04-17T17:49:41+00:00","article_modified_time":"2026-04-17T17:55:50+00:00","og_image":[{"width":1080,"height":1080,"url":"https:\/\/moreiramenezes.com.br\/wp-content\/uploads\/2026\/04\/Evento_Site.jpg","type":"image\/jpeg"}],"author":"Andreia Moore","twitter_card":"summary_large_image","twitter_misc":{"Written by":"Andreia Moore","Est. reading time":"1 minute"},"schema":{"@context":"https:\/\/schema.org","@graph":[{"@type":"Article","@id":"https:\/\/moreiramenezes.com.br\/3o-congresso-brasileiro-de-direito-do-mercado-de-capitais\/#article","isPartOf":{"@id":"https:\/\/moreiramenezes.com.br\/3o-congresso-brasileiro-de-direito-do-mercado-de-capitais\/"},"author":{"name":"Andreia Moore","@id":"https:\/\/moreiramenezes.com.br\/#\/schema\/person\/58e00d848e1f8fefad53cb236b24c277"},"headline":"3\u00ba Congresso Brasileiro de Direito do Mercado de Capitais","datePublished":"2026-04-17T17:49:41+00:00","dateModified":"2026-04-17T17:55:50+00:00","mainEntityOfPage":{"@id":"https:\/\/moreiramenezes.com.br\/3o-congresso-brasileiro-de-direito-do-mercado-de-capitais\/"},"wordCount":75,"image":{"@id":"https:\/\/moreiramenezes.com.br\/3o-congresso-brasileiro-de-direito-do-mercado-de-capitais\/#primaryimage"},"thumbnailUrl":"https:\/\/moreiramenezes.com.br\/wp-content\/uploads\/2026\/04\/Evento_Site.jpg","articleSection":["Not\u00edcias"],"inLanguage":"en-US"},{"@type":"WebPage","@id":"https:\/\/moreiramenezes.com.br\/3o-congresso-brasileiro-de-direito-do-mercado-de-capitais\/","url":"https:\/\/moreiramenezes.com.br\/3o-congresso-brasileiro-de-direito-do-mercado-de-capitais\/","name":"3\u00ba Congresso Brasileiro de Direito do Mercado de Capitais - Moreira Menezes Martins","isPartOf":{"@id":"https:\/\/moreiramenezes.com.br\/#website"},"primaryImageOfPage":{"@id":"https:\/\/moreiramenezes.com.br\/3o-congresso-brasileiro-de-direito-do-mercado-de-capitais\/#primaryimage"},"image":{"@id":"https:\/\/moreiramenezes.com.br\/3o-congresso-brasileiro-de-direito-do-mercado-de-capitais\/#primaryimage"},"thumbnailUrl":"https:\/\/moreiramenezes.com.br\/wp-content\/uploads\/2026\/04\/Evento_Site.jpg","datePublished":"2026-04-17T17:49:41+00:00","dateModified":"2026-04-17T17:55:50+00:00","author":{"@id":"https:\/\/moreiramenezes.com.br\/#\/schema\/person\/58e00d848e1f8fefad53cb236b24c277"},"breadcrumb":{"@id":"https:\/\/moreiramenezes.com.br\/3o-congresso-brasileiro-de-direito-do-mercado-de-capitais\/#breadcrumb"},"inLanguage":"en-US","potentialAction":[{"@type":"ReadAction","target":["https:\/\/moreiramenezes.com.br\/3o-congresso-brasileiro-de-direito-do-mercado-de-capitais\/"]}]},{"@type":"ImageObject","inLanguage":"en-US","@id":"https:\/\/moreiramenezes.com.br\/3o-congresso-brasileiro-de-direito-do-mercado-de-capitais\/#primaryimage","url":"https:\/\/moreiramenezes.com.br\/wp-content\/uploads\/2026\/04\/Evento_Site.jpg","contentUrl":"https:\/\/moreiramenezes.com.br\/wp-content\/uploads\/2026\/04\/Evento_Site.jpg","width":1080,"height":1080},{"@type":"BreadcrumbList","@id":"https:\/\/moreiramenezes.com.br\/3o-congresso-brasileiro-de-direito-do-mercado-de-capitais\/#breadcrumb","itemListElement":[{"@type":"ListItem","position":1,"name":"In\u00edcio","item":"https:\/\/moreiramenezes.com.br\/"},{"@type":"ListItem","position":2,"name":"Not\u00edcias","item":"https:\/\/moreiramenezes.com.br\/categorias\/noticias\/"},{"@type":"ListItem","position":3,"name":"3\u00ba Congresso Brasileiro de Direito do Mercado de Capitais"}]},{"@type":"WebSite","@id":"https:\/\/moreiramenezes.com.br\/#website","url":"https:\/\/moreiramenezes.com.br\/","name":"Moreira Menezes Martins","description":"Moreira Menezes Martins - Advogados","potentialAction":[{"@type":"SearchAction","target":{"@type":"EntryPoint","urlTemplate":"https:\/\/moreiramenezes.com.br\/?s={search_term_string}"},"query-input":{"@type":"PropertyValueSpecification","valueRequired":true,"valueName":"search_term_string"}}],"inLanguage":"en-US"},{"@type":"Person","@id":"https:\/\/moreiramenezes.com.br\/#\/schema\/person\/58e00d848e1f8fefad53cb236b24c277","name":"Andreia Moore","image":{"@type":"ImageObject","inLanguage":"en-US","@id":"https:\/\/moreiramenezes.com.br\/#\/schema\/person\/image\/","url":"https:\/\/secure.gravatar.com\/avatar\/6751999e4e27a468acf0431b4c2903a0973ddd89faf3dd61dd6f85bae96afe2b?s=96&d=mm&r=g","contentUrl":"https:\/\/secure.gravatar.com\/avatar\/6751999e4e27a468acf0431b4c2903a0973ddd89faf3dd61dd6f85bae96afe2b?s=96&d=mm&r=g","caption":"Andreia Moore"},"url":"https:\/\/moreiramenezes.com.br\/en\/author\/andreia\/"}]}},"_links":{"self":[{"href":"https:\/\/moreiramenezes.com.br\/en\/wp-json\/wp\/v2\/posts\/10092","targetHints":{"allow":["GET"]}}],"collection":[{"href":"https:\/\/moreiramenezes.com.br\/en\/wp-json\/wp\/v2\/posts"}],"about":[{"href":"https:\/\/moreiramenezes.com.br\/en\/wp-json\/wp\/v2\/types\/post"}],"author":[{"embeddable":true,"href":"https:\/\/moreiramenezes.com.br\/en\/wp-json\/wp\/v2\/users\/5"}],"replies":[{"embeddable":true,"href":"https:\/\/moreiramenezes.com.br\/en\/wp-json\/wp\/v2\/comments?post=10092"}],"version-history":[{"count":5,"href":"https:\/\/moreiramenezes.com.br\/en\/wp-json\/wp\/v2\/posts\/10092\/revisions"}],"predecessor-version":[{"id":10097,"href":"https:\/\/moreiramenezes.com.br\/en\/wp-json\/wp\/v2\/posts\/10092\/revisions\/10097"}],"wp:featuredmedia":[{"embeddable":true,"href":"https:\/\/moreiramenezes.com.br\/en\/wp-json\/wp\/v2\/media\/10094"}],"wp:attachment":[{"href":"https:\/\/moreiramenezes.com.br\/en\/wp-json\/wp\/v2\/media?parent=10092"}],"wp:term":[{"taxonomy":"category","embeddable":true,"href":"https:\/\/moreiramenezes.com.br\/en\/wp-json\/wp\/v2\/categories?post=10092"},{"taxonomy":"post_tag","embeddable":true,"href":"https:\/\/moreiramenezes.com.br\/en\/wp-json\/wp\/v2\/tags?post=10092"}],"curies":[{"name":"wp","href":"https:\/\/api.w.org\/{rel}","templated":true}]}}